{"id":131778,"date":"2026-01-08T06:56:07","date_gmt":"2026-01-08T06:56:07","guid":{"rendered":"https:\/\/www.europesays.com\/no\/131778\/"},"modified":"2026-01-08T06:56:07","modified_gmt":"2026-01-08T06:56:07","slug":"forsvarspolitikk-det-er-ikke-bare-forsvaret-som-skal-vaere-beredt","status":"publish","type":"post","link":"https:\/\/www.europesays.com\/no\/131778\/","title":{"rendered":"Forsvarspolitikk: Det er ikke bare Forsvaret som skal v\u00e6re beredt"},"content":{"rendered":"\n<p>Tore O. Sandvik (Ap)  Forsvarsminister <\/p>\n<p>Publisert:<br \/>\n  8. januar 2026 kl. 07:09<br \/>\n  Oppdatert:<br \/>\n  8. januar 2026 kl. 07:09\n <\/p>\n<p>Dette er et debattinnlegg. Det gir uttrykk for debattantens egen holdning.<\/p>\n<p><strong>Verden ser allerede <\/strong>annerledes ut n\u00e5 enn den gjorde i slutten av 2025. En dramatisk utvikling i<br \/>\nVenezuela, uforminsket storskala krig i Ukraina og en stadig mer anspent verdenssituasjon. Samtidig har Ukrainas allierte blitt enige om sikkerhetsgarantier for Ukraina, som statsminister St\u00f8re uttalte tirsdag. Det er gjort store framskritt. Og som regjeringen er tydelig p\u00e5 etter de amerikanske uttalelsene som har v\u00e6rt om Gr\u00f8nland: Norge stiller seg fullt og helt bak Kongeriket Danmark. Det er alvor i sikkerhetspolitikken. Med en farligere verdenssituasjon enn p\u00e5 lenge er det ekstra viktig med alliert samhold og \u00e5 bruke ressurser p\u00e5 trygghet og beredskap. Internasjonalt og nasjonalt, men ogs\u00e5 lokalt og regionalt.<\/p>\n<p>N\u00e5r vi snakker om beredskap, tenker du kanskje p\u00e5 store NATO-\u00f8velser eller avanserte<br \/>\nv\u00e5pensystemer. Men beredskap handler like mye om det som skjer i v\u00e5re lokalsamfunn. Det handler om at du og jeg vet hva vi skal gj\u00f8re hvis str\u00f8mmen forsvinner, eller at vi i nabolaget v\u00e5rt klarer \u00e5 ta vare p\u00e5 hverandre hvis noe skjer. At sykehjem, skolene, kommunene v\u00e5re og resten av sivilsamfunnet fungerer i krise og krig. Det er v\u00e5r egen bevissthet p\u00e5 hva vi kan bidra med, at ressursene finner hverandre, og forberedelsene vi gj\u00f8r n\u00e5 i dag som gj\u00f8r at vi klarer oss n\u00e5r det virkelig gjelder.<\/p>\n<p><a href=\"https:\/\/www.adressa.no\/debatt\/i\/6qjEaz\/naa-haster-det-med-ny-eu-debatt\" rel=\"nofollow noopener\" target=\"_blank\"> <img decoding=\"async\" src=\"data:image\/gif;base64,R0lGODlhEAAJAIAAAP\/\/\/wAAACH5BAEAAAAALAAAAAAQAAkAAAIKhI+py+0Po5yUFQA7\" alt=\"\"\/>   N\u00e5 haster det med ny EU-debatt  <\/a> <\/p>\n<p><strong>En farligere<\/strong> og mer uforutsigbar verden krever at Norge gj\u00f8r mer for \u00e5 ivareta b\u00e5de v\u00e5r egen<br \/>\nsikkerhet, og sikkerheten til v\u00e5re allierte. En av regjeringens viktigste oppgaver er \u00e5 raskt styrke<br \/>\nNorges forsvarsevne og motstandskraften i samfunnet v\u00e5rt. Derfor er en av v\u00e5re viktigste oppgaver \u00e5 bygge opp det norske Forsvaret, og f\u00f8lge opp Forsvarsl\u00f8ftet. Den milit\u00e6re kapasiteten skal styrkes til lands, til havs, i luften, i det digitale og ytre rom.<\/p>\n<p>Vi skal f\u00e5 Forsvaret vi har til \u00e5 virke best mulig, og kj\u00f8pe inn mer ammunisjon, flere fregatter, ub\u00e5ter og langtrekkende presisjonsv\u00e5pen. Vi \u00f8ker landstyrkene v\u00e5re fra en til tre brigader, s\u00e5 vi har flere soldater om en krise eller krig skulle ramme Norge i fremtiden, og vi planlegger tettere med v\u00e5re allierte. Vi ansetter flere, \u00f8ker antall vernepliktige, kj\u00f8per mer materiell, og vi passer p\u00e5 at utstyret vi bruker enkelt kan integreres med andre allierte sine styrker, for \u00e5 v\u00e6re mer fleksible.<br \/>\nHvorfor bruker vi s\u00e5 mye av fellesskapets penger p\u00e5 forsvar? I den sikkerhetssituasjonen vi er i, er<br \/>\nalternativet mye dyrere. Det handler i bunn og grunn om trygghet for landet v\u00e5rt. Om vi skal kunne forsvare oss i krise og krig, og ha evne og vilje til \u00e5 bruke samfunnets ressurser p\u00e5 beredskap.<\/p>\n<p><a href=\"https:\/\/www.adressa.no\/debatt\/i\/K83xqM\/naa-har-vi-grunn-til-aa-vaere-alvorlig-bekymret\" rel=\"nofollow noopener\" target=\"_blank\"> <img decoding=\"async\" src=\"data:image\/gif;base64,R0lGODlhEAAJAIAAAP\/\/\/wAAACH5BAEAAAAALAAAAAAQAAkAAAIKhI+py+0Po5yUFQA7\" alt=\"\"\/>   N\u00e5 har vi grunn til \u00e5 v\u00e6re alvorlig bekymret  <\/a> <\/p>\n<p><strong>Med erfaringene fra Ukraina<\/strong> tett p\u00e5 oss f\u00f8lger vi n\u00f8ye med p\u00e5 hvordan moderne krigf\u00f8ring utspilles i dag. Og selv om en krise eller krig sjelden er like, vet vi at det \u00e5 ha nok soldater, h\u00f8y forsvarsvilje og evne, god beredskap og utholdenhet, slagkraftige v\u00e5pen og et velfungerende logistikk-apparat betyr enormt mye for at vi skal kunne avskrekke potensielle motstandere. Det er essensen i Forsvarsl\u00f8ftet.<\/p>\n<p>N\u00e5 i 2026 markerer vi ogs\u00e5 totalforsvars\u00e5ret. Totalforsvaret handler om at alle deler av samfunnet \u2013 n\u00e6ringsliv, frivillige organisasjoner, kommuner, staten og enkeltpersoner tar ansvar for \u00e5 bidra der vi kan: Med kunnskap, ressurser, innsats i lokalsamfunnet, \u00e5rv\u00e5kenhet og ikke minst viljen til \u00e5 st\u00e5 sammen. Vi skal fortsette \u00e5 styrke b\u00e5de Forsvaret og totalforsvaret. Det er det som gj\u00f8r at vi kan lykkes med \u00e5 trygge Norge og styrke Forsvaret, selv i en usikker tid.<\/p>\n<p><strong>Hva mener du? Send inn din tekst til\u00a0<a href=\"https:\/\/www.adressa.no\/debatt\/i\/JOoVJb\/mailto:debatt@adresseavisen.no\" rel=\"noopener nofollow\" target=\"_blank\">debatt@adresseavisen.no<\/a>\u00a0<\/strong>eller delta i debatten i kommentarfeltet nederst \u2013 og husk fullt navn!<\/p>\n","protected":false},"excerpt":{"rendered":"Tore O. Sandvik (Ap) Forsvarsminister Publisert: 8. januar 2026 kl. 07:09 Oppdatert: 8. januar 2026 kl. 07:09 Dette&hellip;\n","protected":false},"author":2,"featured_media":131779,"comment_status":"","ping_status":"","sticky":false,"template":"","format":"standard","meta":{"footnotes":""},"categories":[10],"tags":[3851,20,21,37,24,25,226,2112,15,474,7245,22,23,233,13,30,28,29,14,16,4800,26,27,1566,489,95],"class_list":{"0":"post-131778","1":"post","2":"type-post","3":"status-publish","4":"format-standard","5":"has-post-thumbnail","7":"category-norge","8":"tag-beredskap","9":"tag-breaking-news","10":"tag-breakingnews","11":"tag-debatt","12":"tag-featured-news","13":"tag-featurednews","14":"tag-forsvar","15":"tag-gronland","16":"tag-headlines","17":"tag-krig","18":"tag-krise","19":"tag-latest-news","20":"tag-latestnews","21":"tag-nato","22":"tag-news","23":"tag-no","24":"tag-norge","25":"tag-norway","26":"tag-nyheter","27":"tag-overskrifter","28":"tag-sikkerhetspolitikk","29":"tag-top-stories","30":"tag-topstories","31":"tag-tore-o-sandvik","32":"tag-ukraina","33":"tag-venezuela"},"share_on_mastodon":{"url":"https:\/\/pubeurope.com\/@no\/115858177058675150","error":""},"_links":{"self":[{"href":"https:\/\/www.europesays.com\/no\/wp-json\/wp\/v2\/posts\/131778","targetHints":{"allow":["GET"]}}],"collection":[{"href":"https:\/\/www.europesays.com\/no\/wp-json\/wp\/v2\/posts"}],"about":[{"href":"https:\/\/www.europesays.com\/no\/wp-json\/wp\/v2\/types\/post"}],"author":[{"embeddable":true,"href":"https:\/\/www.europesays.com\/no\/wp-json\/wp\/v2\/users\/2"}],"replies":[{"embeddable":true,"href":"https:\/\/www.europesays.com\/no\/wp-json\/wp\/v2\/comments?post=131778"}],"version-history":[{"count":0,"href":"https:\/\/www.europesays.com\/no\/wp-json\/wp\/v2\/posts\/131778\/revisions"}],"wp:featuredmedia":[{"embeddable":true,"href":"https:\/\/www.europesays.com\/no\/wp-json\/wp\/v2\/media\/131779"}],"wp:attachment":[{"href":"https:\/\/www.europesays.com\/no\/wp-json\/wp\/v2\/media?parent=131778"}],"wp:term":[{"taxonomy":"category","embeddable":true,"href":"https:\/\/www.europesays.com\/no\/wp-json\/wp\/v2\/categories?post=131778"},{"taxonomy":"post_tag","embeddable":true,"href":"https:\/\/www.europesays.com\/no\/wp-json\/wp\/v2\/tags?post=131778"}],"curies":[{"name":"wp","href":"https:\/\/api.w.org\/{rel}","templated":true}]}}