{"id":131780,"date":"2026-01-08T06:57:10","date_gmt":"2026-01-08T06:57:10","guid":{"rendered":"https:\/\/www.europesays.com\/no\/131780\/"},"modified":"2026-01-08T06:57:10","modified_gmt":"2026-01-08T06:57:10","slug":"disse-skal-lede-arets-melodi-grand-prix","status":"publish","type":"post","link":"https:\/\/www.europesays.com\/no\/131780\/","title":{"rendered":"Disse skal lede \u00e5rets Melodi Grand Prix"},"content":{"rendered":"\n<p class=\"_lead_o9xde_2 _lead_xtcu6_50 layout-component text-serif-m layout-normal text-serif-l layout-component layout-wide layout-padded _wide_17hqh_1 layout-padded\">Ronny Brede Aase vender tilbake til Melodi Grand Prix og skal lede finalen sammen med Marte Stokstad og Markus Neby.<\/p>\n<p><img alt=\"Markus Medby, Marte Stokstad og Ronny Brede Aase. Foto: Julia Marie Naglestad \/ NRK\" class=\"_image_qp4xg_65 layout-component layout-wide\" data-fullscreen- data-track-element-type=\"Article image fullscreen\" data-track-name=\"ImageFullscreen\" fetchpriority=\"high\" decoding=\"sync\" loading=\"eager\" height=\"4918\" itemprop=\"image\"  src=\"https:\/\/www.europesays.com\/no\/wp-content\/uploads\/2026\/01\/e01d6ff1-3f5d-4f40-8e61-df2c3d4675dc.png\"  style=\"object-position:0% 0%\" width=\"7373\"\/>Markus Medby, Marte Stokstad og Ronny Brede Aase. Foto: Julia Marie Naglestad \/ NRK<\/p>\n<ul aria-hidden=\"true\" class=\"_images_ntbth_112\">\n<li><a class=\"_link_ntbth_117\" href=\"https:\/\/www.vg.no\/forfatter\/hanne-kretuz-hansen\" style=\"z-index:1\" title=\"Hanne Kreutz-Hansen\" rel=\"nofollow noopener\" target=\"_blank\"><img alt=\"Bilde av Hanne Kreutz-Hansen\" class=\"_image_ntbth_93\" fetchpriority=\"low\" loading=\"lazy\" decoding=\"async\" itemprop=\"image\"  src=\"https:\/\/www.europesays.com\/no\/wp-content\/uploads\/2026\/01\/1767855428_167_91499188-43f5-43fa-b038-5716eac94ffb.jpeg\"  width=\"480\"\/><\/a><\/li>\n<\/ul>\n<p> Oppdatert torsdag 8. januar kl. 07:54    <\/p>\n<ul class=\"_list_o9xde_3 _list_64s2r_85 _unordered_o9xde_106 text-sans-m\">\n<li class=\"_item_o9xde_30\">Ronny Brede Aase vender tilbake som programleder for Melodi Grand Prix-finalen.<\/li>\n<li class=\"_item_o9xde_30\">Sammen med Marte Stokstad og Markus Neby skal han lede MGP p\u00e5 Lillehammer.<\/li>\n<li class=\"_item_o9xde_30\">Aase ledet MGP i 2020 og 2021, og gleder seg n\u00e5 til \u00e5 oppleve den magiske MGP-stemningen igjen.<\/li>\n<li class=\"_item_o9xde_30\">Marte Stokstad roser Aase for hans evne til \u00e5 h\u00e5ndtere tekniske utfordringer.<\/li>\n<\/ul>\n<p>Vis mer <\/p>\n<p class=\"_paragraph_o9xde_4 _paragraph_xtcu6_10 layout-component text-serif-m layout-normal text-serif-m layout-padded\">Det melder NRK i en pressemelding.<\/p>\n<p class=\"_paragraph_o9xde_4 _paragraph_xtcu6_10 layout-component text-serif-m layout-normal text-serif-m layout-padded\"><a href=\"https:\/\/www.vg.no\/tag\/ronny-brede-aase?utm_source=vg-article&amp;utm_medium=auto-tagger&amp;utm_campaign=JOoKL6\" class=\"_link_o9xde_39\" rel=\"nofollow noopener\" target=\"_blank\">Ronny Brede Aase<\/a> har ledet MGP to ganger tidligere. F\u00f8rste gang i Trondheim Spektrum i 2020, og under pandemien i 2021. Begge \u00e5rene sammen med Ingrid Gjessing Linhave og K\u00e5re Magnus Bergh, melder NRK i en pressemelding.<\/p>\n<p class=\"_paragraph_o9xde_4 _paragraph_xtcu6_10 layout-component text-serif-m layout-normal text-serif-m layout-padded\">\u2013 Jeg gleder meg veldig til \u00e5 dykke inn i det magiske MGP-universet igjen, sier Ronny Brede Aase.<\/p>\n<p class=\"_paragraph_o9xde_4 _paragraph_xtcu6_10 layout-component text-serif-m layout-normal text-serif-m layout-padded\">Det er noen \u00e5r siden sist, og til tross for at det var stemmeskandale i 2020 og maksimal covid-nedstenging i 2021, st\u00e5r det igjen som veldig fine opplevelser i livet. Fordi dette er landets st\u00f8rste musikkonkurranse, som engasjerer og beveger. Og s\u00e5 er det veldig fine folk som jobber med MGP, s\u00e5 den gjengen har jeg s\u00e5 lyst til \u00e5 oppleve folkefesten p\u00e5 Lillehammer med! Og s\u00e5 er det jo veldig stas \u00e5 f\u00e5 jobbe med Markus og Marte da, sier han videre i pressemeldingen.<\/p>\n<p><img alt=\"Kommentator Marte Stokstad p\u00e5 pressem\u00f8tet med den norske Eurovision-delegasjonen i mars i fjor.  Foto: Javad Parsa \/ NTB\" class=\"_image_qp4xg_65 layout-component layout-normal\" data-fullscreen- data-track-element-type=\"Article image fullscreen\" data-track-name=\"ImageFullscreen\" decoding=\"async\" loading=\"lazy\" height=\"3643\" itemprop=\"image\"  src=\"https:\/\/www.europesays.com\/no\/wp-content\/uploads\/2026\/01\/25ae0037-0f69-4cef-a7b0-3992c6abc263.png\"  style=\"object-position:0% 0%\" width=\"5465\"\/>Kommentator Marte Stokstad p\u00e5 pressem\u00f8tet med den norske Eurovision-delegasjonen i mars i fjor.  Foto: Javad Parsa \/ NTB<\/p>\n<p class=\"_paragraph_o9xde_4 _paragraph_xtcu6_10 layout-component text-serif-m layout-normal text-serif-m layout-padded\">Marte Stokstad og Markus Neby ledet ogs\u00e5 MGP-finalen i fjor.<\/p>\n<p class=\"_paragraph_o9xde_4 _paragraph_xtcu6_10 layout-component text-serif-m layout-normal text-serif-m layout-padded\">Marte er veldig glad for \u00e5 ha Ronny tilbake i MGP:<\/p>\n<p class=\"_paragraph_o9xde_4 _paragraph_xtcu6_10 layout-component text-serif-m layout-normal text-serif-m layout-padded\">\u2013 Ikke bare er han en glad, varm og beroligende fyr \u00e5 v\u00e6re rundt! Det har ogs\u00e5 vist seg at entusiastiske utbrudd p\u00e5 F\u00f8rde-dialekt dekker over de fleste tekniske problemer som kan dukke opp under en livesending. <\/p>\n<p>\u2013 Trygge hender<\/p>\n<p class=\"_paragraph_o9xde_4 _paragraph_xtcu6_10 layout-component text-serif-m layout-normal text-serif-m layout-padded\">\u2013 Vi m\u00e5 aldri glemme at han holdt det g\u00e5ende i over ti minutter p\u00e5 direkten med ordf\u00f8rer og Abid Raja under stemmekaoset i 2020. S\u00e5 her er vi i trygge hender, sier Stokstad.<\/p>\n<p class=\"_paragraph_o9xde_4 _paragraph_xtcu6_10 layout-component text-serif-m layout-normal text-serif-m layout-padded\">Den f\u00f8rste opptreden for de tre programlederne denne sesongen blir under artistlanseringen p\u00e5 Marienlyst mandag 19. januar. Her skal de lede offentliggj\u00f8ringen av \u00e5rets artister som skal v\u00e6re med i den store finalen p\u00e5 Lillehammer l\u00f8rdag 28. februar. Lanseringen sendes direkte i NRK TV og p\u00e5 NRK1 kl 12.00.<\/p>\n<p class=\"_paragraph_o9xde_4 _paragraph_xtcu6_10 layout-component text-serif-m layout-normal text-serif-m layout-padded\">Det har v\u00e6rt mye drama rundt den internasjoanle sangkonkurransen Eurovision.<\/p>\n<p class=\"_paragraph_o9xde_4 _paragraph_xtcu6_10 layout-component text-serif-m layout-normal text-serif-m layout-padded\">F\u00f8r jul ble dte klart at Israel f\u00e5r delta i Eurovision Song Contest 2026 etter nye tiltak fra arrang\u00f8r EBU. Det har f\u00f8rt til reaksjoner i Europa. Flere land har<a href=\"https:\/\/www.vg.no\/rampelys\/i\/xrR4aQ\/eurovision-boikotten-flere-land-trekker-seg\" data-track-element-type=\"Link\" data-track-id=\"link:xrR4aQ\" class=\"_link_o9xde_39\" rel=\"nofollow noopener\" target=\"_blank\"> trukket seg<\/a>.<\/p>\n<p class=\"_paragraph_o9xde_4 _paragraph_xtcu6_10 layout-component text-serif-m layout-normal text-serif-m layout-padded\">I et intervju med <a href=\"https:\/\/www.vg.no\/rampelys\/i\/xrR4aQ\/eurovision-boikotten-flere-land-trekker-seg\" data-track-element-type=\"Link\" data-track-id=\"link:xrR4aQ\" class=\"_link_o9xde_39\" rel=\"nofollow noopener\" target=\"_blank\">VG<\/a> i h\u00f8st fortate Brede Aase om hvordan den alvorlige sykdommen som rammet kona Tuva Fellman (38) i 2023, om frykten og en ekstrem glede over nytt liv.<\/p>\n<p class=\"_paragraph_o9xde_4 _paragraph_xtcu6_10 layout-component text-serif-m layout-normal text-serif-m layout-padded\">Paret fortalte ogs\u00e5 at det p\u00e5 ny\u00e5ret kommer en serie p\u00e5 NRK om kjendisparet n\u00e5r de reiser til Hellas og gj\u00f8r dr\u00f8mmen om \u00e5 \u00e5pne et lite hotell.<\/p>\n<p>    <img decoding=\"async\" alt=\"Tips oss illustrasjon\" src=\"https:\/\/www.europesays.com\/no\/wp-content\/uploads\/2025\/10\/pssst-small.webp.webp\"\/>    <\/p>\n<p class=\"title-serif-s\">Har du tips?<\/p>\n<p class=\"text-sans-m\">Send oss informasjon, bilder eller video.<\/p>\n<p>  <a href=\"https:\/\/www.vg.no\/tips-oss\" rel=\"nofollow noopener\" target=\"_blank\"> Tips oss <\/a>      <\/p>\n","protected":false},"excerpt":{"rendered":"Ronny Brede Aase vender tilbake til Melodi Grand Prix og skal lede finalen sammen med Marte Stokstad og&hellip;\n","protected":false},"author":2,"featured_media":131781,"comment_status":"","ping_status":"","sticky":false,"template":"","format":"standard","meta":{"footnotes":""},"categories":[5],"tags":[31,20,21,24,25,15,19,22,23,17,18,15270,11983,13,30,28,29,14,16,13277,26,27],"class_list":{"0":"post-131780","1":"post","2":"type-post","3":"status-publish","4":"format-standard","5":"has-post-thumbnail","7":"category-overskrifter","8":"tag-breaking","9":"tag-breaking-news","10":"tag-breakingnews","11":"tag-featured-news","12":"tag-featurednews","13":"tag-headlines","14":"tag-hovedoppslag","15":"tag-latest-news","16":"tag-latestnews","17":"tag-main-news","18":"tag-mainnews","19":"tag-marte-stokstad","20":"tag-melodi-grand-prix","21":"tag-news","22":"tag-no","23":"tag-norge","24":"tag-norway","25":"tag-nyheter","26":"tag-overskrifter","27":"tag-ronny-brede-aase","28":"tag-top-stories","29":"tag-topstories"},"share_on_mastodon":{"url":"https:\/\/pubeurope.com\/@no\/115858180859753668","error":""},"_links":{"self":[{"href":"https:\/\/www.europesays.com\/no\/wp-json\/wp\/v2\/posts\/131780","targetHints":{"allow":["GET"]}}],"collection":[{"href":"https:\/\/www.europesays.com\/no\/wp-json\/wp\/v2\/posts"}],"about":[{"href":"https:\/\/www.europesays.com\/no\/wp-json\/wp\/v2\/types\/post"}],"author":[{"embeddable":true,"href":"https:\/\/www.europesays.com\/no\/wp-json\/wp\/v2\/users\/2"}],"replies":[{"embeddable":true,"href":"https:\/\/www.europesays.com\/no\/wp-json\/wp\/v2\/comments?post=131780"}],"version-history":[{"count":0,"href":"https:\/\/www.europesays.com\/no\/wp-json\/wp\/v2\/posts\/131780\/revisions"}],"wp:featuredmedia":[{"embeddable":true,"href":"https:\/\/www.europesays.com\/no\/wp-json\/wp\/v2\/media\/131781"}],"wp:attachment":[{"href":"https:\/\/www.europesays.com\/no\/wp-json\/wp\/v2\/media?parent=131780"}],"wp:term":[{"taxonomy":"category","embeddable":true,"href":"https:\/\/www.europesays.com\/no\/wp-json\/wp\/v2\/categories?post=131780"},{"taxonomy":"post_tag","embeddable":true,"href":"https:\/\/www.europesays.com\/no\/wp-json\/wp\/v2\/tags?post=131780"}],"curies":[{"name":"wp","href":"https:\/\/api.w.org\/{rel}","templated":true}]}}