{"id":131782,"date":"2026-01-08T06:59:09","date_gmt":"2026-01-08T06:59:09","guid":{"rendered":"https:\/\/www.europesays.com\/no\/131782\/"},"modified":"2026-01-08T06:59:09","modified_gmt":"2026-01-08T06:59:09","slug":"godt-ar-for-kinoen-i-kongsvinger-jeg-haper-det-blir-enda-bedre-i-ar-glamdalen","status":"publish","type":"post","link":"https:\/\/www.europesays.com\/no\/131782\/","title":{"rendered":"Godt \u00e5r for kinoen i Kongsvinger: \u2013 Jeg h\u00e5per det blir enda bedre i \u00e5r &#8211; Gl\u00e5mdalen"},"content":{"rendered":"<ol>\n<li><a href=\"https:\/\/news.google.com\/rss\/articles\/CBMiqwFBVV95cUxOX1JqRmFyNDRGMXF4VUJLSlhESW1PQXdodkF5NlZWbjFHeUNwb0FEeV9YQVhvaThOOV93dGpUYmYyN3lFV2FTU3N6Z1U5dFNLNm1IVWlCSkxOU2pHQktRTktqSnhPbkZpV3BTT3lVb3ZfcXF3NzJ4Rk5kUENoSTE3MVZPNXYzTndBeG1QZGs0NDVtM0R0VUwyWi15OFVMREE3TW5JaktEZUVueTA?oc=5\" target=\"_blank\" rel=\"nofollow noopener\">Godt \u00e5r for kinoen i Kongsvinger: \u2013 Jeg h\u00e5per det blir enda bedre i \u00e5r<\/a>&nbsp;&nbsp;Gl\u00e5mdalen<\/li>\n<li><a href=\"https:\/\/news.google.com\/rss\/articles\/CBMilgFBVV95cUxNZE4zWjlza1pyTzV5NnJscW1ZaEM0NjVhV0JIRGxhbTdkdDFuSUpldFRQQjBTTG1QSy1TQzFOTDlNZGJjRFpHOEUwTnk5ckpxa1B0eHZMTURFMC1WU0Uxc1BqRVdnUjJOTXJ5N3d0LTZydFFCN1FGSjNDS0hGYTVRTnk0VkxjMGZUdVFhOTJRT3ZER0NrQWc?oc=5\" target=\"_blank\" rel=\"nofollow noopener\">Slik gjekk fjor\u00e5ret: \u2013 Trur det var eit riktig val \u00e5 ta<\/a>&nbsp;&nbsp;nyss.no<\/li>\n<li><a href=\"https:\/\/news.google.com\/rss\/articles\/CBMieEFVX3lxTE8wMjRhN1VwSGFRUVpEVWlIb3dkQ2ZaWXVKTENlUjRraU8xYUxJZk5yUTV4Q3pGbTBwSVRPRFVpeUdRMHFPT0kyNXdicEF4V05GWkRnS1hrYzFkV2pJeWZwaU1LRTQ3RURJZlNTMUgwUW1oYWMwbVFLdQ?oc=5\" target=\"_blank\" rel=\"nofollow noopener\">Kultur &amp; underholdning, Nordisk Film Kino Sarpsborg | Mange gikk i fella p\u00e5 Sarpsborg kino<\/a>&nbsp;&nbsp;Sarpsborg Arbeiderblad<\/li>\n<li><a href=\"https:\/\/news.google.com\/rss\/articles\/CBMipwFBVV95cUxNRkpqZThLQ0FzdU5WMTRuOW9zb3oxQU5TakFjS3N3ZnAtZi1xVFJab2ltWUFEMlNuV2JqYzN4ZTA0Q3FyU2FYemlfdkVndHo0XzdqOVQwcXQ0VU54bWZBX0RRSkthUXEtcndRX0pwRXZNVVBydlQ1TF9xMTB3XzFnREI5UWpfdXVUT01Jb3VFbGtwY25VS1lfYWdlbFI4VEEwdi1iSDlNSQ?oc=5\" target=\"_blank\" rel=\"nofollow noopener\">\u00c9n film p\u00e5 Melhus kino fikk null bes\u00f8kende: \u2013 Usikker p\u00e5 hvorfor den ikke slo til<\/a>&nbsp;&nbsp;tronderbladet.no<\/li>\n<li><a href=\"https:\/\/news.google.com\/rss\/articles\/CBMingFBVV95cUxNelVWRzU0Mk02Q1MzeGlMR3EyWmo3V0dKLThUVWh6NFBLUXdlajlydENPOUYtTF9Oc0l3RkVSa1Fab2lDZGhrdzRRQkNhOGQwOWxDM0RPTnJYa1V1VDQ4SmdKQlB6SGVSbXJ0LTUyNzBlS1pzWXBtWF85YlFhRmh6QUZuVEF0Zzg3ZTN2SHVRb2NNcS1fWkJNRlN1Q2UxUQ?oc=5\" target=\"_blank\" rel=\"nofollow noopener\">Har hatt nesten 80.000 innom: \u2013 Vi er godt forn\u00f8yde med \u00e5ret<\/a>&nbsp;&nbsp;Moss Avis<\/li>\n<\/ol>\n","protected":false},"excerpt":{"rendered":"Godt \u00e5r for kinoen i Kongsvinger: \u2013 Jeg h\u00e5per det blir enda bedre i \u00e5r&nbsp;&nbsp;Gl\u00e5mdalen Slik gjekk fjor\u00e5ret:&hellip;\n","protected":false},"author":2,"featured_media":131783,"comment_status":"","ping_status":"","sticky":false,"template":"","format":"standard","meta":{"footnotes":""},"categories":[58],"tags":[71,30,28,29,72],"class_list":{"0":"post-131782","1":"post","2":"type-post","3":"status-publish","4":"format-standard","5":"has-post-thumbnail","7":"category-underholdning","8":"tag-entertainment","9":"tag-no","10":"tag-norge","11":"tag-norway","12":"tag-underholdning"},"share_on_mastodon":{"url":"https:\/\/pubeurope.com\/@no\/115858188723224231","error":""},"_links":{"self":[{"href":"https:\/\/www.europesays.com\/no\/wp-json\/wp\/v2\/posts\/131782","targetHints":{"allow":["GET"]}}],"collection":[{"href":"https:\/\/www.europesays.com\/no\/wp-json\/wp\/v2\/posts"}],"about":[{"href":"https:\/\/www.europesays.com\/no\/wp-json\/wp\/v2\/types\/post"}],"author":[{"embeddable":true,"href":"https:\/\/www.europesays.com\/no\/wp-json\/wp\/v2\/users\/2"}],"replies":[{"embeddable":true,"href":"https:\/\/www.europesays.com\/no\/wp-json\/wp\/v2\/comments?post=131782"}],"version-history":[{"count":0,"href":"https:\/\/www.europesays.com\/no\/wp-json\/wp\/v2\/posts\/131782\/revisions"}],"wp:featuredmedia":[{"embeddable":true,"href":"https:\/\/www.europesays.com\/no\/wp-json\/wp\/v2\/media\/131783"}],"wp:attachment":[{"href":"https:\/\/www.europesays.com\/no\/wp-json\/wp\/v2\/media?parent=131782"}],"wp:term":[{"taxonomy":"category","embeddable":true,"href":"https:\/\/www.europesays.com\/no\/wp-json\/wp\/v2\/categories?post=131782"},{"taxonomy":"post_tag","embeddable":true,"href":"https:\/\/www.europesays.com\/no\/wp-json\/wp\/v2\/tags?post=131782"}],"curies":[{"name":"wp","href":"https:\/\/api.w.org\/{rel}","templated":true}]}}