{"id":131785,"date":"2026-01-08T07:02:07","date_gmt":"2026-01-08T07:02:07","guid":{"rendered":"https:\/\/www.europesays.com\/no\/131785\/"},"modified":"2026-01-08T07:02:07","modified_gmt":"2026-01-08T07:02:07","slug":"integrerings-fiasko-78-prosent-pa-velferd-etter-ti-ar","status":"publish","type":"post","link":"https:\/\/www.europesays.com\/no\/131785\/","title":{"rendered":"Integrerings-fiasko \u2013 78 prosent p\u00e5 velferd etter ti \u00e5r"},"content":{"rendered":"<p><strong>Kongressh\u00f8ring avsl\u00f8rer omfattende integreringsutfordringer og svindelproblematikk i delstaten \u2013 Demokratene kjente til problemet i over et ti\u00e5r.<\/strong><\/p>\n<p>Tallene som kom frem under onsdagens <a href=\"https:\/\/youtu.be\/BGj0MGwjK18\" rel=\"nofollow noopener\" target=\"_blank\">kongressh\u00f8ring<\/a> om velferdssvindel i Minnesota tegner et sv\u00e6rt alarmerende bilde av integrering og velferdsmisbruk i delstaten.<\/p>\n<p>Under en intens utsp\u00f8rring fra kongressmedlem Brandon Gill (Texas) kom det frem sjokkerende statistikk om det somaliske milj\u00f8et i Minnesota som vitnet Jaylani Hussein, en demokratisk st\u00f8ttespiller, ikke var i stand til \u00e5 tilbakevise.<\/p>\n<p>Gill konfronterte Hussein, som hadde hevdet at storskala somalisk innvandring gj\u00f8r Minnesota sterkere, med f\u00f8lgende tall:<\/p>\n<ul class=\"wp-block-list\">\n<li>54 prosent av somalisk-ledede husholdninger i Minnesota mottar matmerker (SNAP). Til sammenligning er tallet for innf\u00f8dte Minnesota-husholdninger kun 7 prosent.<\/li>\n<li>73 prosent av somalisk-ledede husholdninger er p\u00e5 Medicaid. For innf\u00f8dte husholdninger er tallet 18 prosent.<\/li>\n<li>81 prosent av somalisk-ledede husholdninger mottar en eller annen form for velferdsst\u00f8tte.<\/li>\n<\/ul>\n<p><strong>78 prosent fortsatt p\u00e5 velferd etter ti \u00e5r<\/strong><\/p>\n<p>Kanskje det mest alarmerende tallet som kom frem: Selv etter ti \u00e5r i USA er hele 78 prosent av somaliske innvandrerhusholdninger fortsatt avhengige av velferdsst\u00f8tte.<\/p>\n<p>I tillegg viste Gill til at kun omtrent halvparten av arbeidsf\u00f8re somaliere som har v\u00e6rt i USA i ti \u00e5r eller mer snakker engelsk meget godt.<\/p>\n<p>\u2013 H\u00f8res ikke dette ut som noe som gj\u00f8r landet v\u00e5rt sterkere, sa Gill retorisk. \u2013 Jeg tror de fleste amerikanere ville v\u00e6re enige med meg i det.<\/p>\n<p><strong>Visste om svindelen siden 2009<\/strong><\/p>\n<p>Vitnet Laura Robbins, som har jobbet med \u00e5 avdekke svindel i Minnesota, bekreftet at det har v\u00e6rt rapporter om omfattende velferdssvindel siden 2009, med konkrete rapporter om barneomsorgssvindel fra 2011 til 2013.<\/p>\n<p>\u2013 Over et ti\u00e5r alts\u00e5? spurte Gill.<\/p>\n<p>\u2013 Ja, herr kongressmedlem, svarte Robbins.<\/p>\n<p>P\u00e5 sp\u00f8rsm\u00e5l om n\u00e5r guvern\u00f8r Tim Walz kjente til svindelen, var Robbins klar:<\/p>\n<p>\u2013 Fra begynnelsen. Han stilte til valg som guvern\u00f8r i 2018 da det p\u00e5gikk straffesaker, da det kom rapporter fra revisjonskontoret, og aktive saker var i nyhetene hele tiden.<\/p>\n<p><strong>Politisk insentiv til \u00e5 tie<\/strong><\/p>\n<p>Under h\u00f8ringen kom det ogs\u00e5 frem p\u00e5stander om at det var et klart politisk insentiv for Demokratene til \u00e5 se bort fra svindelen.<\/p>\n<p>Vitnet Scott Hudson bekreftet at den somaliske befolkningen stemmer overveldende p\u00e5 Demokratene og donerer til demokratiske kandidater.<\/p>\n<p>\u2013 Tror du det ville ha skadet Demokratenes politiske posisjon blant den somaliske befolkningen \u00e5 etterforske denne svindelen? spurte Gill.<\/p>\n<p>\u2013 Helt klart, svarte Hudson.<\/p>\n<p>Alle tre vitnene \u2013 Robbins, Hudson og Amir Malik \u2013 bekreftet under ed at de mener Walz-administrasjonen og Demokratene med vilje s\u00e5 bort fra svindelen av politiske grunner.<\/p>\n<p><strong>Svekket beskyttelse<\/strong><\/p>\n<p>Robbins forklarte at varslere har rapportert at Minnesota Department of Human Services m\u00f8tte flere ganger med en gruppe kalt Minnesota Minority Child Care Association, og at de fors\u00f8kte \u00e5 svekke beskyttelsestiltak mot svindel.<\/p>\n<p>\u2013 Vi hadde flere endringer vi \u00f8nsket \u00e5 gjennomf\u00f8re, og de motarbeidet dem alle, sa Robbins.<\/p>\n<p><strong>Hussein fikk ikke svare<\/strong><\/p>\n<p>Det demokratiske vitnet Jaylani Hussein fors\u00f8kte gjentatte ganger \u00e5 f\u00e5 svare p\u00e5 sp\u00f8rsm\u00e5lene og nyansere tallene, men ble avbrutt av Gill som ville komme videre med utsp\u00f8rringen.<\/p>\n<p>Hussein argumenterte for at majoriteten av somaliere i Minnesota er f\u00f8dt i USA og er \u00ablike mye fra Minnesota som noen av oss\u00bb, med henvisning til at kun 8000 av 108.000 somaliere i delstaten er f\u00f8rstegenerasjons innvandrere.<\/p>\n<p>H\u00f8ringen fortsatte med flere vitnem\u00e5l om den omfattende svindelen som skal ha kostet Minnesota-skattebetalerne enorme summer.<\/p>\n<p><strong>Republikanernes p\u00e5stander<\/strong>: De hevdet at svindel har kostet skattebetalere opptil 9 milliarder dollar, med midler brukt til luksusbiler, eiendommer i Tyrkia og Kenya, og muligens overf\u00f8ringer til terrorgrupper som al-Shabaab. De anklaget guvern\u00f8r Tim Walz og attorney general Keith Ellison (begge demokrater) for \u00e5 ha ignorert varsler, underrapportert og muligens dekket over svindelen av politiske grunner. Mange av de anklagede er fra Minnesotas somaliske samfunn.<\/p>\n<p>N\u00f8kkeltall fra h\u00f8ringen om somaliere i Minnesota:<\/p>\n<ul style=\"margin-bottom: 10px;\">\n<li><strong>54%<\/strong> mottar matmerker (SNAP) \u2013 vs 7% for innf\u00f8dte husholdninger<\/li>\n<li><strong>73%<\/strong> p\u00e5 Medicaid \u2013 vs 18% for innf\u00f8dte husholdninger<\/li>\n<li><strong>81%<\/strong> mottar en form for velferdsst\u00f8tte<\/li>\n<li><strong>78%<\/strong> fortsatt p\u00e5 velferd etter 10 \u00e5r i USA<\/li>\n<li><strong>~50%<\/strong> av arbeidsf\u00f8re somaliere (10+ \u00e5r i USA) snakker engelsk meget godt<\/li>\n<\/ul>\n<p style=\"margin-bottom: 0; font-size: 0.9em; color: #666;\">Kilde: Kongressmedlem Brandon Gill under h\u00f8ring onsdag<\/p>\n","protected":false},"excerpt":{"rendered":"Kongressh\u00f8ring avsl\u00f8rer omfattende integreringsutfordringer og svindelproblematikk i delstaten \u2013 Demokratene kjente til problemet i over et ti\u00e5r. Tallene&hellip;\n","protected":false},"author":2,"featured_media":131786,"comment_status":"","ping_status":"","sticky":false,"template":"","format":"standard","meta":{"footnotes":""},"categories":[12],"tags":[20,21,24,25,15,10654,22,23,2119,13,30,28,29,14,16,6270,26,27,50,13732,42,43,44,45],"class_list":{"0":"post-131785","1":"post","2":"type-post","3":"status-publish","4":"format-standard","5":"has-post-thumbnail","7":"category-verden","8":"tag-breaking-news","9":"tag-breakingnews","10":"tag-featured-news","11":"tag-featurednews","12":"tag-headlines","13":"tag-innvandrere","14":"tag-latest-news","15":"tag-latestnews","16":"tag-minnesota","17":"tag-news","18":"tag-no","19":"tag-norge","20":"tag-norway","21":"tag-nyheter","22":"tag-overskrifter","23":"tag-somalia","24":"tag-top-stories","25":"tag-topstories","26":"tag-usa","27":"tag-velferdssvindel","28":"tag-verden","29":"tag-world","30":"tag-world-news","31":"tag-worldnews"},"share_on_mastodon":{"url":"https:\/\/pubeurope.com\/@no\/115858200511862293","error":""},"_links":{"self":[{"href":"https:\/\/www.europesays.com\/no\/wp-json\/wp\/v2\/posts\/131785","targetHints":{"allow":["GET"]}}],"collection":[{"href":"https:\/\/www.europesays.com\/no\/wp-json\/wp\/v2\/posts"}],"about":[{"href":"https:\/\/www.europesays.com\/no\/wp-json\/wp\/v2\/types\/post"}],"author":[{"embeddable":true,"href":"https:\/\/www.europesays.com\/no\/wp-json\/wp\/v2\/users\/2"}],"replies":[{"embeddable":true,"href":"https:\/\/www.europesays.com\/no\/wp-json\/wp\/v2\/comments?post=131785"}],"version-history":[{"count":0,"href":"https:\/\/www.europesays.com\/no\/wp-json\/wp\/v2\/posts\/131785\/revisions"}],"wp:featuredmedia":[{"embeddable":true,"href":"https:\/\/www.europesays.com\/no\/wp-json\/wp\/v2\/media\/131786"}],"wp:attachment":[{"href":"https:\/\/www.europesays.com\/no\/wp-json\/wp\/v2\/media?parent=131785"}],"wp:term":[{"taxonomy":"category","embeddable":true,"href":"https:\/\/www.europesays.com\/no\/wp-json\/wp\/v2\/categories?post=131785"},{"taxonomy":"post_tag","embeddable":true,"href":"https:\/\/www.europesays.com\/no\/wp-json\/wp\/v2\/tags?post=131785"}],"curies":[{"name":"wp","href":"https:\/\/api.w.org\/{rel}","templated":true}]}}