{"id":131787,"date":"2026-01-08T07:04:08","date_gmt":"2026-01-08T07:04:08","guid":{"rendered":"https:\/\/www.europesays.com\/no\/131787\/"},"modified":"2026-01-08T07:04:08","modified_gmt":"2026-01-08T07:04:08","slug":"veivesenet-advarer-veldig-glatt-mange-steder","status":"publish","type":"post","link":"https:\/\/www.europesays.com\/no\/131787\/","title":{"rendered":"Veivesenet advarer: Veldig glatt mange steder"},"content":{"rendered":"<p class=\"extendedContent hyperion-css-eyn926\" data-test-tag=\"lead-text\">Sn\u00f8en lavet ned p\u00e5 \u00d8stlandet natt til torsdag. Veivesenet r\u00e5der folk til \u00e5 tenke p\u00e5 farten n\u00e5r de skal ut \u00e5 kj\u00f8re, for det er veldig glatt mange steder.<\/p>\n<p>Trafikk gjennom sn\u00f8v\u00e6ret p\u00e5 E6 ved Furuset i Oslo sent onsdag kveld.<\/p>\n<p>1 av 3Foto: Stian Lysberg Solum \/ NTB<\/p>\n<p>Publisert: 08.01.2026 05:49 |\u00a0Oppdatert: 08.01.2026 07:54<\/p>\n<p class=\"paywall hyperion-css-1j42uic\">\u2013 Entrepren\u00f8rene som skal m\u00e5ke sn\u00f8, har jobbet hele natten og har s\u00f8rget for at det er m\u00e5kt, sier \u00d8yvind Eik, som er trafikkoperat\u00f8r ved Veitrafikksentralen \u00d8st.<\/p>\n<p class=\"paywall hyperion-css-1j42uic\">Eik sier trafikken hittil flyter fint i Oslo-omr\u00e5det i morgentimene, men at det kan v\u00e6re glatt og at bilistene m\u00e5 kj\u00f8re etter forholdene.<\/p>\n<p class=\"paywall hyperion-css-1j42uic\">I natt sn\u00f8dde det tett i Oslo og nordover p\u00e5 E6. <\/p>\n<p class=\"paywall hyperion-css-1j42uic\">B\u00e5de der og en rekke andre steder kj\u00f8res det kontinuerlig s\u00e5kalte br\u00f8ytetog, alts\u00e5 kolonner av br\u00f8ytebiler i formasjon.<\/p>\n<p class=\"paywall hyperion-css-1j42uic\">Ogs\u00e5 nedover i \u00d8stfold og p\u00e5 E18 vest for hovedstaden har det sn\u00f8dd mye. <\/p>\n<p class=\"paywall hyperion-css-1j42uic\">\u2013 Nedb\u00f8ren for Oslo-omr\u00e5det er stort sett passert, sier Marit Berger, vakthavende meteorolog p\u00e5 Meteorologisk institutt.<\/p>\n<p><img decoding=\"async\" class=\"image-asset hyperion-css-u06ts1\" data-test-tag=\"image-asset\" src=\"https:\/\/www.europesays.com\/no\/wp-content\/uploads\/2026\/01\/29e64d79-8c38-41f6-93ae-5eb019a2b052.jpeg\"  alt=\"Det har kommet noe mindre sn\u00f8 enn f\u00f8rst ventet. Her fra Kampen i Oslo torsdag morgen.\"  loading=\"eager\" fetchpriority=\"high\" style=\"aspect-ratio:2048 \/ 1536\"\/>Det har kommet noe mindre sn\u00f8 enn f\u00f8rst ventet. Her fra Kampen i Oslo torsdag morgen. Foto: Mads St\u00f8rdal Vegstein<\/p>\n<p class=\"paywall hyperion-css-1j42uic\">\u2013 Det sn\u00f8r fortsatt i deler av Innlandet. Men det meste av nedb\u00f8ren har nok truffet vestkysten av Sverige. <\/p>\n<p>20 centimeter<\/p>\n<p class=\"paywall hyperion-css-1j42uic\">Meteorologisk institutt sendte onsdag ut <a data-test-tag=\"internal-link\" href=\"https:\/\/www.aftenposten.no\/norge\/i\/6qjbrO\/opp-mot-25-centimeter-snoe-paa-oestlandet-natt-til-torsdag\" class=\"hyperion-css-1raymq9\" rel=\"nofollow noopener\" target=\"\" aria-label=\"gult farevarsel\">gult farevarsel<\/a> om sn\u00f8, gjeldende til torsdag. Det gjelder for Telemark, Vestfold, Buskerud, Akershus, Akershus, Innlandet og \u00d8stfold.<\/p>\n<p class=\"paywall hyperion-css-1j42uic\">\u2013 Det kan komme kanskje 20 centimeter og ikke 25, som vi f\u00f8rst sa, men vi lar det gule farevarselet st\u00e5. Det sa vakthavende meteorolog Ingrid Bentsen ved Meteorologisk institutt til NTB onsdag kveld.<\/p>\n<p class=\"paywall hyperion-css-1j42uic\">Natt til torsdag var store mannskaper i sving med \u00e5 holde veien kj\u00f8rbare.<\/p>\n<p class=\"paywall hyperion-css-1j42uic\">\u2013 De har en skikkelig jobb n\u00e5, for det er ikke r\u00e5d \u00e5 holde det bart s\u00e5nn som det sn\u00f8r n\u00e5. Og n\u00e5r det er s\u00e5 kaldt, biter ikke saltet, forteller trafikkoperat\u00f8r Dovland.<\/p>\n<p class=\"paywall hyperion-css-1j42uic\">\u2013 Folk m\u00e5 kjenne sin bes\u00f8kelsestid n\u00e5r det gjelder fart. Det er veldig glatt mange steder, legger han til.<\/p>\n<p>Ruter: Beregn god tid<\/p>\n<p class=\"paywall hyperion-css-1j42uic\">Folk m\u00e5 regne med forsinkelser torsdag morgen, og det kan ogs\u00e5 skje hendelser som gir problemer i trafikken. Samtidig vil ikke trafikkoperat\u00f8r Dovland g\u00e5 s\u00e5 langt som til \u00e5 r\u00e5de folk til \u00e5 holde seg unna veiene.<\/p>\n<p class=\"paywall hyperion-css-1j42uic\"><a aria-label=\"Ruter\" class=\"default hyperion-css-1raymq9\" href=\"https:\/\/www.mynewsdesk.com\/no\/ruter\/pressreleases\/beregn-god-tid-3423874\" target=\"_blank\" rel=\"noopener nofollow noreferrer\" data-test-tag=\"external-link\">Ruter<\/a> melder at de og akt\u00f8rene i kollektivtrafikken er godt forberedt p\u00e5 sn\u00f8v\u00e6ret. De har ekstra bemanning, og de f\u00f8lger situasjonen n\u00f8ye. Samtidig vet de at vanskelige kj\u00f8reforhold kan f\u00e5 konsekvenser.<\/p>\n<p class=\"paywall hyperion-css-1j42uic\">\u2013 Dette kan p\u00e5virke kollektivtransporten, og vi anbefaler alle som skal ut \u00e5 reise, \u00e5 beregne god tid og vurdere om de kan reise utenfor rushtid, sier Eilif Swensen, leder for ekstern kommunikasjon i Ruter.<\/p>\n","protected":false},"excerpt":{"rendered":"Sn\u00f8en lavet ned p\u00e5 \u00d8stlandet natt til torsdag. Veivesenet r\u00e5der folk til \u00e5 tenke p\u00e5 farten n\u00e5r de&hellip;\n","protected":false},"author":2,"featured_media":131788,"comment_status":"","ping_status":"","sticky":false,"template":"","format":"standard","meta":{"footnotes":""},"categories":[5],"tags":[20,21,24,25,15,19,22,23,17,18,13,30,28,29,14,16,26,27],"class_list":{"0":"post-131787","1":"post","2":"type-post","3":"status-publish","4":"format-standard","5":"has-post-thumbnail","7":"category-overskrifter","8":"tag-breaking-news","9":"tag-breakingnews","10":"tag-featured-news","11":"tag-featurednews","12":"tag-headlines","13":"tag-hovedoppslag","14":"tag-latest-news","15":"tag-latestnews","16":"tag-main-news","17":"tag-mainnews","18":"tag-news","19":"tag-no","20":"tag-norge","21":"tag-norway","22":"tag-nyheter","23":"tag-overskrifter","24":"tag-top-stories","25":"tag-topstories"},"share_on_mastodon":{"url":"https:\/\/pubeurope.com\/@no\/115858208347872051","error":""},"_links":{"self":[{"href":"https:\/\/www.europesays.com\/no\/wp-json\/wp\/v2\/posts\/131787","targetHints":{"allow":["GET"]}}],"collection":[{"href":"https:\/\/www.europesays.com\/no\/wp-json\/wp\/v2\/posts"}],"about":[{"href":"https:\/\/www.europesays.com\/no\/wp-json\/wp\/v2\/types\/post"}],"author":[{"embeddable":true,"href":"https:\/\/www.europesays.com\/no\/wp-json\/wp\/v2\/users\/2"}],"replies":[{"embeddable":true,"href":"https:\/\/www.europesays.com\/no\/wp-json\/wp\/v2\/comments?post=131787"}],"version-history":[{"count":0,"href":"https:\/\/www.europesays.com\/no\/wp-json\/wp\/v2\/posts\/131787\/revisions"}],"wp:featuredmedia":[{"embeddable":true,"href":"https:\/\/www.europesays.com\/no\/wp-json\/wp\/v2\/media\/131788"}],"wp:attachment":[{"href":"https:\/\/www.europesays.com\/no\/wp-json\/wp\/v2\/media?parent=131787"}],"wp:term":[{"taxonomy":"category","embeddable":true,"href":"https:\/\/www.europesays.com\/no\/wp-json\/wp\/v2\/categories?post=131787"},{"taxonomy":"post_tag","embeddable":true,"href":"https:\/\/www.europesays.com\/no\/wp-json\/wp\/v2\/tags?post=131787"}],"curies":[{"name":"wp","href":"https:\/\/api.w.org\/{rel}","templated":true}]}}