{"id":131791,"date":"2026-01-08T07:11:15","date_gmt":"2026-01-08T07:11:15","guid":{"rendered":"https:\/\/www.europesays.com\/no\/131791\/"},"modified":"2026-01-08T07:11:15","modified_gmt":"2026-01-08T07:11:15","slug":"manchester-united-fan-vi-kan-ikke-ga-tilbake","status":"publish","type":"post","link":"https:\/\/www.europesays.com\/no\/131791\/","title":{"rendered":"Manchester United-fan: &#8211; Vi kan ikke g\u00e5 tilbake"},"content":{"rendered":"<p>    <a href=\"https:\/\/play.tv2.no\/sport\/fotball\/emirates-fa-cup-1ab7p0pe\/manchester-united-brighton-25ndqj4p?utm_source=tv2.no&amp;utm_medium=promo&amp;utm_campaign=Emirates+FA+Cup&amp;utm_term=Manchester+United+-+Brighton&amp;utm_content=www.tv2.no\/sport\/manchester-united-fan-vi-kan-ikke-ga-tilbake\/18441860\/\" rel=\"nofollow noopener\" target=\"_blank\"><\/p>\n<p>    <img class=\"image__img lazyload\" itemprop=\"image\" title=\"Foto: Martin Rickett \/ Pa Photos \/ NTB\" alt=\"Manchester United's Benjamin Sesko (right) celebrates with Patrick Dorgu after scoring their side's second goal during the Premier League match at Turf Moor, Burnley. Picture date: Wednesday January 7, 2026. Foto: Martin Rickett \/ Pa Photos \/ NTB\" width=\"978\" height=\"551\" bad-src=\"https:\/\/www.europesays.com\/no\/wp-content\/uploads\/2026\/01\/18442617.webp.jpeg\" fetchpriority=\"auto\" \/><\/p>\n<p>            S\u00f8ndag kl. 17.30: Man. Utd-Brighton<\/p>\n<p>\n                TV 2 Play\n            <\/p>\n<p>    <\/a><\/p>\n<p>22. desember 2018 ble en s\u00e5 perfekt start som mulig p\u00e5 tiden som midlertidig Manchester United-manager for Ole Gunnar Solskj\u00e6r.\u00a0<\/p>\n<p>5-1-seier over sin tidligere klubb Cardiff fikk fansen og nordmannen til \u00e5 smile om kapp.\u00a0<\/p>\n<p>        <img class=\"image__img lazyload\" itemprop=\"image\" title=\"Foto: GEOFF CADDICK \/ AFP \/ NTB\" alt=\"DR\u00d8MMEDEBUT: Solskj\u00e6r og Manchester United slo Cardiff 5\u20131 i debuten som midlertidig manager. Foto: GEOFF CADDICK \/ AFP \/ NTB\" width=\"675\" height=\"453\" bad-src=\"https:\/\/www.europesays.com\/no\/wp-content\/uploads\/2026\/01\/18441966.webp.jpeg\" fetchpriority=\"auto\" \/><\/p>\n<p>      DR\u00d8MMEDEBUT: Solskj\u00e6r og Manchester United slo Cardiff 5\u20131 i debuten som midlertidig manager.<br \/>\n         Foto: GEOFF CADDICK \/ AFP \/ NTB<\/p>\n<p>Under tre m\u00e5neder senere stod Marcus Rashford ved straffemerket i sluttminuttdrama mot PSG i Champions League.\u00a0<\/p>\n<p>P\u00e5 overtid banket den da 21 \u00e5r gamle Rashford inn 3-1-scoringen som s\u00f8rget for at Manchester United avanserte til kvartfinale p\u00e5 bortem\u00e5l etter 3\u20133 sammenlagt.<\/p>\n<p>\u2013\u00a0Det er mirakelet i Paris. Dette blir husket i mange, mange \u00e5r, i hvert fall i min karriere, sa Solskj\u00e6r den gang.\u00a0<\/p>\n<p>        <img class=\"image__img lazyload\" itemprop=\"image\" title=\"Foto: JOHN SIBLEY \/ Reuters \/ NTB\" alt=\"MIRAKELET: \u2013 Det er mirakelet i Paris, sa Solskj\u00e6r etter at Manchester United tok seg videre til kvartfinale i Champions League p\u00e5 bortem\u00e5l etter 3\u20133 sammenlagt mot PSG. Foto: JOHN SIBLEY \/ Reuters \/ NTB\" width=\"675\" height=\"527\" bad-src=\"https:\/\/www.europesays.com\/no\/wp-content\/uploads\/2026\/01\/18441983.webp.jpeg\" fetchpriority=\"auto\" \/><\/p>\n<p>      MIRAKELET: \u2013 Det er mirakelet i Paris, sa Solskj\u00e6r etter at Manchester United tok seg videre til kvartfinale i Champions League p\u00e5 bortem\u00e5l etter 3\u20133 sammenlagt mot PSG.<br \/>\n         Foto: JOHN SIBLEY \/ Reuters \/ NTB<\/p>\n<p>22 dager senere gikk Solskj\u00e6r fra \u00e5 v\u00e6re midlertidig til fast manager for Manchester United etter str\u00e5lende resultater.<\/p>\n<p>\u2013 Solskj\u00e6r gjorde lenge en veldig god jobb og fikk Manchester United til 2. og 3. plass i Premier League, samt til Europaligafinalen. Dette husker mange fans, men p\u00e5 slutten av perioden hans var det stusslig. Det gikk veldig nedover, sier TV 2s fotballekspert Erik Thorstvedt.\u00a0<\/p>\n<p>En rekke med tap, blant annet 0-5- ydmykelse for Liverpool og 1\u20134 mot Watford \u2013 som ble hans siste som manager tilbake i 2021.<\/p>\n<p>        <img class=\"image__img lazyload\" itemprop=\"image\" title=\"Foto: Martin Rickett \/ Pa Photos \/ NTB\" alt=\"NEDGANGEN: Den siste tiden f\u00f8r han etter hvert fikk sparken som Manchester United-manager, ble det flere ydmykende tap for Solskj\u00e6r. Foto: Martin Rickett \/ Pa Photos \/ NTB\" width=\"675\" height=\"486\" bad-src=\"https:\/\/www.europesays.com\/no\/wp-content\/uploads\/2026\/01\/18442022.webp.jpeg\" fetchpriority=\"auto\" \/><\/p>\n<p>      NEDGANGEN: Den siste tiden f\u00f8r han etter hvert fikk sparken som Manchester United-manager, ble det flere ydmykende tap for Solskj\u00e6r.<br \/>\n         Foto: Martin Rickett \/ Pa Photos \/ NTB<\/p>\n<p>2026 er s\u00e5 vidt kommet i gang n\u00e5r Solskj\u00e6r p\u00e5 ny blir annonsert som kandidat til \u00e5 bli ny sjef p\u00e5 Old Trafford.<\/p>\n<p>\u2013 Tar man utgangspunkt i innboksen v\u00e5r i The Athletic, s\u00e5 er folk hovedsakelig for at Solskj\u00e6r kommer tilbake. De \u00f8nsker en\u00a0\u00abfeel good\u00bb-faktor, og de fleste fokuserer p\u00e5 det som gikk bra sist, ikke det som gikk d\u00e5rlig, forteller United-journalist i The Athletic, Carl Anka til TV 2.\u00a0<\/p>\n<p>Mens noen kaster hatten over en mulig retur, er andre mer skeptiske.<\/p>\n<p>\u2013\u00a0Ole har hatt sin sjanse. Han gjorde det greit f\u00f8rste gang,<br \/>\nmen vi kan ikke g\u00e5 tilbake igjen. Vi kan ikke. Jeg tror vi vil bli latterliggjort om vi g\u00e5r tilbake til Ole.<\/p>\n<p>Det sier Manchester United-fan Frank Welch n\u00e5r TV 2 m\u00f8ter ham p\u00e5 en pub i Manchester. Han har fulgt klubben i 57 \u00e5r.<\/p>\n<p>\u2013 Er folk for romantiske n\u00e5r det kommer til Solskj\u00e6r?<\/p>\n<p>        <img class=\"image__img lazyload\" itemprop=\"image\" title=\"Foto: Lars Magnus R\u00f8ys \/ TV 2.\" alt=\"UNITED-SUPPORTER: Frank Welch har fulgt Manchester United i 57 \u00e5r. Foto: Lars Magnus R\u00f8ys \/ TV 2.\" width=\"675\" height=\"507\" bad-src=\"https:\/\/www.europesays.com\/no\/wp-content\/uploads\/2026\/01\/18442027.webp.jpeg\" fetchpriority=\"auto\" \/><\/p>\n<p>      UNITED-SUPPORTER: Frank Welch har fulgt Manchester United i 57 \u00e5r.<br \/>\n         Foto: Lars Magnus R\u00f8ys \/ TV 2.<\/p>\n<p>\u2013 Ja, definitivt.\u00a0<\/p>\n<p>\u2013 Hvorfor er han ikke riktig mann?<\/p>\n<p>\u2013\u00a0F\u00f8rste gangen synes jeg han var litt for myk, litt for medgj\u00f8rlig<br \/>\nmed for mange folk. Fin fyr, men nei. Han har ikke nok erfaring. Vi er i<br \/>\nPremier League her.<\/p>\n<p>Thorstvedt forst\u00e5r skepsisen.<\/p>\n<p>\u2013 Da jeg h\u00f8rte at Solskj\u00e6r v\u00e6r aktuell f\u00f8rste gang, trodde jeg virkelig ikke at de skulle ta steget tilbake. Derfor forst\u00e5r jeg at noen er skeptiske, sier TV 2-eksperten.<\/p>\n<p>\u2013 Det er sm\u00e5tt ironisk om de velger \u00e5 g\u00e5 tilbake til han de betalte mye penger for \u00e5 bli kvitt for fire \u00e5r siden, sier Thorstvedt.\u00a0<\/p>\n<p>        <img class=\"image__img lazyload\" itemprop=\"image\" title=\"Foto: Sorosh Sadat \/ TV 2\" alt=\"POSITIV: Erik Thorstvedt forst\u00e5r skepsisen, men tror Solskj\u00e6r kan gj\u00f8re gode ting for Manchester United p\u00e5 kort sikt. Foto: Sorosh Sadat \/ TV 2\" width=\"675\" height=\"453\" bad-src=\"https:\/\/www.europesays.com\/no\/wp-content\/uploads\/2026\/01\/17653332.webp.jpeg\" fetchpriority=\"auto\" \/><\/p>\n<p>      POSITIV: Erik Thorstvedt forst\u00e5r skepsisen, men tror Solskj\u00e6r kan gj\u00f8re gode ting for Manchester United p\u00e5 kort sikt.<br \/>\n         Foto: Sorosh Sadat \/ TV 2<\/p>\n<p>Men han har ogs\u00e5 forst\u00e5else for situasjonen.<\/p>\n<p>\u2013 Med Amorim har det bare fungert veldig d\u00e5rlig helt fra begynnelsen. Det har v\u00e6rt d\u00e5rlig stemning og mye r\u00f8r i United i det siste. Og er det en ting Solskj\u00e6r kan, er det \u00e5 l\u00f8fte stemningen, mener den tidligere Tottenham-keeperen.\u00a0<\/p>\n<p>\u2013 Han er en positiv fyr, han brenner for klubben og vil sannsynligvis gj\u00f8re en bra jobb p\u00e5 kort sikt. Og United ligger ikke s\u00e5 verst an i Premier League, s\u00e5 jeg tror Solskj\u00e6r kan ta dem til Champions League.<\/p>\n<p>Og om det virkelig skulle snu for Manchester United med Solskj\u00e6r ved roret, er Thorstvedt spent p\u00e5 hvilket utslag det f\u00e5r for fremtiden.<\/p>\n<p>        <img class=\"image__img lazyload\" itemprop=\"image\" title=\"Foto: John Walton \/ Pa Photos \/ NTB\" alt=\"NYTT EVENTYR?: Kanskje vil historien gjenta seg for Ole Gunnar Solskj\u00e6r, kanskje ikke. Foto: John Walton \/ Pa Photos \/ NTB\" width=\"675\" height=\"453\" bad-src=\"https:\/\/www.europesays.com\/no\/wp-content\/uploads\/2026\/01\/18442011.webp.jpeg\" fetchpriority=\"auto\" \/><\/p>\n<p>      NYTT EVENTYR?: Kanskje vil historien gjenta seg for Ole Gunnar Solskj\u00e6r, kanskje ikke.<br \/>\n         Foto: John Walton \/ Pa Photos \/ NTB<\/p>\n<p>\u2013 Om han da skal blir manager permanent, blir et ekstremt interessant sp\u00f8rsm\u00e5l. Da m\u00e5 man ha litt st\u00e5l i bein og armer og legge f\u00f8lelsene til side om man tenker dette skulle v\u00e6re en kortsiktig l\u00f8sning.<\/p>\n<p>\u2013 Men hva som skjer da, f\u00e5r bli et sp\u00f8rsm\u00e5l n\u00e5r man eventuelt kommer dit. Men det er interessant \u00e5 tenke i de baner allerede, siden det var akkurat det, at han gikk fra midlertidig til permanent kontrakt, som skjedde sist.\u00a0<\/p>\n<p><a href=\"https:\/\/play.tv2.no\/sport\/fotball\/emirates-fa-cup-1ab7p0pe\/manchester-united-brighton-25ndqj4p\" target=\"_blank\" rel=\"nofollow noopener\">Manchester United m\u00f8ter Brighton i FA-cupen p\u00e5 s\u00f8ndag, i en kamp du ser p\u00e5 TV 2 Play kl. 17.30.<\/a><\/p>\n","protected":false},"excerpt":{"rendered":"S\u00f8ndag kl. 17.30: Man. Utd-Brighton TV 2 Play 22. desember 2018 ble en s\u00e5 perfekt start som mulig&hellip;\n","protected":false},"author":2,"featured_media":131792,"comment_status":"","ping_status":"","sticky":false,"template":"","format":"standard","meta":{"footnotes":""},"categories":[5],"tags":[20,21,24,25,15,19,22,23,17,18,13,30,28,29,14,16,26,27],"class_list":{"0":"post-131791","1":"post","2":"type-post","3":"status-publish","4":"format-standard","5":"has-post-thumbnail","7":"category-overskrifter","8":"tag-breaking-news","9":"tag-breakingnews","10":"tag-featured-news","11":"tag-featurednews","12":"tag-headlines","13":"tag-hovedoppslag","14":"tag-latest-news","15":"tag-latestnews","16":"tag-main-news","17":"tag-mainnews","18":"tag-news","19":"tag-no","20":"tag-norge","21":"tag-norway","22":"tag-nyheter","23":"tag-overskrifter","24":"tag-top-stories","25":"tag-topstories"},"share_on_mastodon":{"url":"https:\/\/pubeurope.com\/@no\/115858235876929555","error":""},"_links":{"self":[{"href":"https:\/\/www.europesays.com\/no\/wp-json\/wp\/v2\/posts\/131791","targetHints":{"allow":["GET"]}}],"collection":[{"href":"https:\/\/www.europesays.com\/no\/wp-json\/wp\/v2\/posts"}],"about":[{"href":"https:\/\/www.europesays.com\/no\/wp-json\/wp\/v2\/types\/post"}],"author":[{"embeddable":true,"href":"https:\/\/www.europesays.com\/no\/wp-json\/wp\/v2\/users\/2"}],"replies":[{"embeddable":true,"href":"https:\/\/www.europesays.com\/no\/wp-json\/wp\/v2\/comments?post=131791"}],"version-history":[{"count":0,"href":"https:\/\/www.europesays.com\/no\/wp-json\/wp\/v2\/posts\/131791\/revisions"}],"wp:featuredmedia":[{"embeddable":true,"href":"https:\/\/www.europesays.com\/no\/wp-json\/wp\/v2\/media\/131792"}],"wp:attachment":[{"href":"https:\/\/www.europesays.com\/no\/wp-json\/wp\/v2\/media?parent=131791"}],"wp:term":[{"taxonomy":"category","embeddable":true,"href":"https:\/\/www.europesays.com\/no\/wp-json\/wp\/v2\/categories?post=131791"},{"taxonomy":"post_tag","embeddable":true,"href":"https:\/\/www.europesays.com\/no\/wp-json\/wp\/v2\/tags?post=131791"}],"curies":[{"name":"wp","href":"https:\/\/api.w.org\/{rel}","templated":true}]}}