{"id":131793,"date":"2026-01-08T07:18:12","date_gmt":"2026-01-08T07:18:12","guid":{"rendered":"https:\/\/www.europesays.com\/no\/131793\/"},"modified":"2026-01-08T07:18:12","modified_gmt":"2026-01-08T07:18:12","slug":"bendik-19-syklet-til-afrika-derfor-er-noen-mer-eventyrlystne-enn-andre-stor-oslo","status":"publish","type":"post","link":"https:\/\/www.europesays.com\/no\/131793\/","title":{"rendered":"Bendik (19) syklet til Afrika \u2013 derfor er noen mer eventyrlystne enn andre \u2013 Stor-Oslo"},"content":{"rendered":"<p>24. august i \u00e5r triller en ung syklist nok en gang nedover Ekebergbakken i Oslo.<\/p>\n<p>Men denne gangen er det ikke Foss videreg\u00e5ende skole nede i sentrum som er m\u00e5let for Bendik Brunholm Fjordholm.<\/p>\n<p>Det er derimot Tanger i Marokko, over 350 mil lenger s\u00f8r.<\/p>\n<p>Med sykkelen sin skulle han krysse det europeiske kontinentet og komme frem til Afrika.<\/p>\n<p>Sykla til Afrika<\/p>\n<p>Da NRK sl\u00e5r p\u00e5 tr\u00e5den til den unge eventyreren har han landet trygt i Norge igjen, etter det han beskriver som en lang tur.<\/p>\n<p>Inspirasjonen til turen fikk han av \u00e5 m\u00f8te p\u00e5 en annen syklist som skulle til Mongolia.<\/p>\n<p>\u2013 Jeg ble litt inspirert av det, men m\u00e5tte v\u00e6re litt original. S\u00e5 da tenkte jeg at en litt tryggere versjon av det, er jo \u00e5 sykle til Marokko.<\/p>\n<p>\u2013 Da kan jeg jo ogs\u00e5 si at jeg har sykla til Afrika.<\/p>\n<p>\u2013 D\u00e5rlig planlagt<\/p>\n<p>Bendik forteller at turen egentlig var ganske d\u00e5rlig planlagt.<\/p>\n<p>M\u00e5neden f\u00f8r avreise begynte han \u00e5 skj\u00f8nne at det ble alvor av turen, som han hadde snakket om til b\u00e5de venner og familie.<\/p>\n<p>Da gikk han til innkj\u00f8p av en sykkelveske, et telt og en sovepose.<\/p>\n<p><img decoding=\"async\"   src=\"data:image\/gif;base64,R0lGODlhAQABAIAAAAAAAP\/\/\/yH5BAEAAAAALAAAAAABAAEAAAIBRAA7\" loading=\"eager\" alt=\"Bendik med sykkelen\" title=\"Foto: Privat\"\/><\/p>\n<p>Foto: Privat<\/p>\n<p>B\u00e5de foreldre og besteforeldre pr\u00f8vde \u00e5 snakke Bendik ut av prosjektet, men han var fast bestemt.<\/p>\n<p>Han var ogs\u00e5 vant til \u00e5 sykle til skolen. Ellers hadde han lite erfaring med b\u00e5de langtur og teltovernatting.<\/p>\n<p>Hare Krishna i Tyskland<\/p>\n<p>I l\u00f8pet av turen fikk Bendik hjelp av fremmede og ble kjent med nye folk. Som da han knakk framhjulet langt ute p\u00e5 landsbygda i Danmark.<\/p>\n<p>\u2013 Fronthjulet knakk helt, s\u00e5 det gikk ikke an \u00e5 trille sykkelen engang. Og jeg var helt \u00abstuck\u00bb N\u00e6rmeste by var i hvert fall et par mil unna.<\/p>\n<p>Et dansk par stoppet, og forbarmet seg over ham. Paret tok ham med p\u00e5 middag, hjalp ham \u00e5 fikse sykkelen og lot han overnatte.<\/p>\n<p>I Tyskland m\u00f8tte han en Hare Krishna-munk p\u00e5 gata som fattet stor interesse for Bendik og turen hans. Munken ville gjerne verve ham til noe som for Bendik var litt uklart<\/p>\n<p>\u2013 Da m\u00e5tte jeg jo takke ja, og fikk bli med p\u00e5 masse seremonier og overnatte der og greier.<\/p>\n<p>P\u00e5 tempelet fikk Bendik b\u00e5de mat i magen og et tak over hodet for natten.<\/p>\n<p><img decoding=\"async\"   src=\"data:image\/gif;base64,R0lGODlhAQABAIAAAAAAAP\/\/\/yH5BAEAAAAALAAAAAABAAEAAAIBRAA7\" loading=\"eager\" alt=\"en glassbolle med et stoff i\" title=\"Foto: Privat\"\/><\/p>\n<p class=\"\">Middagen p\u00e5 Hare Krishna-senteret gikk ned p\u00e5 h\u00f8ykant, tilsynelatende f\u00f8r Bendik rakk \u00e5 ta noe bilde av den, etter hva NRK har f\u00e5tt tilsendt.<\/p>\n<p>Foto: Privat<\/p>\n<p>\u2013 Ble du &#8230; holdt jeg p\u00e5 \u00e5 si &#8230; Hare Krishna-inspirert selv?<\/p>\n<p>\u2013 Nei. Det var veldig spennende, men det var ikke helt i min gate. Det skj\u00f8nte jeg.<\/p>\n<p>Han sier han ser p\u00e5 seg selv som et relativt \u00e5pent menneske.<\/p>\n<p>\u2013 Jeg har alltid v\u00e6rt glad i \u00e5 bli kjent med nye folk.<\/p>\n<p><img decoding=\"async\"   src=\"data:image\/gif;base64,R0lGODlhAQABAIAAAAAAAP\/\/\/yH5BAEAAAAALAAAAAABAAEAAAIBRAA7\" loading=\"eager\" alt=\"en glassbolle med et stoff i\" title=\"Foto: Privat\"\/><\/p>\n<p class=\"\">Bendik fikk losjere seg inn p\u00e5 tempelet i Tyskland. <\/p>\n<p>Foto: Privat<\/p>\n<p><strong>\u2013 Det var ikke utelukkende kilometerantallet som var viktig for meg. Det var jo egentlig det \u00e5 erfare mennesker og kultur nedover Europa. <\/strong><\/p>\n<p>Turen tok til sammen 108 dager. Framme i Marokko var sykkelen \u00f8delagt, og det siste stykket inn til Tanger m\u00e5tte g\u00e5 med buss.<\/p>\n<p>Dette avgj\u00f8r hvem som drar p\u00e5 eventyr<\/p>\n<p>Bendik er hverken den eneste eller den mest ekstreme eventyreren.<\/p>\n<p>I media flommer det over av mennesker som begir seg ut p\u00e5 ekstreme ferder.<\/p>\n<p><strong>Her er noen eksempler:<\/strong><\/p>\n<p><strong>\u2013 Det er ikke alle som skal sette seg p\u00e5 sykkelen spontant og sykle til Afrika. Det kan v\u00e6re en katastrofe.<\/strong><\/p>\n<p>Det sier psykolog og lykkeforsker Ragnhild Bang Nes.<\/p>\n<p><img decoding=\"async\"   src=\"data:image\/gif;base64,R0lGODlhAQABAIAAAAAAAP\/\/\/yH5BAEAAAAALAAAAAABAAEAAAIBRAA7\" loading=\"eager\" alt=\"Ragnhild Bang Nes, seniorforsker, FHI\" title=\"Foto: Astrid Waller\"\/><\/p>\n<p>Foto: Astrid Waller<\/p>\n<p>Personligheten v\u00e5r er ekstremt avgj\u00f8rende for hvem som er eventyrlystne, forklarer hun.<\/p>\n<p>De som drar ut p\u00e5 eventyr av den typen Bendik var p\u00e5, er gjerne uredde og sikre p\u00e5 at de kommer til \u00e5 mestre det.<\/p>\n<p>Andre er igjen mer redde, og blir heller hjemme. Bang Nes viser ogs\u00e5 til forskjeller i hva slags opplevelser som gj\u00f8r oss lykkelige.<\/p>\n<p>Hun trekker frem to begreper fra antikken: Det hedoniske og det eudaimoniske.<\/p>\n<p>\u2013 For noen handler lykke mer om behagsopplevelser. Det kan v\u00e6re \u00e5 nyte livet, sitte p\u00e5 en strand og se p\u00e5 havet eller ta en iskald \u00f8l i sola, sier Bang Nes.<\/p>\n<p>Dette er s\u00e5kalte hedonisk lykke.<\/p>\n<p>\u2013 Andres trekkes mot mestring og mening i livet og det \u00e5 strekke seg mot noe. Det er liksom mer den meningslykken.<\/p>\n<p>Dette er det man kaller eudaimonisk lykke.<\/p>\n<p><strong>Hva slags lykke vi s\u00f8ker, er tett knyttet til hva slags personlighet vi har, forklarer Bang Nes.<\/strong><\/p>\n<p>        Hva slags lykke s\u00f8ker du?<\/p>\n<p>        Sykle til Marokko? Jeg kunne ikke blitt lykkelig f\u00f8r jeg sykla til nordpolen p\u00e5 en enhjulssykkel. Eudaimonisk.<\/p>\n<p>        Slapp av &#8230; En femretters middag, god vin og et spa-opphold er det jeg trenger. Jeg er en klassisk hedonist.<\/p>\n<p>      Vis resultat<\/p>\n<p class=\"pin-nrkno-poll__disclaimer\">\n    Denne avstemningen viser ikke hva befolkningen mener om sp\u00f8rsm\u00e5let.<br \/>\n    Resultatet viser hva de som selv har valgt \u00e5 stemme mener,<br \/>\n    og avstemningen har ikke et utvalg som gj\u00f8r den representativ for alle som bor i landet.\n  <\/p>\n<p>Arv fra savannen?<\/p>\n<p>Bang Nes sier det at vi mennesker har s\u00e5 stort spenn i hvor eventyrlystne vi er, er helt naturlig.<\/p>\n<p>\u2013 Variasjon er der fordi det har v\u00e6rt hensiktsmessig gjennom hele v\u00e5r utviklingshistorie<\/p>\n<p>De som har v\u00e6rt forsiktige og introverte har overlevd pester og kriger, fordi de holdt seg for seg selv, forklarer hun.<\/p>\n<p><img decoding=\"async\"   src=\"data:image\/gif;base64,R0lGODlhAQABAIAAAAAAAP\/\/\/yH5BAEAAAAALAAAAAABAAEAAAIBRAA7\" loading=\"eager\" alt=\"Hulemaleri med to okser, en med rett horn til h\u00f8yre, en med b\u00f8yd horn til venstre, i Lascaux-hulen. (Bildebeskrivelsen er laget av en KI-tjeneste)\" title=\"Foto: Wikipedia\"\/><\/p>\n<p class=\"\">Det hadde trolig blitt lite oksejakt p\u00e5 v\u00e5re forfedre om alle hadde v\u00e6rt trygghetss\u00f8kende og forsiktige.<\/p>\n<p>Foto: Wikipedia<\/p>\n<p>\u2013 Mens det er klart at vi ville jo ikke komme til m\u00e5nen, krysset Antarktis, eller funnet ut hvordan vi skal jakte p\u00e5 det store gnuen og f\u00e5 middag p\u00e5 bordet, hvis vi ikke ogs\u00e5 hadde noen som s\u00e5 muligheter.<\/p>\n<p>Selv om man er av den mer trygghetss\u00f8kende typen, har alle godt av \u00e5 kommes seg ut av komfortsonen. I hvert fall litt, mener Bang Nes.<\/p>\n<p>\u2013 Det er s\u00e5 mye viktig som skjer p\u00e5 grensen av komfortsonen og litt utenfor den. Det \u00e5 strekke seg, det har vi alle veldig godt av.<\/p>\n<p><img decoding=\"async\"   src=\"data:image\/gif;base64,R0lGODlhAQABAIAAAAAAAP\/\/\/yH5BAEAAAAALAAAAAABAAEAAAIBRAA7\" loading=\"eager\" alt=\"Bendik med sykkelen\" title=\"Foto: Privat\"\/><\/p>\n<p class=\"\">En sykkeltur er mindre komfortabelt, men man f\u00e5r flere opplevelser sier Bendik.<\/p>\n<p>Foto: Privat<\/p>\n<p>\u2013 Har alltid v\u00e6rt s\u00e5nn<\/p>\n<p>Bendik forteller at familien n\u00e5 er glad for \u00e5 ha ham hjemme igjen.<\/p>\n<p>De var ikke like komfortable med at han skulle ut p\u00e5 tur.<\/p>\n<p>\u2013 De pr\u00f8vde f\u00f8rst \u00e5 avverge det, egentlig. Og s\u00e5 skj\u00f8nte de at det var ikke noe h\u00e5p for det, at jeg skulle p\u00e5 den reisen uansett.<\/p>\n<p>Besteforeldre var litt mer bekymret, forteller han.<\/p>\n<p><strong>\u2013 De bare fortrengte det egentlig, helt fram til jeg dro.<\/strong><\/p>\n<p>P\u00e5 sp\u00f8rsm\u00e5l om hva som gj\u00f8r at han tar sjansen p\u00e5 \u00e5 legge ut p\u00e5 en s\u00e5nn tur, sier Bendik at han alltid har v\u00e6rt en relativt \u00e5pen og spenningss\u00f8kende type.<\/p>\n<p>\u2013 Det har alltid v\u00e6rt s\u00e5nn, p\u00e5 en m\u00e5te. Jeg er veldig glad i \u00e5 m\u00f8te nye mennesker og snakke med folk.<\/p>\n<p>Publisert<\/p>\n<p>07.01.2026, kl. 11.02<\/p>\n<p>Oppdatert<\/p>\n<p>07.01.2026, kl. 14.01<\/p>\n","protected":false},"excerpt":{"rendered":"24. august i \u00e5r triller en ung syklist nok en gang nedover Ekebergbakken i Oslo. Men denne gangen&hellip;\n","protected":false},"author":2,"featured_media":131794,"comment_status":"","ping_status":"","sticky":false,"template":"","format":"standard","meta":{"footnotes":""},"categories":[5],"tags":[20,21,24,25,15,19,22,23,17,18,13,30,28,29,14,16,26,27],"class_list":{"0":"post-131793","1":"post","2":"type-post","3":"status-publish","4":"format-standard","5":"has-post-thumbnail","7":"category-overskrifter","8":"tag-breaking-news","9":"tag-breakingnews","10":"tag-featured-news","11":"tag-featurednews","12":"tag-headlines","13":"tag-hovedoppslag","14":"tag-latest-news","15":"tag-latestnews","16":"tag-main-news","17":"tag-mainnews","18":"tag-news","19":"tag-no","20":"tag-norge","21":"tag-norway","22":"tag-nyheter","23":"tag-overskrifter","24":"tag-top-stories","25":"tag-topstories"},"share_on_mastodon":{"url":"https:\/\/pubeurope.com\/@no\/115858263407820727","error":""},"_links":{"self":[{"href":"https:\/\/www.europesays.com\/no\/wp-json\/wp\/v2\/posts\/131793","targetHints":{"allow":["GET"]}}],"collection":[{"href":"https:\/\/www.europesays.com\/no\/wp-json\/wp\/v2\/posts"}],"about":[{"href":"https:\/\/www.europesays.com\/no\/wp-json\/wp\/v2\/types\/post"}],"author":[{"embeddable":true,"href":"https:\/\/www.europesays.com\/no\/wp-json\/wp\/v2\/users\/2"}],"replies":[{"embeddable":true,"href":"https:\/\/www.europesays.com\/no\/wp-json\/wp\/v2\/comments?post=131793"}],"version-history":[{"count":0,"href":"https:\/\/www.europesays.com\/no\/wp-json\/wp\/v2\/posts\/131793\/revisions"}],"wp:featuredmedia":[{"embeddable":true,"href":"https:\/\/www.europesays.com\/no\/wp-json\/wp\/v2\/media\/131794"}],"wp:attachment":[{"href":"https:\/\/www.europesays.com\/no\/wp-json\/wp\/v2\/media?parent=131793"}],"wp:term":[{"taxonomy":"category","embeddable":true,"href":"https:\/\/www.europesays.com\/no\/wp-json\/wp\/v2\/categories?post=131793"},{"taxonomy":"post_tag","embeddable":true,"href":"https:\/\/www.europesays.com\/no\/wp-json\/wp\/v2\/tags?post=131793"}],"curies":[{"name":"wp","href":"https:\/\/api.w.org\/{rel}","templated":true}]}}