{"id":131795,"date":"2026-01-08T07:24:06","date_gmt":"2026-01-08T07:24:06","guid":{"rendered":"https:\/\/www.europesays.com\/no\/131795\/"},"modified":"2026-01-08T07:24:06","modified_gmt":"2026-01-08T07:24:06","slug":"snofall-og-glatte-veier-i-ostfold-nrk-ostfold-lokale-nyheter-tv-og-radio","status":"publish","type":"post","link":"https:\/\/www.europesays.com\/no\/131795\/","title":{"rendered":"Sn\u00f8fall og glatte veier i \u00d8stfold \u2013 NRK \u00d8stfold \u2013 Lokale nyheter, TV og radio"},"content":{"rendered":"<p>Sn\u00f8fallet har farget \u00d8stfold hvitt i l\u00f8pet av natten, og bilister som skal ut \u00e5 kj\u00f8re til jobb m\u00e5 belage seg p\u00e5 \u00e5 bruke litt lengre tid enn vanlig.<\/p>\n<p>Hovedveiene er godt br\u00f8ytet, men det g\u00e5r fortsatt br\u00f8ytebiler p\u00e5 E6 og andre hovedveier i fylket.<\/p>\n<p><strong>Det skal v\u00e6re gode kj\u00f8reforhold p\u00e5 hovedveiene. P\u00e5 mindre veier kan det ta noe tid f\u00f8r sn\u00f8en er m\u00e5kt unna.<\/strong><\/p>\n<p><img decoding=\"async\"   src=\"data:image\/gif;base64,R0lGODlhAQABAIAAAAAAAP\/\/\/yH5BAEAAAAALAAAAAABAAEAAAIBRAA7\" loading=\"eager\" alt=\"E6 ved Rygge med sn\u00f8\" title=\"Foto: Lars H\u00e5kon Pedersen \/ NRK\"\/><\/p>\n<p class=\"\">E6 ved Rygge hadde brukbare f\u00f8reforhold f\u00f8r kl. 06 torsdag morgen. Det ligger noe sn\u00f8 i veibanen, ogs\u00e5 p\u00e5 fylkesveiene.<\/p>\n<p>Foto: Lars H\u00e5kon Pedersen \/ NRK<\/p>\n<p>Br\u00f8ytetog ute<\/p>\n<p>P\u00e5 E6, E18 og fylkesveiene i \u00d8stfold g\u00e5r det n\u00e5 jevnlig med br\u00f8ytebiler, som holder 40\u201350 km\/t, og da er det bare \u00e5 holde k\u00f8en.<\/p>\n<p>Br\u00f8ytesj\u00e5f\u00f8r Just Erik Karlsen i Sarpsborg var ute og br\u00f8ytet i Sandesundsveien f\u00f8r klokka 06.<\/p>\n<p>\u2013 En del kan f\u00e5 tr\u00f8bbel i sm\u00e5veiene, men vi kj\u00f8rer p\u00e5 for \u00e5 holde det \u00e5pent, fortalte han.<\/p>\n<p><strong>Karlsen oppfatter at kj\u00f8reforholdene er ganske bra, men det er ni minus s\u00e5 sn\u00f8en blir tr\u00e5. Da g\u00e5r det heller ikke \u00e5 salte.<\/strong><\/p>\n<p>\u2013 Kj\u00f8rer du etter forholdene s\u00e5 g\u00e5r det bra. Problemet er der det ligger 15\u201320 centimeter med l\u00f8ssn\u00f8. F\u00e5r du stopp i l\u00f8ssn\u00f8en er du nesten fortapt, sier Karlsen.<\/p>\n<p><strong>H\u00f8r br\u00f8ytesj\u00e5f\u00f8ren hos Kathrine Br\u00f8nn og Finn B\u00f8rge Stenbek i Morran p\u00e5 P1 \u00d8stfold:<\/strong>\n<\/p>\n<p>Just Erik Karlsen &amp;ZeroWidthSpace;<\/p>\n<p><img decoding=\"async\"   src=\"data:image\/gif;base64,R0lGODlhAQABAIAAAAAAAP\/\/\/yH5BAEAAAAALAAAAAABAAEAAAIBRAA7\" loading=\"eager\" alt=\"Just Erik Karlsen\" title=\"Foto: Privat\"\/><\/p>\n<p class=\"\">Br\u00f8ytebilsj\u00e5f\u00f8r Just Erik Karlsen har v\u00e6rt oppe tidlig p\u00e5 torsdag morgen for \u00e5 holde veiene i Sarpsborg \u00e5pne etter sn\u00f8fallet.<\/p>\n<p>Foto: Privat<\/p>\n<p>F\u00e5 uhell og busser i rute<\/p>\n<p>Det har n\u00e5 stort sett sluttet \u00e5 sn\u00f8 over hele fylket, men Vegvesenet har alt av tilgjengelig materiell og mannskap ute p\u00e5 veiene for \u00e5 rydde unna der det fortsatt ligger noe igjen.<\/p>\n<p>Det er ikke meldt om noen alvorlige trafikkuhell i morgenrushet i \u00d8stfold.<\/p>\n<p>Ogs\u00e5 kollektivtrafikken i fylket har fungert greit etter sn\u00f8fallet.<\/p>\n<p><strong>\u2013 S\u00e5 langt har det ikke v\u00e6rt noen forsinkelser, s\u00e5 v\u00e6ret har ikke stukket store kjepper i hjulene for kollektivtrafikken, sier samfunnskontakt og kommunikasjonsansvarlig Kjetil \u00d8stereng i \u00d8stfold Kollektivtrafikk.<\/strong><\/p>\n<p>Rett f\u00f8r midnatt onsdag mottok n\u00f8detatene varsel om en bil som hadde kj\u00f8rt av veien i Fredrikstad. De kom i kontakt med f\u00f8rer som opplyste \u00e5 ha kj\u00f8rt av veien og inn i et tre.<\/p>\n<p>N\u00f8detatene rykket ut, og f\u00f8reren opps\u00f8kte selv legevakt.<\/p>\n<p><img decoding=\"async\"   src=\"data:image\/gif;base64,R0lGODlhAQABAIAAAAAAAP\/\/\/yH5BAEAAAAALAAAAAABAAEAAAIBRAA7\" loading=\"eager\" alt=\"En br\u00f8ytetraktor p\u00e5 en parkeringsplass i Fredrikstad\" title=\"Foto: Lars H\u00e5kon Pedersen \/ NRK\"\/><\/p>\n<p class=\"\">En br\u00f8ytetraktor p\u00e5 jobb p\u00e5 en parkeringsplass sentralt i Fredrikstad.<\/p>\n<p>Foto: Lars H\u00e5kon Pedersen \/ NRK<\/p>\n<p>Greit, men tregere mot Oslo<\/p>\n<p>Trafikken inn og ut av Oslo g\u00e5r forbausende bra torsdag morgen tross sn\u00f8en, men folk m\u00e5 regne med \u00e5 holde lavere fart enn normalt, if\u00f8lge Vegtrafikksentralen.<\/p>\n<p>\u2013 Det ruller ganske jevnt innover. Farta er litt nede i forhold til hva det bruker \u00e5 v\u00e6re, s\u00e5 det ser ut til at folk har tatt ansvaret de har som bilist og kj\u00f8rer etter forholdene, sier trafikkoperat\u00f8r Barbro Evensen Venhagen.<\/p>\n<p>Det har v\u00e6rt noen trafikkuhell, men det er ikke meldt om alvorlige ulykker i Oslo-omr\u00e5det.<\/p>\n<p>Br\u00f8ytebilene er fortsatt i sving p\u00e5 hovedveiene,og fram til rushet er over b\u00f8r de fleste regne med \u00e5 bruke 20 minutter mer enn vanlig dit de skal.<\/p>\n<p>Publisert<\/p>\n<p>08.01.2026, kl. 07.10<\/p>\n<p>Oppdatert<\/p>\n<p>08.01.2026, kl. 08.06<\/p>\n","protected":false},"excerpt":{"rendered":"Sn\u00f8fallet har farget \u00d8stfold hvitt i l\u00f8pet av natten, og bilister som skal ut \u00e5 kj\u00f8re til jobb&hellip;\n","protected":false},"author":2,"featured_media":131796,"comment_status":"","ping_status":"","sticky":false,"template":"","format":"standard","meta":{"footnotes":""},"categories":[10],"tags":[20,21,24,25,15,22,23,13,30,28,29,14,16,26,27],"class_list":{"0":"post-131795","1":"post","2":"type-post","3":"status-publish","4":"format-standard","5":"has-post-thumbnail","7":"category-norge","8":"tag-breaking-news","9":"tag-breakingnews","10":"tag-featured-news","11":"tag-featurednews","12":"tag-headlines","13":"tag-latest-news","14":"tag-latestnews","15":"tag-news","16":"tag-no","17":"tag-norge","18":"tag-norway","19":"tag-nyheter","20":"tag-overskrifter","21":"tag-top-stories","22":"tag-topstories"},"share_on_mastodon":{"url":"https:\/\/pubeurope.com\/@no\/115858287356516656","error":""},"_links":{"self":[{"href":"https:\/\/www.europesays.com\/no\/wp-json\/wp\/v2\/posts\/131795","targetHints":{"allow":["GET"]}}],"collection":[{"href":"https:\/\/www.europesays.com\/no\/wp-json\/wp\/v2\/posts"}],"about":[{"href":"https:\/\/www.europesays.com\/no\/wp-json\/wp\/v2\/types\/post"}],"author":[{"embeddable":true,"href":"https:\/\/www.europesays.com\/no\/wp-json\/wp\/v2\/users\/2"}],"replies":[{"embeddable":true,"href":"https:\/\/www.europesays.com\/no\/wp-json\/wp\/v2\/comments?post=131795"}],"version-history":[{"count":0,"href":"https:\/\/www.europesays.com\/no\/wp-json\/wp\/v2\/posts\/131795\/revisions"}],"wp:featuredmedia":[{"embeddable":true,"href":"https:\/\/www.europesays.com\/no\/wp-json\/wp\/v2\/media\/131796"}],"wp:attachment":[{"href":"https:\/\/www.europesays.com\/no\/wp-json\/wp\/v2\/media?parent=131795"}],"wp:term":[{"taxonomy":"category","embeddable":true,"href":"https:\/\/www.europesays.com\/no\/wp-json\/wp\/v2\/categories?post=131795"},{"taxonomy":"post_tag","embeddable":true,"href":"https:\/\/www.europesays.com\/no\/wp-json\/wp\/v2\/tags?post=131795"}],"curies":[{"name":"wp","href":"https:\/\/api.w.org\/{rel}","templated":true}]}}