{"id":131797,"date":"2026-01-08T07:25:41","date_gmt":"2026-01-08T07:25:41","guid":{"rendered":"https:\/\/www.europesays.com\/no\/131797\/"},"modified":"2026-01-08T07:25:41","modified_gmt":"2026-01-08T07:25:41","slug":"en-siste-farvel-til-en-norsk-humorlegende","status":"publish","type":"post","link":"https:\/\/www.europesays.com\/no\/131797\/","title":{"rendered":"En siste farvel til en norsk humorlegende"},"content":{"rendered":"<p class=\"kicker \" style=\"\">Arthur \u00abOluf\u00bb Arntzen<\/p>\n<p>  Familie, venner og bysbarn ga \u00abOluf\u00bb en siste, dundrende applaus.<\/p>\n<p>\n    GJORDE DYPT INNTRYKK: Arthur \u00abOluf\u00bb Arntzen gjorde inntrykk b\u00e5de som journalist og forfatter. Men det var som figuren Oluf i Rallkattlia at han sjarmerte hele Norge. Foto: Se og H\u00f8r\n  <\/p>\n<p class=\"font-weight-bold m-font-weight-bold text-red color_mobile_text-red\" data-lab-font_weight=\"font-weight-bold\" data-lab-text_color=\"text-red\">Arthur \u00abOluf\u00bb Arntzen ble bisatt i Tromsdalen kirke &#8211; bedre kjent som Ishavskatedralen. Her fikk han sin siste applaus.<\/p>\n<p>Det var en ekte nordnorsk ramme rundt bisettelsen med minus 12 grader, skyfri himmel og m\u00f8rketid i Troms\u00f8, byen han elsket.\u00a0<\/p>\n<p class=\"font-weight-bold m-font-weight-bold\" data-lab-font_weight=\"font-weight-bold\">Og Troms\u00f8 elsket Arthur, den mektige katedralen fyltes opp til siste sete.<\/p>\n<p>        <img loading=\"lazy\" decoding=\"async\" src=\"https:\/\/www.europesays.com\/no\/wp-content\/uploads\/2026\/01\/1767857115_874_84065415.webp.webp\" width=\"667\" height=\"567\" title=\"BLOMSTERHAV: NRK sendte direkte fra bisettelsen, og bildene viste at \u00abOluf\u00bbs karakteristiske skinnlue og t\u00f8fler l\u00e5 foran kisten. Faksimile \/ NRK TV\" alt=\"\" class=\"\" style=\"--aspect-ratio-image: 1.18; \"\/><\/p>\n<p>\n        BLOMSTERHAV: NRK sendte direkte fra bisettelsen, og bildene viste at \u00abOluf\u00bbs karakteristiske skinnlue og t\u00f8fler l\u00e5 foran kisten. Faksimile \/ NRK TV\n    <\/p>\n<p> Biskop Stig Rune L\u00e6gdene fortalte i kirken at Arthur hadde over 500 kamper for Tromsdalens fotballag, og at han spilte oldboys-fotball helt til han var fylt 50 \u00e5r.\u00a0<\/p>\n<p>Han d\u00f8de med familien rundt seg, rett f\u00f8r jul. Og det skal ha v\u00e6rt en varm stund.<\/p>\n<p>    <a itemprop=\"url\" href=\"https:\/\/www.seher.no\/kjendis\/fullforte-hverandres-setninger\/83931524\" rel=\"nofollow noopener\" target=\"_blank\"><\/p>\n<p>        <img loading=\"lazy\" decoding=\"async\" src=\"https:\/\/www.europesays.com\/no\/wp-content\/uploads\/2026\/01\/83931549.webp.webp\" width=\"147\" height=\"98\" title=\"- Fullf\u00f8rte hverandres setninger\" alt=\"\" class=\"lazyload\" style=\"--aspect-ratio-image: 1.50; \"\/><\/p>\n<p>        &#8211; Fullf\u00f8rte hverandres setninger<\/p>\n<p>    <\/a><\/p>\n<p class=\"font-weight-bold m-font-weight-bold\" data-lab-font_weight=\"font-weight-bold\">&#8211; Der han l\u00e5 kunne vi skimte et smil, mens vi andre sto rundt og gr\u00e5t, fortalte datteren Cathrine om pappas siste \u00e5ndedrag.<\/p>\n<p>Arntzen d\u00f8de 19. desember p\u00e5 Otium bo- og velferdssenter. Han etterlater seg kona Randi og barna Cathrine, Geir og Kjetil.<\/p>\n<p>Han hadde ogs\u00e5 \u00e5tte barnebarn og fire oldebarn.<\/p>\n<p>        <img loading=\"lazy\" decoding=\"async\" src=\"https:\/\/www.europesays.com\/no\/wp-content\/uploads\/2026\/01\/84066622.webp.webp\" width=\"667\" height=\"674\" title=\"ET SISTE FARVEL: Skuespiller Finn Arve S\u00f8rb\u00f8e hadde ogs\u00e5 tatt turen i anledning bisettelsen. Foto: Andreas Fadum \/ Se og H\u00f8r\" alt=\"\" class=\"\" style=\"--aspect-ratio-image: 0.99; \"\/><\/p>\n<p>\n        ET SISTE FARVEL: Skuespiller Finn Arve S\u00f8rb\u00f8e hadde ogs\u00e5 tatt turen i anledning bisettelsen. Foto: Andreas Fadum \/ Se og H\u00f8r\n    <\/p>\n<p>        <img loading=\"lazy\" decoding=\"async\" src=\"https:\/\/www.europesays.com\/no\/wp-content\/uploads\/2026\/01\/84065511.webp.webp\" width=\"667\" height=\"1041\" title=\"FRA BOD\u00d8: Fotball-legendene Harald \u00abDutte\u00bb Berg og s\u00f8nnen \u00d8rjan hadde tatt turen fra Bod\u00f8. Arthur skrev biografien om Dutte i 1975. Foto: Andreas Fadum \/ Se og H\u00f8r\" alt=\"\" class=\"\" style=\"--aspect-ratio-image: 0.64; \"\/><\/p>\n<p>\n        FRA BOD\u00d8: Fotball-legendene Harald \u00abDutte\u00bb Berg og s\u00f8nnen \u00d8rjan hadde tatt turen fra Bod\u00f8. Arthur skrev biografien om Dutte i 1975. Foto: Andreas Fadum \/ Se og H\u00f8r\n    <\/p>\n<p>        <img loading=\"lazy\" decoding=\"async\" src=\"https:\/\/www.europesays.com\/no\/wp-content\/uploads\/2026\/01\/84065505.webp.webp\" width=\"667\" height=\"788\" title=\"STATEN: N\u00e6ringsminister Cecilie Myrseth holdt minneord p\u00e5 vegne av regjeringen. Foto: Andreas Fadum \/ Se og H\u00f8r\" alt=\"\" class=\"\" style=\"--aspect-ratio-image: 0.85; \"\/><\/p>\n<p>\n        STATEN: N\u00e6ringsminister Cecilie Myrseth holdt minneord p\u00e5 vegne av regjeringen. Foto: Andreas Fadum \/ Se og H\u00f8r\n    <\/p>\n<p>Arthur startet som journalist i Avisa Troms\u00f8 i 1960, og jobbet senere i Lofotposten f\u00f8r han var Dagbladets mann i nord frem til 1989.<\/p>\n<p>        <img loading=\"lazy\" decoding=\"async\" src=\"https:\/\/www.europesays.com\/no\/wp-content\/uploads\/2026\/01\/84065533.webp.webp\" width=\"667\" height=\"828\" title=\"ORDF\u00d8RER: Troms\u00f8s \u00f8verste politiker Gunnar Wilhelmsen kom for \u00e5 ta farvel med en av byens store helter. Foto: Andreas Fadum \/ Se og H\u00f8r\" alt=\"\" class=\"\" style=\"--aspect-ratio-image: 0.81; \"\/><\/p>\n<p>\n        ORDF\u00d8RER: Troms\u00f8s \u00f8verste politiker Gunnar Wilhelmsen kom for \u00e5 ta farvel med en av byens store helter. Foto: Andreas Fadum \/ Se og H\u00f8r\n    <\/p>\n<p>        <img loading=\"lazy\" decoding=\"async\" src=\"https:\/\/www.europesays.com\/no\/wp-content\/uploads\/2026\/01\/84065036.webp.webp\" width=\"667\" height=\"534\" title=\"GODE MINNER: Arthur \u00abOluf\u00bb Arntzen med kona Randi i armkroken og barna Kjetil, Geir og Cathrine rundt seg i 1999. N\u00e5 er han g\u00e5tt ut av tiden. Foto: Se og H\u00f8r\" alt=\"\" class=\"\" style=\"--aspect-ratio-image: 1.25; \"\/><\/p>\n<p>\n        GODE MINNER: Arthur \u00abOluf\u00bb Arntzen med kona Randi i armkroken og barna Kjetil, Geir og Cathrine rundt seg i 1999. N\u00e5 er han g\u00e5tt ut av tiden. Foto: Se og H\u00f8r\n    <\/p>\n<p>        <img loading=\"lazy\" decoding=\"async\" src=\"https:\/\/www.europesays.com\/no\/wp-content\/uploads\/2026\/01\/84066575.webp.webp\" width=\"667\" height=\"667\" title=\"DUKKET OPP: Tidligere gruvegeneral p\u00e5 Svalbard \u00abR\u00f8de\u00bb-Robert Hermansen var p\u00e5 plass under bisettelsen. Foto: Andreas Fadum \/ Se og H\u00f8r\" alt=\"\" class=\"\" style=\"--aspect-ratio-image: 1.00; \"\/><\/p>\n<p>\n        DUKKET OPP: Tidligere gruvegeneral p\u00e5 Svalbard \u00abR\u00f8de\u00bb-Robert Hermansen var p\u00e5 plass under bisettelsen. Foto: Andreas Fadum \/ Se og H\u00f8r\n    <\/p>\n<p>        <img loading=\"lazy\" decoding=\"async\" src=\"https:\/\/www.europesays.com\/no\/wp-content\/uploads\/2026\/01\/84066607.webp.webp\" width=\"667\" height=\"681\" title=\"P\u00c5 PLASS: Skuespiller Kristine Henriksen p\u00e5 vei ut av bisettelsen onsdag. Foto: Andreas Fadum \/ Se og H\u00f8r\" alt=\"\" class=\"\" style=\"--aspect-ratio-image: 0.98; \"\/><\/p>\n<p>\n        P\u00c5 PLASS: Skuespiller Kristine Henriksen p\u00e5 vei ut av bisettelsen onsdag. Foto: Andreas Fadum \/ Se og H\u00f8r\n    <\/p>\n<p>Arntzen ble en helt i de tusen hjem med den fiktive karakteren Oluf Rallkattli &#8211; en ramsalt figur hele Norge lot seg sjarmere av. Han sp\u00f8kte om kona Emma, s\u00f8nnen Lars, kompisen Jendor &#8211; og lensmannen.<\/p>\n<p>Selv kalte han seg \u00abflirosof\u00bb.<\/p>\n<p>        <img loading=\"lazy\" decoding=\"async\" src=\"https:\/\/www.europesays.com\/no\/wp-content\/uploads\/2026\/01\/84065180.webp.webp\" width=\"667\" height=\"701\" title=\"PROGRAMMET: Det var mange medvirkende da Arthur Arntzen ble bisatt. Dette var programmet. Foto: Stig Justad \/ Se og H\u00f8r\" alt=\"\" class=\"\" style=\"--aspect-ratio-image: 0.95; \"\/><\/p>\n<p>\n        PROGRAMMET: Det var mange medvirkende da Arthur Arntzen ble bisatt. Dette var programmet. Foto: Stig Justad \/ Se og H\u00f8r\n    <\/p>\n<p> Kristian Fredrik Figenschow jr. (63) som spilte Jendor i sceneversjonen leste to dikt &#8211; et av Tor Jonsson og et av Arnulf \u00d8verland &#8211; i kremasjonsbisettelsen av Arthur Arntzen.<\/p>\n<p>        <img loading=\"lazy\" decoding=\"async\" src=\"https:\/\/www.europesays.com\/no\/wp-content\/uploads\/2026\/01\/84065550.webp.webp\" width=\"667\" height=\"794\" title=\"KOMPIS: Kristian Fredrik Figenschou som spilte Jendor i Oluf-stykker p\u00e5 scenen leste dikt i kirken. Foto: Andreas Fadum \/ Se og H\u00f8r\" alt=\"\" class=\"\" style=\"--aspect-ratio-image: 0.84; \"\/><\/p>\n<p>\n        KOMPIS: Kristian Fredrik Figenschou som spilte Jendor i Oluf-stykker p\u00e5 scenen leste dikt i kirken. Foto: Andreas Fadum \/ Se og H\u00f8r\n    <\/p>\n<p>Norges n\u00e6ringsminister Cecilie Myrseth (41) tok avskjed p\u00e5 vegne av regjeringen. Det er ingen tvil om at \u00abOluf\u00bb-skaperen har satt spor.<\/p>\n<p>        <img loading=\"lazy\" decoding=\"async\" src=\"https:\/\/www.europesays.com\/no\/wp-content\/uploads\/2026\/01\/84065439.webp.webp\" width=\"667\" height=\"474\" title=\"KRANSER: Kisten var dekket av kranser, og det var mange som hadde sendt en siste hilsen til den folkekj\u00e6re komikeren. Faksimile \/ NRK TV\" alt=\"\" class=\"\" style=\"--aspect-ratio-image: 1.41; \"\/><\/p>\n<p>\n        KRANSER: Kisten var dekket av kranser, og det var mange som hadde sendt en siste hilsen til den folkekj\u00e6re komikeren. Faksimile \/ NRK TV\n    <\/p>\n<p>Salmene som ledsaget Arthurs siste reise var \u00abPie Jesu\u00bb, \u00abBlott en dag\u00bb, \u00abDeilig er jorden\u00bb og \u00abNordnorsk julesalme\u00bb.<\/p>\n<p>        <img loading=\"lazy\" decoding=\"async\" src=\"https:\/\/www.europesays.com\/no\/wp-content\/uploads\/2026\/01\/84065469.webp.webp\" width=\"667\" height=\"554\" title=\"VAREMERKE: Olufs karakteristiske skinnlue fikk en sentral plass foran kisten. Faksimile \/ NRKTV\" alt=\"\" class=\"\" style=\"--aspect-ratio-image: 1.20; \"\/><\/p>\n<p>\n        VAREMERKE: Olufs karakteristiske skinnlue fikk en sentral plass foran kisten. Faksimile \/ NRKTV\n    <\/p>\n<p>Wenche Maria Jentoft fremf\u00f8rte i tillegg tre sanger akkompagnert av flere musikere: \u00abDen dag kjem aldri\u00bb, \u00abO helga natt\u00bb og \u00abAve Maria\u00bb.<\/p>\n<p>I 2020 delte barna Cathrine, Kjetil og Geir Arntzen \u00e5penhjertig om farens demenssykdom. De har innr\u00f8mmet at det var et stort sjokk da faren ble syk.<\/p>\n<p>        <img loading=\"lazy\" decoding=\"async\" src=\"https:\/\/www.europesays.com\/no\/wp-content\/uploads\/2026\/01\/84065055.webp.webp\" width=\"667\" height=\"594\" title=\"SJARM\u00d8R: Han Oluf Rallkattli hadde et fargerikt spr\u00e5k og et skr\u00e5blikk p\u00e5 samfunnet som engasjerte og moret hele Norge. Foto: NTB\" alt=\"\" class=\"\" style=\"--aspect-ratio-image: 1.12; \"\/><\/p>\n<p>\n        SJARM\u00d8R: Han Oluf Rallkattli hadde et fargerikt spr\u00e5k og et skr\u00e5blikk p\u00e5 samfunnet som engasjerte og moret hele Norge. Foto: NTB\n    <\/p>\n<p>Han levde med demensdiagnose i 15 \u00e5r, men opptr\u00e5dte p\u00e5 TV s\u00e5 sent som i 2018.<\/p>\n<p>        <img loading=\"lazy\" decoding=\"async\" src=\"https:\/\/www.europesays.com\/no\/wp-content\/uploads\/2026\/01\/84065192.webp.webp\" width=\"667\" height=\"514\" title=\"FOLKEHELT: I 1999 k\u00e5ret folkejuryer Arthur Arntzen til landets fremste humorist i det 20. \u00e5rhundret. Her sammen med Tore Skoglund. Foto: NRK\" alt=\"\" class=\"\" style=\"--aspect-ratio-image: 1.30; \"\/><\/p>\n<p>\n        FOLKEHELT: I 1999 k\u00e5ret folkejuryer Arthur Arntzen til landets fremste humorist i det 20. \u00e5rhundret. Her sammen med Tore Skoglund. Foto: NRK\n    <\/p>\n<p>TV-profil Dan B\u00f8rge Aker\u00f8 (74) minnes Arntzen som en morsom mann.<\/p>\n<p>&#8211; En ordentlig alder for en veldig aktiv mann. Han var ansiktet uttad for en helt spesiell form for humor, sier han til Se og H\u00f8r.<\/p>\n<p>Se flere bilder under:\u00a0<\/p>\n<p>        <img loading=\"lazy\" decoding=\"async\" src=\"https:\/\/www.europesays.com\/no\/wp-content\/uploads\/2026\/01\/84066635.webp.webp\" width=\"667\" height=\"694\" title=\"SORGTUNG DAG: Arthur \u00abOluf\u00bb Arntzens n\u00e6re bar kisten hans ut av kirken. Foto: Andreas Fadum \/ Se og H\u00f8r\" alt=\"\" class=\"\" style=\"--aspect-ratio-image: 0.96; \"\/><\/p>\n<p>\n        SORGTUNG DAG: Arthur \u00abOluf\u00bb Arntzens n\u00e6re bar kisten hans ut av kirken. Foto: Andreas Fadum \/ Se og H\u00f8r\n    <\/p>\n<p>        <img loading=\"lazy\" decoding=\"async\" src=\"https:\/\/www.europesays.com\/no\/wp-content\/uploads\/2026\/01\/84065579.webp.webp\" width=\"667\" height=\"467\" title=\"VAKKERT SKUE: Tromsdalen kirke, bedre kjent som Ishavskatdralen ligger over broen fra Troms\u00f8. Foto: Andreas Fadum \/ Se og H\u00f8r\" alt=\"\" class=\"\" style=\"--aspect-ratio-image: 1.43; \"\/><\/p>\n<p>\n        VAKKERT SKUE: Tromsdalen kirke, bedre kjent som Ishavskatdralen ligger over broen fra Troms\u00f8. Foto: Andreas Fadum \/ Se og H\u00f8r\n    <\/p>\n<p>        <img loading=\"lazy\" decoding=\"async\" src=\"https:\/\/www.europesays.com\/no\/wp-content\/uploads\/2026\/01\/84065374.webp.webp\" width=\"667\" height=\"514\" title=\"VERDIG FARVEL: Dette var programmet for bisettelsen. Foto: Stig Justad\/Se og H\u00f8r\" alt=\"\" class=\"\" style=\"--aspect-ratio-image: 1.30; \"\/><\/p>\n<p>\n        VERDIG FARVEL: Dette var programmet for bisettelsen. Foto: Stig Justad\/Se og H\u00f8r\n    <\/p>\n<p>        <img loading=\"lazy\" decoding=\"async\" src=\"https:\/\/www.europesays.com\/no\/wp-content\/uploads\/2026\/01\/84065014.webp.webp\" width=\"667\" height=\"921\" title=\"D\u00d8DSANNONSEN: Familien ba om gaver til Kirkens bymisjon i Troms\u00f8, heller enn blomster.\" alt=\"\" class=\"\" style=\"--aspect-ratio-image: 0.72; \"\/><\/p>\n<p>\n        D\u00d8DSANNONSEN: Familien ba om gaver til Kirkens bymisjon i Troms\u00f8, heller enn blomster.\n    <\/p>\n<p>        <img loading=\"lazy\" decoding=\"async\" src=\"https:\/\/www.europesays.com\/no\/wp-content\/uploads\/2026\/01\/84065669.webp.webp\" width=\"667\" height=\"461\" title=\"AVSKJED: Biskop Stig Rune L\u00e6gdene snakket varmt om den nordnorske folkehelten. Faksmilie \/ NRK TV\" alt=\"\" class=\"\" style=\"--aspect-ratio-image: 1.45; \"\/><\/p>\n<p>\n        AVSKJED: Biskop Stig Rune L\u00e6gdene snakket varmt om den nordnorske folkehelten. Faksmilie \/ NRK TV\n    <\/p>\n","protected":false},"excerpt":{"rendered":"Arthur \u00abOluf\u00bb Arntzen Familie, venner og bysbarn ga \u00abOluf\u00bb en siste, dundrende applaus. GJORDE DYPT INNTRYKK: Arthur \u00abOluf\u00bb&hellip;\n","protected":false},"author":2,"featured_media":131798,"comment_status":"","ping_status":"","sticky":false,"template":"","format":"standard","meta":{"footnotes":""},"categories":[5],"tags":[14133,20,21,4104,24,25,15,19,479,22,23,17,18,13,30,28,29,14,14142,16,26,27],"class_list":{"0":"post-131797","1":"post","2":"type-post","3":"status-publish","4":"format-standard","5":"has-post-thumbnail","7":"category-overskrifter","8":"tag-arthur-arntzen","9":"tag-breaking-news","10":"tag-breakingnews","11":"tag-eksklusivt","12":"tag-featured-news","13":"tag-featurednews","14":"tag-headlines","15":"tag-hovedoppslag","16":"tag-kjendis","17":"tag-latest-news","18":"tag-latestnews","19":"tag-main-news","20":"tag-mainnews","21":"tag-news","22":"tag-no","23":"tag-norge","24":"tag-norway","25":"tag-nyheter","26":"tag-oluf","27":"tag-overskrifter","28":"tag-top-stories","29":"tag-topstories"},"share_on_mastodon":{"url":"https:\/\/pubeurope.com\/@no\/115858291267893270","error":""},"_links":{"self":[{"href":"https:\/\/www.europesays.com\/no\/wp-json\/wp\/v2\/posts\/131797","targetHints":{"allow":["GET"]}}],"collection":[{"href":"https:\/\/www.europesays.com\/no\/wp-json\/wp\/v2\/posts"}],"about":[{"href":"https:\/\/www.europesays.com\/no\/wp-json\/wp\/v2\/types\/post"}],"author":[{"embeddable":true,"href":"https:\/\/www.europesays.com\/no\/wp-json\/wp\/v2\/users\/2"}],"replies":[{"embeddable":true,"href":"https:\/\/www.europesays.com\/no\/wp-json\/wp\/v2\/comments?post=131797"}],"version-history":[{"count":0,"href":"https:\/\/www.europesays.com\/no\/wp-json\/wp\/v2\/posts\/131797\/revisions"}],"wp:featuredmedia":[{"embeddable":true,"href":"https:\/\/www.europesays.com\/no\/wp-json\/wp\/v2\/media\/131798"}],"wp:attachment":[{"href":"https:\/\/www.europesays.com\/no\/wp-json\/wp\/v2\/media?parent=131797"}],"wp:term":[{"taxonomy":"category","embeddable":true,"href":"https:\/\/www.europesays.com\/no\/wp-json\/wp\/v2\/categories?post=131797"},{"taxonomy":"post_tag","embeddable":true,"href":"https:\/\/www.europesays.com\/no\/wp-json\/wp\/v2\/tags?post=131797"}],"curies":[{"name":"wp","href":"https:\/\/api.w.org\/{rel}","templated":true}]}}