{"id":131799,"date":"2026-01-08T07:26:10","date_gmt":"2026-01-08T07:26:10","guid":{"rendered":"https:\/\/www.europesays.com\/no\/131799\/"},"modified":"2026-01-08T07:26:10","modified_gmt":"2026-01-08T07:26:10","slug":"bilde-sprer-seg-fullstendig-idiotisk","status":"publish","type":"post","link":"https:\/\/www.europesays.com\/no\/131799\/","title":{"rendered":"Bilde sprer seg: &#8211; Fullstendig idiotisk"},"content":{"rendered":"<p>  Den danske Tottenham-treneren er i hardt v\u00e6r som f\u00f8lge av lagets svake form. N\u00e5 skaper en helt annen ting overskrifter.\u00a0<\/p>\n<p>\n    SER DU FEILEN?: Tottenham-trener Thomas Frank ble fanget p\u00e5 kamera med rivalen Arsenals kopp i hendene. Foto: Andrew Matthews \/ Pa Photos \/ NTB\n  <\/p>\n<ul>Bournemouth &#8211; Tottenham 3 &#8211; 2 (2 &#8211; 1)<\/ul>\n<p>Thomas Frank (52) og Tottenham fikk seg nok en kalddusj p\u00e5 overtid da Antoine Semenyo banket inn en avskjedsgave til Bouremouth-fansen f\u00e5r han if\u00f8lge rapportene skal skifte beite til den lysebl\u00e5 delen av Manchester.\u00a0<\/p>\n<p>    <a itemprop=\"url\" href=\"https:\/\/www.dagbladet.no\/sport\/ny-smell\/84068914\" rel=\"nofollow noopener\" target=\"_blank\"><\/p>\n<p>        <img loading=\"lazy\" decoding=\"async\" src=\"https:\/\/www.europesays.com\/no\/wp-content\/uploads\/2026\/01\/84069173.webp.webp\" width=\"980\" height=\"441\" title=\"Ny smell\" alt=\"\" class=\"lazyload\" style=\"--aspect-ratio-image: 2.22; \"\/><\/p>\n<p>        Ny smell<\/p>\n<p>    <\/a><\/p>\n<p> \u00abDet var nok et skadelig resultat i en sesong som har bydd p\u00e5 rikelig med frustrasjon for Spurs-fansen, med klubben n\u00e5 nede p\u00e5 14.-plass i Premier League etter bare to seirer p\u00e5 12 kamper\u00bb, rapporterer den britiske kringskasteren <a href=\"https:\/\/www.bbc.com\/sport\/football\/articles\/cp37w009dwlo\" rel=\"nofollow noopener\" target=\"_blank\">BBC<\/a> etter kampslutt.\u00a0<\/p>\n<p>&#8211; Frank ser knust ut. Poser under \u00f8ynene, han ser stresset ut \u2013 det er det trenerjobben gj\u00f8r med disse gutta , sa tidligere Newcastle- og Manchester City-keeper Shay Given til BBC Radio.<\/p>\n<p>&#8211; Trist\t<\/p>\n<p>Som om ikke resultatet var nok m\u00e5 dansken t\u00e5le kritikk av helt andre grunner.<\/p>\n<p> F\u00f8r avspark onsdag kveld ble han fotografert mens han spankulerte rundt p\u00e5 Vitality Stadium med en kaffekopp prydet med Arsenal-logo. Det m\u00e5 kunne sies \u00e5 v\u00e6re et merkelig valg n\u00e5r du er trener for en klubb som har et intenst Nord-London-rivaleri med \u00abThe Gunners\u00bb, som attp\u00e5til topper ligaen. <\/p>\n<p>BBC skriver at 52-\u00e5ringen allerede er i ferd med \u00e5 slite med \u00e5 vinne over misforn\u00f8yde Spurs-supportere.<\/p>\n<p class=\"font-weight-bold m-font-weight-bold\" data-lab-font_weight=\"font-weight-bold\">&#8211; Jeg la definitivt ikke merke til det. Det ville v\u00e6rt fullstendig idiotisk av meg \u00e5 ta den hvis jeg visste. Det er litt trist i fotballen at jeg m\u00e5 bli spurt om dette. Jeg ville aldri gjort noe s\u00e5 dumt. Jeg mener vi definitivt er p\u00e5 vei i feil retning hvis vi m\u00e5 bekymre oss for at jeg har en kopp med logoen til en annen klubb, sa Frank selv om hendelsen.\u00a0<\/p>\n<p>        SOLSKJ\u00c6R: Ole Gunnar Solskj\u00e6r ledet Manchester United fra 2018-2021. Slik var hans tid i klubben. Video: Henrik Ljosland, Dagbladet TV-sporten<\/p>\n<p>Uskyldig forklaring\t<\/p>\n<p>Bilde sprer seg ogs\u00e5 i Franks hjemland Danmark.\u00a0<\/p>\n<p class=\"font-weight-bold m-font-weight-bold\" data-lab-font_weight=\"font-weight-bold\"> \u00abBilde av Thomas Frank g\u00e5r viralt: &#8211; Ekstremt dumt\u00bb, skriver <a href=\"https:\/\/sport.tv2.dk\/fodbold\/2026-01-08-billede-af-thomas-frank-gaar-viralt-ekstremt-dumt\" rel=\"nofollow noopener\" target=\"_blank\">danske TV 2<\/a>\u00a0torsdag morgen.\u00a0<\/p>\n<p>Forklaringen skal if\u00f8lge den britiske kringkasteren v\u00e6re rimelig enkel.\u00a0<\/p>\n<p>Treneren skal ha f\u00e5tt sin vanlige kaffe da han ankom stadion av et medlem i st\u00f8tteapparatet. Koppen var tatt med av Arsenal, som spilte p\u00e5 samme stadion mot Bournemouth bare noen dager tidligere.\u00a0<\/p>\n<p>Nederlaget svir for Tottenham som ligger p\u00e5 14.-plass i Premier League etter 21 kamper &#8211; n\u00f8yaktig samme posisjon p\u00e5 dette tidspunktet forrige sesong. Da endte London-klubben rett over nedrykk, p\u00e5 en 17.-plass.<\/p>\n<p>    <a itemprop=\"url\" href=\"https:\/\/www.dagbladet.no\/sport\/kan-ikke-tro-det\/84068974\" rel=\"nofollow noopener\" target=\"_blank\"><\/p>\n<p>        <img loading=\"lazy\" decoding=\"async\" src=\"https:\/\/www.europesays.com\/no\/wp-content\/uploads\/2026\/01\/84069247.webp.webp\" width=\"980\" height=\"441\" title=\"- Kan ikke tro det\" alt=\"\" class=\"lazyload\" style=\"--aspect-ratio-image: 2.22; \"\/><\/p>\n<p>        &#8211; Kan ikke tro det<\/p>\n<p>    <\/a><\/p>\n<p>Sesongen ble dog reddet av at klubben slo Manchester United i Europa League-finalen.\u00a0<\/p>\n<p>L\u00f8rdag venter Aston Villa i FA-cupens tredje runde, f\u00f8r nedtrykkstruende West Ham venter p\u00e5 hjemmebane 17. januar.\u00a0<\/p>\n","protected":false},"excerpt":{"rendered":"Den danske Tottenham-treneren er i hardt v\u00e6r som f\u00f8lge av lagets svake form. N\u00e5 skaper en helt annen&hellip;\n","protected":false},"author":2,"featured_media":131800,"comment_status":"","ping_status":"","sticky":false,"template":"","format":"standard","meta":{"footnotes":""},"categories":[59],"tags":[92,30,28,29,83,82],"class_list":{"0":"post-131799","1":"post","2":"type-post","3":"status-publish","4":"format-standard","5":"has-post-thumbnail","7":"category-sport","8":"tag-fotball","9":"tag-no","10":"tag-norge","11":"tag-norway","12":"tag-sport","13":"tag-sports"},"share_on_mastodon":{"url":"https:\/\/pubeurope.com\/@no\/115858294909395709","error":""},"_links":{"self":[{"href":"https:\/\/www.europesays.com\/no\/wp-json\/wp\/v2\/posts\/131799","targetHints":{"allow":["GET"]}}],"collection":[{"href":"https:\/\/www.europesays.com\/no\/wp-json\/wp\/v2\/posts"}],"about":[{"href":"https:\/\/www.europesays.com\/no\/wp-json\/wp\/v2\/types\/post"}],"author":[{"embeddable":true,"href":"https:\/\/www.europesays.com\/no\/wp-json\/wp\/v2\/users\/2"}],"replies":[{"embeddable":true,"href":"https:\/\/www.europesays.com\/no\/wp-json\/wp\/v2\/comments?post=131799"}],"version-history":[{"count":0,"href":"https:\/\/www.europesays.com\/no\/wp-json\/wp\/v2\/posts\/131799\/revisions"}],"wp:featuredmedia":[{"embeddable":true,"href":"https:\/\/www.europesays.com\/no\/wp-json\/wp\/v2\/media\/131800"}],"wp:attachment":[{"href":"https:\/\/www.europesays.com\/no\/wp-json\/wp\/v2\/media?parent=131799"}],"wp:term":[{"taxonomy":"category","embeddable":true,"href":"https:\/\/www.europesays.com\/no\/wp-json\/wp\/v2\/categories?post=131799"},{"taxonomy":"post_tag","embeddable":true,"href":"https:\/\/www.europesays.com\/no\/wp-json\/wp\/v2\/tags?post=131799"}],"curies":[{"name":"wp","href":"https:\/\/api.w.org\/{rel}","templated":true}]}}