{"id":131825,"date":"2026-01-08T07:58:07","date_gmt":"2026-01-08T07:58:07","guid":{"rendered":"https:\/\/www.europesays.com\/no\/131825\/"},"modified":"2026-01-08T07:58:07","modified_gmt":"2026-01-08T07:58:07","slug":"nato-tore-o-sandvik-forsvarsministeren-er-krystallklar-nato-kommer-ikke-til-a-ryke","status":"publish","type":"post","link":"https:\/\/www.europesays.com\/no\/131825\/","title":{"rendered":"Nato, Tore O. Sandvik | Forsvarsministeren er krystallklar: \u2013 Nato kommer ikke til \u00e5 ryke"},"content":{"rendered":"\n<p>\u2013 Nato kommer ikke til \u00e5 ryke. Nato er en gjensidig forsvarsallianse, der USA er en viktig sikkerhetsgarantist, sier Sandvik.<\/p>\n<p>Forsvarsministeren erkjenner imidlertid at alliansen er under press.<\/p>\n<p>\u2013 Min jobb er \u00e5 s\u00f8rge for at Nato fortsatt eksisterer, og s\u00e5 m\u00e5 vi h\u00e5ndtere de utfordringene som dukker opp. Det har v\u00e6rt kriser i Nato f\u00f8r, s\u00e5 m\u00e5 vi l\u00f8se krisene som er her n\u00e5. S\u00e5 h\u00e5per vi det lander p\u00e5 best mulig m\u00e5te ved at Europa ogs\u00e5 er krystallklare p\u00e5 hva som er situasjonen rundt Gr\u00f8nland og andre sp\u00f8rsm\u00e5l, sier han.<\/p>\n<p>Bakteppet er USAs trusler om \u00e5 ta Gr\u00f8nland med makt. Det vil v\u00e6re et d\u00f8dsst\u00f8t for alliansen, mener eksperter.<\/p>\n<p>\u2013 Jeg tenker at Nato-samarbeidet ikke kommer til \u00e5 rakne. Det er en gjensidig forsvarsallianse, der den dimensjonerende trusselen er Russland. Alle atomv\u00e5pnene som befinner seg p\u00e5 Kolahalv\u00f8ya, er ikke prim\u00e6rt rettet mot Norge. De er rettet mot v\u00e5re allierte i Europa, og ikke minst mot USA, sier Sandvik til NTB.<\/p>\n<p>Sandvik p\u00e5peker at den korteste veien fra de russiske atomv\u00e5pnene til USAs storbyer er over Nordpolen, og han p\u00e5peker at USA har v\u00e6rt mye til stede i Norges n\u00e6romr\u00e5der de siste \u00e5rene, blant annet med hangarskip.<\/p>\n<p><b>Les ogs\u00e5: <a class=\"simple-relation related-teaser article--c-eRUmMG article--c-eRUmMG-fZoQSp-design-nettavisen article--c-eRUmMG-gwthdJ-cv\" href=\"https:\/\/www.nettavisen.no\/store-trump-har-tatt-opp-fredsprisen-med-meg-mange-ganger\/s\/5-95-2813318\" rel=\"nofollow noopener\" target=\"_blank\">St\u00f8re: \u2013 Trump har tatt opp fredsprisen med meg mange ganger<\/a><\/b><\/p>\n<p>Trump tviler p\u00e5 Nato-st\u00f8tte<\/p>\n<p>USAs president Donald Trump skrev i et <a href=\"https:\/\/truthsocial.com\/@realDonaldTrump\/posts\/115854352740910460\" rel=\"nofollow noopener\" target=\"_blank\"> lengre innlegg p\u00e5 Truth Social<\/a> onsdag at USA alltid kommer til \u00e5 st\u00f8tte Nato, men uttrykker tvil ved om Nato vil stille opp for USA.<\/p>\n<p>\u2013 Russland og Kina har null frykt for Nato uten USA, og jeg tviler p\u00e5 om Nato ville v\u00e6rt der for oss dersom vi virkelig trengte dem, skriver Trump i versaler.<\/p>\n<p>\u2013 Vi kommer alltid til \u00e5 v\u00e6re der for Nato selv om de ikke alltid er der for oss. Den eneste nasjonen som Kina og Russland frykter og respekterer, er det DJT-gjenoppbygde USA, skriver Trump. DJT viser til presidentens egne initialer.<\/p>\n<p>\u2013 Europa m\u00e5 ta st\u00f8rre ansvar<\/p>\n<p>Til dem som er bekymret for at USA skal la Norge i stikken, er Sandviks budskap enkelt:<\/p>\n<p>\u2013 Europa og Norge m\u00e5 ta st\u00f8rre ansvar for \u00e5 bygge sitt eget forsvar. Det er vi i ferd med \u00e5 gj\u00f8re, for verdenssituasjonen er som den er, og Putin har blitt en st\u00f8rre og farligere trussel enn f\u00f8r, sier Sandvik.<\/p>\n<p>Sandvik trekker fram at Nato p\u00e5 fjor\u00e5rets toppm\u00f8te vedtok \u00e5 bruke 5 prosent av bruttonasjonalproduktet p\u00e5 forsvar.<\/p>\n<p>Forsvarsminister Sandvik sier at det \u2013 Vi m\u00e5 ikke bare bruke mer penger, men vi m\u00e5 bruke dem smartere. Europa m\u00e5 integrere seg tettere og standardisere mer. USA er den st\u00f8rste makten i Nato, og har de beste standardiserte l\u00f8sningene i Nato-sammenheng.<\/p>\n<p>Han peker videre p\u00e5 fregattkj\u00f8p fra Storbritannia og kj\u00f8p av annet forsvarsmateriell fra Tyskland. Dette inneb\u00e6rer ogs\u00e5 felles \u00f8velser og tettere integrering, sier Sandvik.<\/p>\n<p>St\u00f8re: Bred st\u00f8tte til Danmark<\/p>\n<p>Danskenes statsminister Mette Frederiksen advarte tirsdag statsminister Jonas Gahr St\u00f8re (Ap) om at \u00abdet er alvor n\u00e5, Jonas\u00bb, fortalte St\u00f8re fra scenen p\u00e5 NHOs \u00e5rskonferanse onsdag.<\/p>\n<p>Han understreker overfor NTB at Danmark har bred st\u00f8tte i Nato.<\/p>\n<p>\u2013 Uttalelsene som kommer fra den amerikanske presidenten, gj\u00f8r det n\u00f8dvendig \u00e5 si tydeligere ifra. Jeg tror n\u00e5 at 31 av 32 Nato-land er enige om at det er slik det m\u00e5 v\u00e6re. Dette er en del av kongeriket Danmark, sier St\u00f8re med henvisning til Gr\u00f8nland.<\/p>\n<p><b>Les ogs\u00e5: <a class=\"simple-relation related-teaser article--c-eRUmMG article--c-eRUmMG-fZoQSp-design-nettavisen article--c-eRUmMG-gwthdJ-cv\" href=\"https:\/\/www.nettavisen.no\/stor-risiko-for-at-trump-steller-i-stand-noe-droyt\/s\/5-95-2811787\" rel=\"nofollow noopener\" target=\"_blank\">\u2013 Stor risiko for at Trump steller i stand noe dr\u00f8yt<\/a><\/b><\/p>\n<p>Europeerne f\u00f8lger etter<\/p>\n<p>Frankrikes utenriksminister Jean-Noel Barrot sa onsdag at landets regjering har startet samtaler med Tyskland og Polen om et samlet svar om USA skulle gj\u00f8re alvor av truslene.<\/p>\n<p>Statsministeren sier det er veldig positivt at de sentraleuropeiske landene n\u00e5 engasjerer seg i sp\u00f8rsm\u00e5let om Gr\u00f8nland.<\/p>\n<p>\u2013 Norden har v\u00e6rt tydelige fra start, for vi er s\u00e5 n\u00e6re p\u00e5. Dette er Arktis, det er nordomr\u00e5dene. Det som skjer n\u00e5, er egentlig at de landene kommer etter. Det er bra, og vi har ogs\u00e5 kontakt med dem, sier St\u00f8re.<\/p>\n","protected":false},"excerpt":{"rendered":"\u2013 Nato kommer ikke til \u00e5 ryke. Nato er en gjensidig forsvarsallianse, der USA er en viktig sikkerhetsgarantist,&hellip;\n","protected":false},"author":2,"featured_media":131826,"comment_status":"","ping_status":"","sticky":false,"template":"","format":"standard","meta":{"footnotes":""},"categories":[12],"tags":[20,21,24,25,15,22,23,13,30,28,29,14,16,26,27,42,43,44,45],"class_list":{"0":"post-131825","1":"post","2":"type-post","3":"status-publish","4":"format-standard","5":"has-post-thumbnail","7":"category-verden","8":"tag-breaking-news","9":"tag-breakingnews","10":"tag-featured-news","11":"tag-featurednews","12":"tag-headlines","13":"tag-latest-news","14":"tag-latestnews","15":"tag-news","16":"tag-no","17":"tag-norge","18":"tag-norway","19":"tag-nyheter","20":"tag-overskrifter","21":"tag-top-stories","22":"tag-topstories","23":"tag-verden","24":"tag-world","25":"tag-world-news","26":"tag-worldnews"},"share_on_mastodon":{"url":"https:\/\/pubeurope.com\/@no\/115858420744443882","error":""},"_links":{"self":[{"href":"https:\/\/www.europesays.com\/no\/wp-json\/wp\/v2\/posts\/131825","targetHints":{"allow":["GET"]}}],"collection":[{"href":"https:\/\/www.europesays.com\/no\/wp-json\/wp\/v2\/posts"}],"about":[{"href":"https:\/\/www.europesays.com\/no\/wp-json\/wp\/v2\/types\/post"}],"author":[{"embeddable":true,"href":"https:\/\/www.europesays.com\/no\/wp-json\/wp\/v2\/users\/2"}],"replies":[{"embeddable":true,"href":"https:\/\/www.europesays.com\/no\/wp-json\/wp\/v2\/comments?post=131825"}],"version-history":[{"count":0,"href":"https:\/\/www.europesays.com\/no\/wp-json\/wp\/v2\/posts\/131825\/revisions"}],"wp:featuredmedia":[{"embeddable":true,"href":"https:\/\/www.europesays.com\/no\/wp-json\/wp\/v2\/media\/131826"}],"wp:attachment":[{"href":"https:\/\/www.europesays.com\/no\/wp-json\/wp\/v2\/media?parent=131825"}],"wp:term":[{"taxonomy":"category","embeddable":true,"href":"https:\/\/www.europesays.com\/no\/wp-json\/wp\/v2\/categories?post=131825"},{"taxonomy":"post_tag","embeddable":true,"href":"https:\/\/www.europesays.com\/no\/wp-json\/wp\/v2\/tags?post=131825"}],"curies":[{"name":"wp","href":"https:\/\/api.w.org\/{rel}","templated":true}]}}