{"id":131829,"date":"2026-01-08T08:07:10","date_gmt":"2026-01-08T08:07:10","guid":{"rendered":"https:\/\/www.europesays.com\/no\/131829\/"},"modified":"2026-01-08T08:07:10","modified_gmt":"2026-01-08T08:07:10","slug":"usa-kan-kontrollere-venezuela-i-arevis","status":"publish","type":"post","link":"https:\/\/www.europesays.com\/no\/131829\/","title":{"rendered":"USA kan kontrollere Venezuela i \u00ab\u00e5revis\u00bb"},"content":{"rendered":"\n<p class=\"_paragraph_o9xde_4 _paragraph_xtcu6_10 layout-component text-serif-m layout-normal text-serif-m layout-padded\">USA kan komme til \u00e5 styre <a href=\"https:\/\/www.vg.no\/tag\/venezuela?utm_source=vg-article&amp;utm_medium=auto-tagger&amp;utm_campaign=GxGzJl\" class=\"_link_o9xde_39\" rel=\"nofollow noopener\" target=\"_blank\">Venezuela<\/a> i mange \u00e5r fremover, sier president Donald Trump i et to timer langt intervju med <a href=\"https:\/\/www.nytimes.com\/2026\/01\/08\/us\/politics\/trump-interview-venezuela.html\" class=\"_link_o9xde_39\" rel=\"nofollow noopener\" target=\"_blank\">New York Times.<\/a><\/p>\n<p class=\"_paragraph_o9xde_4 _paragraph_xtcu6_10 layout-component text-serif-m layout-normal text-serif-m layout-padded\">P\u00e5 sp\u00f8rsm\u00e5l om hvor lenge USA vil kreve direkte kontroll over Venezuela, svarer han:<\/p>\n<p class=\"_paragraph_o9xde_4 _paragraph_xtcu6_10 layout-component text-serif-m layout-normal text-serif-m layout-padded\">\u2013 Bare tiden vil vise.<\/p>\n<p><img alt=\"Nicolas Maduro ankom New York 5. januar.  Foto: Eduardo Munoz \/ Reuters \/ NTB\" class=\"_image_qp4xg_65 layout-component layout-normal\" data-fullscreen- data-track-element-type=\"Article image fullscreen\" data-track-name=\"ImageFullscreen\" decoding=\"async\" loading=\"lazy\" height=\"1702\" itemprop=\"image\"  src=\"https:\/\/www.europesays.com\/no\/wp-content\/uploads\/2026\/01\/d34c0f77-fb4c-4876-ac28-ae237b21c703.png\"  style=\"object-position:0% 0%\" width=\"2269\"\/>Nicolas Maduro ankom New York 5. januar.  Foto: Eduardo Munoz \/ Reuters \/ NTB<\/p>\n<p class=\"_paragraph_o9xde_4 _paragraph_xtcu6_10 layout-component text-serif-m layout-normal text-serif-m layout-padded\">I helgen gjennomf\u00f8rte USA et angrep i Venezuela, der president Nicol\u00e1s Maduro ble fanget og fraktet til New York, hvor han og kona er tiltalt for en rekke lovbrudd.<\/p>\n<p class=\"_paragraph_o9xde_4 _paragraph_xtcu6_10 layout-component text-serif-m layout-normal text-serif-m layout-padded\">En midlertidig regjering best\u00e5r av Maduros tidligere st\u00f8ttespillere.<\/p>\n<p class=\"_paragraph_o9xde_4 _paragraph_xtcu6_10 layout-component text-serif-m layout-normal text-serif-m layout-padded\"><strong class=\"_strong_o9xde_25\">\u2013 De gir oss alt vi f\u00f8ler er n\u00f8dvendig, sier Trump i intervjuet.<\/strong><\/p>\n<p>Dette har skjedd<\/p>\n<ul class=\"_list_o9xde_3 _list_xtcu6_9 _list_16v91_9 _unordered_o9xde_106 layout-component text-serif-m layout-normal text-sans-m layout-padded\">\n<li class=\"_item_o9xde_30\">Natt til l\u00f8rdag lokal tid gikk USA til angrep p\u00e5 Venezuela. Det ble meldt om eksplosjoner flere steder i landet. <\/li>\n<li class=\"_item_o9xde_30\">Venezuelas president Nicol\u00e1s Maduro og hans kone ble fanget av amerikanske spesialsoldater, og fraktet ut av landet. <\/li>\n<li class=\"_item_o9xde_30\">Sent l\u00f8rdag landet de i New York, hvor de mandag kveld ble stilt for retten. Maduro erkl\u00e6rte seg ikke skyldig for blant annet \u00abnarkoterrorisme\u00bb.<\/li>\n<li class=\"_item_o9xde_30\">Donald Trump har uttalt at det n\u00e5 er USA som skal styre i Venezuela. Samtidig er Venezuelas visepresident Delcy Rodr\u00edguez utnevnt som landets fungerende president.<\/li>\n<\/ul>\n<p>Vis mer<\/p>\n<p class=\"_paragraph_o9xde_4 _paragraph_xtcu6_10 layout-component text-serif-m layout-normal text-serif-m layout-padded\">Trump snakker ogs\u00e5 om Venezuelas olje:<\/p>\n<p class=\"_paragraph_o9xde_4 _paragraph_xtcu6_10 layout-component text-serif-m layout-normal text-serif-m layout-padded\">\u2013 Vi kommer til \u00e5 bruke olje, og vi kommer til \u00e5 ta olje. Vi f\u00e5r ned oljeprisen, og vi kommer til \u00e5 gi penger til Venezuela, som de s\u00e5rt trenger.<\/p>\n<p class=\"_paragraph_o9xde_4 _paragraph_xtcu6_10 layout-component text-serif-m layout-normal text-serif-m layout-padded\">Uttalelsene kom timer etter at regjeringskilder sa USA planlegger \u00e5 ta kontroll over salget av Venezuelas olje p\u00e5 ubestemt tid, if\u00f8lge The New York Times.<\/p>\n<p class=\"_paragraph_o9xde_4 _paragraph_xtcu6_10 layout-component text-serif-m layout-normal text-serif-m layout-padded\"><strong class=\"_strong_o9xde_25\">Les ogs\u00e5: <a href=\"https:\/\/www.vg.no\/nyheter\/i\/xrPGQG\/tar-til-gatene-mot-donald-trump-i-colombia-vil-ikke-ha-ham-her\" data-track-element-type=\"Link\" data-track-id=\"link:xrPGQG\" class=\"_link_o9xde_39\" rel=\"nofollow noopener\" target=\"_blank\">Tar til gatene mot Trump: \u2013\u2060\u00a0Vil ikke ha ham her<\/a><\/strong><\/p>\n<p class=\"_paragraph_o9xde_4 _paragraph_xtcu6_10 layout-component text-serif-m layout-normal text-serif-m layout-padded\">Venezuelas visepresident Delcy Rodr\u00edguez er tatt i ed som fungerende president etter Maduros p\u00e5gripelse, og har offentlig ford\u00f8mt det amerikanske angrepet og bortf\u00f8ringen.<\/p>\n<p class=\"_paragraph_o9xde_4 _paragraph_xtcu6_10 layout-component text-serif-m layout-normal text-serif-m layout-padded\">Venezuela har erkl\u00e6rt nasjonal krise og innf\u00f8rer unntakstilstand etter de amerikanske angrepene. Innenriksminister Diosdado Cabello opplyser at 100 personer d\u00f8de i angrepene.<\/p>\n<p>    <img decoding=\"async\" alt=\"Tips oss illustrasjon\" src=\"https:\/\/www.europesays.com\/no\/wp-content\/uploads\/2025\/10\/pssst-small.webp.webp\"\/>    <\/p>\n<p class=\"title-serif-s\">Har du tips?<\/p>\n<p class=\"text-sans-m\">Send oss informasjon, bilder eller video.<\/p>\n<p>  <a href=\"https:\/\/www.vg.no\/tips-oss\" rel=\"nofollow noopener\" target=\"_blank\"> Tips oss <\/a>      <\/p>\n","protected":false},"excerpt":{"rendered":"USA kan komme til \u00e5 styre Venezuela i mange \u00e5r fremover, sier president Donald Trump i et to&hellip;\n","protected":false},"author":2,"featured_media":131830,"comment_status":"","ping_status":"","sticky":false,"template":"","format":"standard","meta":{"footnotes":""},"categories":[12],"tags":[14960,31,20,21,55,24,25,15,22,23,13,4037,30,28,29,14,16,26,27,95,42,43,44,45],"class_list":{"0":"post-131829","1":"post","2":"type-post","3":"status-publish","4":"format-standard","5":"has-post-thumbnail","7":"category-verden","8":"tag-angrepet-mot-venezuela","9":"tag-breaking","10":"tag-breaking-news","11":"tag-breakingnews","12":"tag-donald-trump","13":"tag-featured-news","14":"tag-featurednews","15":"tag-headlines","16":"tag-latest-news","17":"tag-latestnews","18":"tag-news","19":"tag-nicolas-maduro","20":"tag-no","21":"tag-norge","22":"tag-norway","23":"tag-nyheter","24":"tag-overskrifter","25":"tag-top-stories","26":"tag-topstories","27":"tag-venezuela","28":"tag-verden","29":"tag-world","30":"tag-world-news","31":"tag-worldnews"},"share_on_mastodon":{"url":"https:\/\/pubeurope.com\/@no\/115858456251209395","error":""},"_links":{"self":[{"href":"https:\/\/www.europesays.com\/no\/wp-json\/wp\/v2\/posts\/131829","targetHints":{"allow":["GET"]}}],"collection":[{"href":"https:\/\/www.europesays.com\/no\/wp-json\/wp\/v2\/posts"}],"about":[{"href":"https:\/\/www.europesays.com\/no\/wp-json\/wp\/v2\/types\/post"}],"author":[{"embeddable":true,"href":"https:\/\/www.europesays.com\/no\/wp-json\/wp\/v2\/users\/2"}],"replies":[{"embeddable":true,"href":"https:\/\/www.europesays.com\/no\/wp-json\/wp\/v2\/comments?post=131829"}],"version-history":[{"count":0,"href":"https:\/\/www.europesays.com\/no\/wp-json\/wp\/v2\/posts\/131829\/revisions"}],"wp:featuredmedia":[{"embeddable":true,"href":"https:\/\/www.europesays.com\/no\/wp-json\/wp\/v2\/media\/131830"}],"wp:attachment":[{"href":"https:\/\/www.europesays.com\/no\/wp-json\/wp\/v2\/media?parent=131829"}],"wp:term":[{"taxonomy":"category","embeddable":true,"href":"https:\/\/www.europesays.com\/no\/wp-json\/wp\/v2\/categories?post=131829"},{"taxonomy":"post_tag","embeddable":true,"href":"https:\/\/www.europesays.com\/no\/wp-json\/wp\/v2\/tags?post=131829"}],"curies":[{"name":"wp","href":"https:\/\/api.w.org\/{rel}","templated":true}]}}