{"id":131841,"date":"2026-01-08T08:30:10","date_gmt":"2026-01-08T08:30:10","guid":{"rendered":"https:\/\/www.europesays.com\/no\/131841\/"},"modified":"2026-01-08T08:30:10","modified_gmt":"2026-01-08T08:30:10","slug":"jd-vance-kritiserer-dansk-gronland-politikk","status":"publish","type":"post","link":"https:\/\/www.europesays.com\/no\/131841\/","title":{"rendered":"JD Vance kritiserer dansk Gr\u00f8nland-politikk"},"content":{"rendered":"\n<p class=\"_lead_o9xde_2 _lead_xtcu6_50 layout-component text-serif-m layout-normal text-serif-l layout-component layout-wide layout-padded _wide_17hqh_1 layout-padded\">USAs visepresident mener danske myndigheter har sviktet p\u00e5 Gr\u00f8nland.<\/p>\n<p><img alt=\"Her avbildet under en tale i Washington, D.C. i november i fjor. Foto: Julia Demaree Nikhinson \/ AP \/ NTB\" class=\"_image_qp4xg_65 layout-component layout-wide\" data-fullscreen- data-track-element-type=\"Article image fullscreen\" data-track-name=\"ImageFullscreen\" fetchpriority=\"high\" decoding=\"sync\" loading=\"eager\" height=\"4292\" itemprop=\"image\"  src=\"https:\/\/www.europesays.com\/no\/wp-content\/uploads\/2026\/01\/567cbc46-a8b1-41e6-b5c0-b081580a590b.png\"  style=\"object-position:0% 0%\" width=\"5722\"\/>Her avbildet under en tale i Washington, D.C. i november i fjor. Foto: Julia Demaree Nikhinson \/ AP \/ NTB<\/p>\n<ul aria-hidden=\"true\" class=\"_images_ntbth_112\">\n<li><a class=\"_link_ntbth_117\" href=\"https:\/\/www.vg.no\/forfatter\/ingrid-bjoerndal-farestvedt\" style=\"z-index:1\" title=\"Ingrid Bj\u00f8rndal Farestvedt\" rel=\"nofollow noopener\" target=\"_blank\"><img alt=\"Bilde av Ingrid Bj\u00f8rndal Farestvedt\" class=\"_image_ntbth_93\" fetchpriority=\"low\" loading=\"lazy\" decoding=\"async\" itemprop=\"image\"  src=\"https:\/\/www.europesays.com\/no\/wp-content\/uploads\/2026\/01\/1767861008_755_0ca626e9-b4bd-4417-836d-161b53cb789f.jpeg\"  width=\"480\"\/><\/a><\/li>\n<\/ul>\n<p> Oppdatert torsdag 8. januar kl. 08:58     <\/p>\n<p class=\"_paragraph_o9xde_4 _paragraph_xtcu6_10 layout-component text-serif-m layout-normal text-serif-m layout-padded\">Kritikken kommer i et TV-intervju med amerikanske <a href=\"https:\/\/www.youtube.com\/watch?v=-k7em-PkgJk\" class=\"_link_o9xde_39\" rel=\"nofollow noopener\" target=\"_blank\">Fox News<\/a> natt til torsdag.<\/p>\n<p class=\"_paragraph_o9xde_4 _paragraph_xtcu6_10 layout-component text-serif-m layout-normal text-serif-m layout-padded\">\u2013 Har danskene gjort en skikkelig jobb med \u00e5 s\u00f8rge for at Gr\u00f8nland kan fortsette \u00e5 fungere som et anker for verdenssikkerheten? Svaret er helt klart nei, sier visepresident JD Vance.<\/p>\n<p class=\"_paragraph_o9xde_4 _paragraph_xtcu6_10 layout-component text-serif-m layout-normal text-serif-m layout-padded\"><strong class=\"_strong_o9xde_25\">De siste dagene har amerikanske myndigheter trappet opp sin skarpe retorikk om Gr\u00f8nland. <\/strong><\/p>\n<p class=\"_paragraph_o9xde_4 _paragraph_xtcu6_10 layout-component text-serif-m layout-normal text-serif-m layout-padded\"><a href=\"https:\/\/www.vg.no\/nyheter\/i\/oEpqRW\/trumps-sjefstrateg-ingen-vil-militaert-kjempe-mot-usa-om-groenland\" data-track-element-type=\"Link\" data-track-id=\"link:oEpqRW\" class=\"_link_o9xde_39\" rel=\"nofollow noopener\" target=\"_blank\">Flere ganger<\/a> har president Donald Trump gjentatt kravet om at USA \u00abtrenger\u00bb den arktiske \u00f8ya \u2013 som er verdens st\u00f8rste.<\/p>\n<p class=\"_paragraph_o9xde_4 _paragraph_xtcu6_10 layout-component text-serif-m layout-normal text-serif-m layout-padded\">Territoriet er selvstyrt, men er del av kongeriket Danmark og under dansk kontroll. <\/p>\n<p class=\"_paragraph_o9xde_4 _paragraph_xtcu6_10 layout-component text-serif-m layout-normal text-serif-m layout-padded\">Danmark og USA er n\u00e6re allierte og har tette historiske b\u00e5nd, men tirsdag ble det <a href=\"https:\/\/www.vg.no\/nyheter\/i\/zOGm45\/danmark-holder-krisemoete-om-groenland-i-lukket-lokale-uten-vinduer\" data-track-element-type=\"Link\" data-track-id=\"link:zOGm45\" class=\"_link_o9xde_39\" rel=\"nofollow noopener\" target=\"_blank\">holdt krisem\u00f8te<\/a> i Folketinget om landets forhold til USA.<\/p>\n<p class=\"_paragraph_o9xde_4 _paragraph_xtcu6_10 layout-component text-serif-m layout-normal text-serif-m layout-padded\"><strong class=\"_strong_o9xde_25\">Danske myndigheter har nemlig kraftig p\u00e5 Trump-adminstrasjonens utspill om Gr\u00f8nland.<\/strong><\/p>\n<p class=\"_paragraph_o9xde_4 _paragraph_xtcu6_10 layout-component text-serif-m layout-normal text-serif-m layout-padded\">\u2013 Jeg er n\u00f8dt til \u00e5 si det meget direkte til USA: USA har ingen mulighet til \u00e5 annektere et av de tre landene i Riksfelleskapet, har<a href=\"https:\/\/www.vg.no\/i\/Pd98dX\" data-track-element-type=\"Link\" data-track-id=\"link:Pd98dX\" class=\"_link_o9xde_39\" rel=\"nofollow noopener\" target=\"_blank\"> statsminister Mette Frederiksen sagt<\/a>.<\/p>\n<p><img alt=\"Foto: Jim Watson \/ AP \/ NTB\" class=\"_image_qp4xg_65 layout-component layout-normal\" data-fullscreen- data-track-element-type=\"Article image fullscreen\" data-track-name=\"ImageFullscreen\" decoding=\"async\" loading=\"lazy\" height=\"4847\" itemprop=\"image\"  src=\"https:\/\/www.europesays.com\/no\/wp-content\/uploads\/2026\/01\/5b9fefb9-42d1-4987-9517-42a096a46c9e.jpeg\"  style=\"object-position:0% 0%\" width=\"7270\"\/>Foto: Jim Watson \/ AP \/ NTB<\/p>\n<p class=\"_paragraph_o9xde_4 _paragraph_xtcu6_10 layout-component text-serif-m layout-normal text-serif-m layout-padded\">I intervjuet med Fox News sier Vance at myndighetene er \u00abtakknemlige\u00bb for sine allierte. <\/p>\n<p class=\"_paragraph_o9xde_4 _paragraph_xtcu6_10 layout-component text-serif-m layout-normal text-serif-m layout-padded\"><strong class=\"_strong_o9xde_25\">Likevel langer han ut mot danske myndigheter:<\/strong><\/p>\n<p class=\"_paragraph_o9xde_4 _paragraph_xtcu6_10 layout-component text-serif-m layout-normal text-serif-m layout-padded\">\u2013 De lager alltid et poeng ut av fortiden. De sier \u00abvi kjempet sammen under andre verdenskrig\u00bb, eller \u00abvi kjempet sammen i krigen mot terror\u00bb. Men bare fordi dere gjorde noe riktig for 25 \u00e5r siden, betyr ikke det at dere ikke kan gj\u00f8re noe dumt n\u00e5.<\/p>\n<p class=\"_paragraph_o9xde_4 _paragraph_xtcu6_10 layout-component text-serif-m layout-normal text-serif-m layout-padded\"><strong class=\"_strong_o9xde_25\">\u2013 USAs president har sagt det helt tydelig: Dere har ikke gjort en god jobb n\u00e5r det gjelder Gr\u00f8nland.<\/strong><\/p>\n<p class=\"_paragraph_o9xde_4 _paragraph_xtcu6_10 layout-component text-serif-m layout-normal text-serif-m layout-padded\">\u2013 Vi vil sikre at vi beskytter USAs interesser, og jeg tror presidenten er villig til \u00e5 g\u00e5 s\u00e5 langt som n\u00f8dvendig for \u00e5 f\u00e5 det til, sier Vance videre.<\/p>\n<p>    <img decoding=\"async\" alt=\"Tips oss illustrasjon\" src=\"https:\/\/www.europesays.com\/no\/wp-content\/uploads\/2025\/10\/pssst-small.webp.webp\"\/>    <\/p>\n<p class=\"title-serif-s\">Har du tips?<\/p>\n<p class=\"text-sans-m\">Send oss informasjon, bilder eller video.<\/p>\n<p>  <a href=\"https:\/\/www.vg.no\/tips-oss\" rel=\"nofollow noopener\" target=\"_blank\"> Tips oss <\/a>      <\/p>\n","protected":false},"excerpt":{"rendered":"USAs visepresident mener danske myndigheter har sviktet p\u00e5 Gr\u00f8nland. Her avbildet under en tale i Washington, D.C. i&hellip;\n","protected":false},"author":2,"featured_media":131842,"comment_status":"","ping_status":"","sticky":false,"template":"","format":"standard","meta":{"footnotes":""},"categories":[5],"tags":[31,20,21,1524,24,25,2112,15,19,529,22,23,17,18,13,30,28,29,14,16,26,27,50],"class_list":{"0":"post-131841","1":"post","2":"type-post","3":"status-publish","4":"format-standard","5":"has-post-thumbnail","7":"category-overskrifter","8":"tag-breaking","9":"tag-breaking-news","10":"tag-breakingnews","11":"tag-danmark","12":"tag-featured-news","13":"tag-featurednews","14":"tag-gronland","15":"tag-headlines","16":"tag-hovedoppslag","17":"tag-j-d-vance","18":"tag-latest-news","19":"tag-latestnews","20":"tag-main-news","21":"tag-mainnews","22":"tag-news","23":"tag-no","24":"tag-norge","25":"tag-norway","26":"tag-nyheter","27":"tag-overskrifter","28":"tag-top-stories","29":"tag-topstories","30":"tag-usa"},"share_on_mastodon":{"url":"https:\/\/pubeurope.com\/@no\/115858546556222217","error":""},"_links":{"self":[{"href":"https:\/\/www.europesays.com\/no\/wp-json\/wp\/v2\/posts\/131841","targetHints":{"allow":["GET"]}}],"collection":[{"href":"https:\/\/www.europesays.com\/no\/wp-json\/wp\/v2\/posts"}],"about":[{"href":"https:\/\/www.europesays.com\/no\/wp-json\/wp\/v2\/types\/post"}],"author":[{"embeddable":true,"href":"https:\/\/www.europesays.com\/no\/wp-json\/wp\/v2\/users\/2"}],"replies":[{"embeddable":true,"href":"https:\/\/www.europesays.com\/no\/wp-json\/wp\/v2\/comments?post=131841"}],"version-history":[{"count":0,"href":"https:\/\/www.europesays.com\/no\/wp-json\/wp\/v2\/posts\/131841\/revisions"}],"wp:featuredmedia":[{"embeddable":true,"href":"https:\/\/www.europesays.com\/no\/wp-json\/wp\/v2\/media\/131842"}],"wp:attachment":[{"href":"https:\/\/www.europesays.com\/no\/wp-json\/wp\/v2\/media?parent=131841"}],"wp:term":[{"taxonomy":"category","embeddable":true,"href":"https:\/\/www.europesays.com\/no\/wp-json\/wp\/v2\/categories?post=131841"},{"taxonomy":"post_tag","embeddable":true,"href":"https:\/\/www.europesays.com\/no\/wp-json\/wp\/v2\/tags?post=131841"}],"curies":[{"name":"wp","href":"https:\/\/api.w.org\/{rel}","templated":true}]}}