{"id":131843,"date":"2026-01-08T08:34:20","date_gmt":"2026-01-08T08:34:20","guid":{"rendered":"https:\/\/www.europesays.com\/no\/131843\/"},"modified":"2026-01-08T08:34:20","modified_gmt":"2026-01-08T08:34:20","slug":"bolig-oppussing-dette-er-grepene-som-tas-i-tid-med-hoye-priser-og-lite-nybygging","status":"publish","type":"post","link":"https:\/\/www.europesays.com\/no\/131843\/","title":{"rendered":"Bolig, Oppussing | Dette er grepene som tas i tid med h\u00f8ye priser og lite nybygging"},"content":{"rendered":"\n<p>I stedet for \u00abalt p\u00e5 en gang\u00bb velger stadig flere \u00e5 bo seg videre der de er, og ta m\u00e5lrettede oppussingsgrep som gir mer funksjon og trivsel.<\/p>\n<p>Det skriver IFI, Informasjonskontoret for farge og interi\u00f8r, i en pressemelding.<\/p>\n<p>De skriver at byggekostnadsindeksene viser at prisniv\u00e5et i boligbygging fortsatt har steget inn i 3. kvartal 2025, og at s\u00e6rlig materialdelen ligger h\u00f8yt sammenlignet med den generelle prisveksten. Med andre ord: det som g\u00e5r inn i vegger, tak og gulv har blitt relativt dyrere enn handlekurven ellers.<\/p>\n<p>  <a href=\"https:\/\/www.ranablad.no\/5-42-1535359\" class=\"related-teaser has-image default-feature-teaser article--c-eRUmMG article--c-eRUmMG-jKCPdD-design-default\" rel=\"nofollow noopener\" target=\"_blank\"><\/p>\n<p>    <img decoding=\"async\" loading=\"lazy\"  src=\"https:\/\/www.europesays.com\/no\/wp-content\/uploads\/2026\/01\/eline-7.jpg\" alt=\"\" class=\"brick-c-cFOWSL\" style=\"\"\/><\/p>\n<p>\n            Les ogs\u00e5<\/p>\n<p>              Eline (29) kj\u00f8pte hus i gata hun selv vokste opp i. N\u00e5 har hun \u00abhele\u00bb slekta utenfor d\u00f8ra: \u2013 All honn\u00f8r til de som leverer posten\n        <\/p>\n<p>  <\/a><br \/>\n  Praktisk effekt<\/p>\n<p>Det merkes i valgene folk tar. I oppussingsunders\u00f8kelser fra 2024 og 2025 er det de \u00absynlige\u00bb og modul\u00e6re jobbene som dominerer: innvendig maling, utvendig maling, elektrikerarbeid og nye gulv\/gulvbelegg. Dette er tiltak som gir stor visuell og praktisk effekt, men som er mulig \u00e5 ta i etapper \u2013 rom for rom, flate for flate. Samtidig peker arbeidsmarkedsdata p\u00e5 \u00f8kt arbeidsledighet og mer usikkerhet rundt inntekt i 2025, noe som naturlig nok gj\u00f8r terskelen h\u00f8yere for de st\u00f8rste totalprosjektene.<\/p>\n<p>Resultatet er et mer planlagt og trinnvis oppussingsm\u00f8nster.<\/p>\n<p>  <a href=\"https:\/\/www.ranablad.no\/5-42-1539718\" class=\"related-teaser has-image default-story-teaser article--c-eRUmMG article--c-eRUmMG-jKCPdD-design-default\" rel=\"nofollow noopener\" target=\"_blank\"><\/p>\n<p>    <img decoding=\"async\" loading=\"lazy\"  src=\"https:\/\/www.europesays.com\/no\/wp-content\/uploads\/2026\/01\/480879440_1202122718586557_3077500826099829842_n.jpg\" alt=\"\" class=\"brick-c-cFOWSL\" style=\"\"\/><\/p>\n<p>\n            Les ogs\u00e5<\/p>\n<p>              Stenger kafeen rett nord for Saltfjellet i flere m\u00e5neder: \u2013 Det blir en stor endring\n        <\/p>\n<p>  <\/a><\/p>\n<p>Oppussing er ikke \u00e9n b\u00f8lge, men mange sm\u00e5 str\u00f8mmer rundt i landet. Unders\u00f8kelser og bransjeerfaring viser at stue, kj\u00f8kken, soverom og bad jevnt over er de mest popul\u00e6re rommene \u00e5 oppgradere, men prioriteringen varierer regionalt.<\/p>\n<p>I Nord-Norge ligger fokuset ofte p\u00e5 stue, kj\u00f8kken og gang. N\u00e5r klima og \u00e5rstider gj\u00f8r hjemmet til hovedarena for samv\u00e6r, er det disse rommene som b\u00e6rer hverdagen.<\/p>\n<p>Fellesnevneren er tydelig: De rommene vi er mest i, og som betyr mest for hverdagens flyt og trivsel, f\u00e5r prioritet f\u00f8rst.<\/p>\n<p>Mer omtanke<\/p>\n<p>N\u00e5r vi legger kostnadsbildet, boligbyggingen og oppussingsintensjonen opp\u00e5 hverandre, peker pilene mot et Norge som pusser opp med mer omtanke enn f\u00f8r. Byggekostnadene er h\u00f8ye, nybyggtakten er moderat, men bolig og vedlikehold tar fortsatt en stor del av husholdningsbudsjettene.<\/p>\n<p>De viktigste utviklingstrekkene fremover ser ut til \u00e5 bli:<\/p>\n<ul>\n<li>Mer trinnvis oppussing: Rom for rom og prosjekt for prosjekt, i stedet for totalrenovering.<\/li>\n<li>Badet holder stand: S\u00e6rlig i kyst- og nedb\u00f8rstunge omr\u00e5der ser badet ut til \u00e5 forbli et h\u00f8yt prioritert rom, fordi det er kostbart \u00e5 utsette for lenge.<\/li>\n<li>Overflater som virkemiddel: Gulv, maling, fliser og tapet blir enda viktigere verkt\u00f8y for \u00e5 oppdatere hjemmet uten \u00e5 rive alt.<\/li>\n<li>\u00d8kt prisbevissthet: Husholdningene blir mer selektive, men ikke passive, og de velger tiltak som gir vedlikehold, komfort og bedre brukskvalitet, heller enn ren \u00abkos-oppussing\u00bb.<\/li>\n<\/ul>\n<p>  <a href=\"https:\/\/www.ranablad.no\/5-42-1530917\" class=\"related-teaser has-image default-feature-teaser article--c-eRUmMG article--c-eRUmMG-jKCPdD-design-default\" rel=\"nofollow noopener\" target=\"_blank\"><\/p>\n<p>    <img decoding=\"async\" loading=\"lazy\"  src=\"https:\/\/www.europesays.com\/no\/wp-content\/uploads\/2026\/01\/rein_mo-7.jpg\" alt=\"\" class=\"brick-c-cFOWSL\" style=\"\"\/><\/p>\n<p>\n            Les ogs\u00e5<\/p>\n<p>              Etter flere \u00e5r med storstilt oppussing nyter Nils (38) utsikten fra sitt nye hjem: \u2013 Hadde det ikke v\u00e6rt for pappa hadde jeg fortsatt st\u00e5tt her og kl\u00f8dd meg i hodet\n        <\/p>\n<p>  <\/a><\/p>\n<p>  <a href=\"https:\/\/www.ranablad.no\/5-42-1529869\" class=\"related-teaser has-image default-story-teaser article--c-eRUmMG article--c-eRUmMG-jKCPdD-design-default\" rel=\"nofollow noopener\" target=\"_blank\"><\/p>\n<p>    <img decoding=\"async\" loading=\"lazy\"  src=\"https:\/\/www.europesays.com\/no\/wp-content\/uploads\/2026\/01\/DSC_3136.jpg\" alt=\"\" class=\"brick-c-cFOWSL\" style=\"\"\/><\/p>\n<p>\n            Les ogs\u00e5<\/p>\n<p>              Erlend (21) og Nikolai (21) tok en uvanlig vei inn p\u00e5 boligmarkedet: \u2013 Ganske kult dersom vi kan inspirere folk\n        <\/p>\n<p>  <\/a><\/p>\n<p>  <a href=\"https:\/\/www.ranablad.no\/5-42-1524724\" class=\"related-teaser has-image default-feature-teaser article--c-eRUmMG article--c-eRUmMG-jKCPdD-design-default\" rel=\"nofollow noopener\" target=\"_blank\"><\/p>\n<p>    <img decoding=\"async\" loading=\"lazy\"  src=\"https:\/\/www.europesays.com\/no\/wp-content\/uploads\/2026\/01\/Selforsveien+64-04.jpg\" alt=\"\" class=\"brick-c-cFOWSL\" style=\"\"\/><\/p>\n<p>\n            Les ogs\u00e5<\/p>\n<p>              Sivert (25) og Eirik (25) dr\u00f8mmer om \u00e5 bli \u00f8konomisk uavhengig. N\u00e5 har de tatt det f\u00f8rste skrittet ved \u00e5 kj\u00f8pe hus sammen: \u2013 Stedet har potensial\n        <\/p>\n<p>  <\/a><\/p>\n","protected":false},"excerpt":{"rendered":"I stedet for \u00abalt p\u00e5 en gang\u00bb velger stadig flere \u00e5 bo seg videre der de er, og&hellip;\n","protected":false},"author":2,"featured_media":131844,"comment_status":"","ping_status":"","sticky":false,"template":"","format":"standard","meta":{"footnotes":""},"categories":[56],"tags":[36,237,60,61,4700,62,30,28,29,2270,1510],"class_list":{"0":"post-131843","1":"post","2":"type-post","3":"status-publish","4":"format-standard","5":"has-post-thumbnail","7":"category-naeringsliv","8":"tag-art","9":"tag-bolig","10":"tag-business","11":"tag-economy","12":"tag-interior","13":"tag-naeringsliv","14":"tag-no","15":"tag-norge","16":"tag-norway","17":"tag-oppussing","18":"tag-story"},"share_on_mastodon":{"url":"https:\/\/pubeurope.com\/@no\/115858562535877839","error":""},"_links":{"self":[{"href":"https:\/\/www.europesays.com\/no\/wp-json\/wp\/v2\/posts\/131843","targetHints":{"allow":["GET"]}}],"collection":[{"href":"https:\/\/www.europesays.com\/no\/wp-json\/wp\/v2\/posts"}],"about":[{"href":"https:\/\/www.europesays.com\/no\/wp-json\/wp\/v2\/types\/post"}],"author":[{"embeddable":true,"href":"https:\/\/www.europesays.com\/no\/wp-json\/wp\/v2\/users\/2"}],"replies":[{"embeddable":true,"href":"https:\/\/www.europesays.com\/no\/wp-json\/wp\/v2\/comments?post=131843"}],"version-history":[{"count":0,"href":"https:\/\/www.europesays.com\/no\/wp-json\/wp\/v2\/posts\/131843\/revisions"}],"wp:featuredmedia":[{"embeddable":true,"href":"https:\/\/www.europesays.com\/no\/wp-json\/wp\/v2\/media\/131844"}],"wp:attachment":[{"href":"https:\/\/www.europesays.com\/no\/wp-json\/wp\/v2\/media?parent=131843"}],"wp:term":[{"taxonomy":"category","embeddable":true,"href":"https:\/\/www.europesays.com\/no\/wp-json\/wp\/v2\/categories?post=131843"},{"taxonomy":"post_tag","embeddable":true,"href":"https:\/\/www.europesays.com\/no\/wp-json\/wp\/v2\/tags?post=131843"}],"curies":[{"name":"wp","href":"https:\/\/api.w.org\/{rel}","templated":true}]}}