{"id":131845,"date":"2026-01-08T08:35:11","date_gmt":"2026-01-08T08:35:11","guid":{"rendered":"https:\/\/www.europesays.com\/no\/131845\/"},"modified":"2026-01-08T08:35:11","modified_gmt":"2026-01-08T08:35:11","slug":"usa-kan-kontrollere-venezuela-i-arevis-e24","status":"publish","type":"post","link":"https:\/\/www.europesays.com\/no\/131845\/","title":{"rendered":"USA kan kontrollere Venezuela i \u00ab\u00e5revis\u00bb \u2013 E24"},"content":{"rendered":"<p class=\"fullWidthDesktop hyperion-css-71ztg2\" data-test-tag=\"lead-text\">\u2013 Bare tiden vil vise.<\/p>\n<p><img decoding=\"async\" class=\"image-asset hyperion-css-u06ts1\" data-test-tag=\"image-asset\" src=\"https:\/\/www.europesays.com\/no\/wp-content\/uploads\/2026\/01\/1767861308_654_e12f756d-1a27-469c-9a36-bb8537419d54.jpeg\"  alt=\"Her avbildet tidligere denne uken.\"  loading=\"eager\" fetchpriority=\"high\" style=\"aspect-ratio:1900 \/ 1425\"\/>Her avbildet tidligere denne uken. Foto: MANDEL NGAN \/ AFP \/ NTBPublisert: <\/p>\n<p>For mindre enn 50 minutter siden<\/p>\n<p>Oppdatert n\u00e5 nettopp<\/p>\n<ul class=\"hyperion-css-pte5x0\">\n<li aria-label=\"link\" class=\"narrow-button hyperion-css-1sz7d3n\">Kopier lenke<\/li>\n<li aria-label=\"link\" class=\"wide-button hyperion-css-1sz7d3n\">Kopier lenke<\/li>\n<li aria-label=\"facebook\" class=\"narrow-button hyperion-css-1sz7d3n\">Del p\u00e5 Facebook<\/li>\n<li aria-label=\"facebook\" class=\"wide-button hyperion-css-1sz7d3n\">Del p\u00e5 Facebook<\/li>\n<li aria-label=\"email\" class=\"narrow-button hyperion-css-1sz7d3n\">Del med e-post<\/li>\n<li aria-label=\"email\" class=\"wide-button hyperion-css-1sz7d3n\">Del med e-post<\/li>\n<\/ul>\n<p class=\"hyperion-css-1lemvax\">USA kan komme til \u00e5 styre Venezuela i mange \u00e5r fremover, sier president Donald Trump i et to timer langt intervju med <a aria-label=\"New York Times.\" class=\"default hyperion-css-1rezu2g\" href=\"https:\/\/www.nytimes.com\/2026\/01\/08\/us\/politics\/trump-interview-venezuela.html\" rel=\"noopener nofollow noreferrer\" data-test-tag=\"external-link\" target=\"_blank\">New York Times.<\/a><\/p>\n<p class=\"hyperion-css-1lemvax\">P\u00e5 sp\u00f8rsm\u00e5l om hvor lenge USA vil kreve direkte kontroll over landet, svarer han:<\/p>\n<p class=\"hyperion-css-1lemvax\">\u2013 Bare tiden vil vise.<\/p>\n<p class=\"hyperion-css-1lemvax\"><strong>Det var i helgen at amerikanske myndigheter angrep Venezuela. <\/strong><\/p>\n<p class=\"hyperion-css-1lemvax\">USA fanget president Nicol\u00e1s Maduro og kona hans, og tok dem med til New York. Der st\u00e5r de tiltalt for en rekke narkotikalovbrudd, noe paret nekter straffskyld for.<\/p>\n<p><img decoding=\"async\" class=\"image-asset hyperion-css-u06ts1\" data-test-tag=\"image-asset\" src=\"https:\/\/www.europesays.com\/no\/wp-content\/uploads\/2026\/01\/d34c0f77-fb4c-4876-ac28-ae237b21c703.jpeg\"  alt=\"Nicol\u00e1s Maduro ankom New York 5. januar.\"  loading=\"eager\" fetchpriority=\"high\" style=\"aspect-ratio:1900 \/ 1425\"\/>Nicol\u00e1s Maduro ankom New York 5. januar. Foto: Eduardo Munoz \/ Reuters \/ NTB<\/p>\n<p class=\"hyperion-css-1lemvax\">Etter angrepet sa Trump at det er USA som \u00abskal styre\u00bb Venezuela fremover. Samtidig er visepresident Delcy Rodr\u00edguez tatt i ed som landets nye leder.<\/p>\n<p class=\"hyperion-css-1lemvax\">Den midlertidige regjeringen best\u00e5r alts\u00e5 av Maduros tidligere st\u00f8ttespillere.<\/p>\n<p class=\"hyperion-css-1lemvax\"><strong>\u2013 De gir oss alt vi f\u00f8ler er n\u00f8dvendig, sier Trump til <\/strong><a class=\"default hyperion-css-1rezu2g\" href=\"https:\/\/www.nytimes.com\/2026\/01\/08\/us\/politics\/trump-interview-venezuela.html\" rel=\"noopener nofollow noreferrer\" data-test-tag=\"external-link\" target=\"_blank\"><strong>New York Times<\/strong><\/a><strong>.<\/strong><\/p>\n<p class=\"hyperion-css-1lemvax\">Trump-administrasjonen har tidligere signalisert at de \u00f8nsker samarbeid med Rodr\u00edguez for \u00e5 styre Venezuela i tr\u00e5d med amerikanske interesser.<\/p>\n<p class=\"hyperion-css-1lemvax\">Onsdag sa utenriksminister Marco Rubio at USA opplever at de har betydelig innflytelse over Rodr\u00edguez\u2019 regjering.<\/p>\n<p><img decoding=\"async\" class=\"image-asset hyperion-css-n6kkq1\" data-test-tag=\"image-asset\" src=\"https:\/\/www.europesays.com\/no\/wp-content\/uploads\/2026\/01\/d112ad41-f181-4ae9-9767-8109c862f291.jpeg\"  alt=\"\"  fetchpriority=\"auto\" style=\"aspect-ratio:1900 \/ 1267\"\/>Delcy Rodr\u00edguez<\/p>\n<p class=\"hyperion-css-1lemvax\">Fungerende president i Venezuela. Tidligere visepresident under Nicol\u00e1s Maduro.<\/p>\n<p class=\"hyperion-css-1lemvax\">Rodr\u00edguez har ikke kommentert disse utspillene spesifikt, men offentlig ford\u00f8mt det amerikanske angrepet. <\/p>\n<p class=\"hyperion-css-1lemvax\">If\u00f8lge innenriksminister Diosdado Cabello ble minst 100 personer drept.<\/p>\n<p class=\"hyperion-css-1lemvax\">I intervjuet snakker Trump ogs\u00e5 om Venezuelas oljeressurser:<\/p>\n<p class=\"hyperion-css-1lemvax\">\u2013 Vi kommer til \u00e5 bruke olje, og vi kommer til \u00e5 ta olje. Vi f\u00e5r ned oljeprisen, og vi kommer til \u00e5 gi penger til Venezuela, som de s\u00e5rt trenger.<\/p>\n<p class=\"hyperion-css-1lemvax\">Uttalelsene kom timer etter at regjeringskilder sa USA planlegger \u00e5 ta kontroll over salget av Venezuelas olje p\u00e5 ubestemt tid, if\u00f8lge <a aria-label=\"New York Times\" class=\"default hyperion-css-1rezu2g\" href=\"https:\/\/www.nytimes.com\/2026\/01\/08\/us\/politics\/trump-interview-venezuela.html\" rel=\"noopener nofollow noreferrer\" data-test-tag=\"external-link\" target=\"_blank\">New York Times<\/a>.<\/p>\n<p class=\"hyperion-css-1lemvax\"><strong>Sent onsdag kveld sa ogs\u00e5 Trump at Venezuela har inng\u00e5tt <\/strong><a class=\"default hyperion-css-1rezu2g\" href=\"https:\/\/www.vg.no\/nyheter\/i\/K83OmX\/trump-venezuela-skal-kun-kjoepe-amerikanske-produkter\" rel=\"noopener nofollow noreferrer\" data-test-tag=\"external-link\" target=\"_blank\"><strong>en ny oljeavtale<\/strong><\/a><strong> med USA. <\/strong><\/p>\n<p class=\"hyperion-css-1lemvax\">If\u00f8lge Trump skal landet bruke alle inntektene fra avtalen utelukkende p\u00e5 amerikanskproduserte varer.<\/p>\n<p class=\"hyperion-css-1lemvax\">\u2013 Jeg har nettopp blitt informert om at Venezuela kommer til \u00e5 kj\u00f8pe KUN amerikanske produkter, med pengene de mottar fra v\u00e5r nye oljeavtale, skrev han p\u00e5 Truth Social.<\/p>\n<p><img decoding=\"async\" class=\"image-asset hyperion-css-u06ts1\" data-test-tag=\"image-asset\" src=\"https:\/\/www.europesays.com\/no\/wp-content\/uploads\/2026\/01\/afd1b0a6-8fb4-4912-a6f8-93d36dc34aee.png\"  alt=\"\"  loading=\"eager\" fetchpriority=\"high\" style=\"aspect-ratio:1634 \/ 1294\"\/> Foto: Donald Trump \/ Truth Social<\/p>\n<p class=\"hyperion-css-1lemvax\">Presidenten omtaler avtalen som et \u00abklokt valg\u00bb. Han hevder den vil v\u00e6re til fordel for b\u00e5de venezuelanerne og amerikanerne.<\/p>\n","protected":false},"excerpt":{"rendered":"\u2013 Bare tiden vil vise. Her avbildet tidligere denne uken. Foto: MANDEL NGAN \/ AFP \/ NTBPublisert: For&hellip;\n","protected":false},"author":2,"featured_media":131846,"comment_status":"","ping_status":"","sticky":false,"template":"","format":"standard","meta":{"footnotes":""},"categories":[12],"tags":[20,21,24,25,15,22,23,13,30,28,29,14,16,26,27,42,43,44,45],"class_list":{"0":"post-131845","1":"post","2":"type-post","3":"status-publish","4":"format-standard","5":"has-post-thumbnail","7":"category-verden","8":"tag-breaking-news","9":"tag-breakingnews","10":"tag-featured-news","11":"tag-featurednews","12":"tag-headlines","13":"tag-latest-news","14":"tag-latestnews","15":"tag-news","16":"tag-no","17":"tag-norge","18":"tag-norway","19":"tag-nyheter","20":"tag-overskrifter","21":"tag-top-stories","22":"tag-topstories","23":"tag-verden","24":"tag-world","25":"tag-world-news","26":"tag-worldnews"},"share_on_mastodon":{"url":"https:\/\/pubeurope.com\/@no\/115858566339817722","error":""},"_links":{"self":[{"href":"https:\/\/www.europesays.com\/no\/wp-json\/wp\/v2\/posts\/131845","targetHints":{"allow":["GET"]}}],"collection":[{"href":"https:\/\/www.europesays.com\/no\/wp-json\/wp\/v2\/posts"}],"about":[{"href":"https:\/\/www.europesays.com\/no\/wp-json\/wp\/v2\/types\/post"}],"author":[{"embeddable":true,"href":"https:\/\/www.europesays.com\/no\/wp-json\/wp\/v2\/users\/2"}],"replies":[{"embeddable":true,"href":"https:\/\/www.europesays.com\/no\/wp-json\/wp\/v2\/comments?post=131845"}],"version-history":[{"count":0,"href":"https:\/\/www.europesays.com\/no\/wp-json\/wp\/v2\/posts\/131845\/revisions"}],"wp:featuredmedia":[{"embeddable":true,"href":"https:\/\/www.europesays.com\/no\/wp-json\/wp\/v2\/media\/131846"}],"wp:attachment":[{"href":"https:\/\/www.europesays.com\/no\/wp-json\/wp\/v2\/media?parent=131845"}],"wp:term":[{"taxonomy":"category","embeddable":true,"href":"https:\/\/www.europesays.com\/no\/wp-json\/wp\/v2\/categories?post=131845"},{"taxonomy":"post_tag","embeddable":true,"href":"https:\/\/www.europesays.com\/no\/wp-json\/wp\/v2\/tags?post=131845"}],"curies":[{"name":"wp","href":"https:\/\/api.w.org\/{rel}","templated":true}]}}