{"id":131855,"date":"2026-01-08T08:43:09","date_gmt":"2026-01-08T08:43:09","guid":{"rendered":"https:\/\/www.europesays.com\/no\/131855\/"},"modified":"2026-01-08T08:43:09","modified_gmt":"2026-01-08T08:43:09","slug":"ny-beredskapsdirektor-i-politiet","status":"publish","type":"post","link":"https:\/\/www.europesays.com\/no\/131855\/","title":{"rendered":"Ny beredskapsdirekt\u00f8r i politiet"},"content":{"rendered":"<p>    Lars Lilleby overtar som beredskapsdirekt\u00f8r\u00a0 1. mars. Han kommer fra stillingen som avdelingsdirekt\u00f8r for kontraterror i Politiets sikkerhetstjeneste (PST).<\/p>\n<p>\n        Lars Lilleby g\u00e5r straks over i ny jobb.<br \/>\n        Foto: Fredrik Varfjell\n    <\/p>\n<p>Det er <a href=\"https:\/\/www.politiet.no\/nyheter-og-presse\/politidirektoratet\/nyhet\/2026-01-07\/lars-lilleby-blir-ny-beredskapsdirektor-i-politiet?nyhetsmelding=0\" aria-label=\"https:\/\/www.politiet.no\/nyheter-og-presse\/politidirektoratet\/nyhet\/2026-01-07\/lars-lilleby-blir-ny-beredskapsdirektor-i-politiet?nyhetsmelding=0\" target=\"_blank\" rel=\"nofollow noopener\">Politidirektoratet<\/a> som opplyser om ansettelsen onsdag.<\/p>\n<p>J\u00f8rn Schjelderup fortsetter som fungerende beredskapsdirekt\u00f8r fram til da.<\/p>\n<p class=\"font-weight-bold m-font-weight-bold\" data-lab-font_weight=\"font-weight-bold\">Lilleby har ledet kontraterroravdelingen i PST siden 2022, og f\u00f8r det var han sjef for Forsvarets spesialkommando. Han skal n\u00e5 ha det overordnede ansvaret for beredskapsavdelingen i Politidirektoratet.<\/p>\n<p class=\"font-weight-normal m-font-weight-normal\" data-lab-font_weight=\"font-weight-normal\">Stillingen tiltrakk seg <a href=\"https:\/\/www.politiforum.no\/ellen-katrine-haetta-har-sokt-seg-til-politidirektoratet\/284144\" aria-label=\"https:\/\/www.politiforum.no\/ellen-katrine-haetta-har-sokt-seg-til-politidirektoratet\/284144\" target=\"_blank\" rel=\"nofollow noopener\">hele 29 s\u00f8kere<\/a>, deriblant politimester i Finnmark politidistrikt, Ellen Katrine H\u00e6tta.\u00a0<\/p>\n<p class=\"font-weight-bold m-font-weight-bold\" data-lab-font_weight=\"font-weight-bold\">Men det var alts\u00e5 Lilleby som gikk seirende ut:\u00a0<\/p>\n<p>\u2013 Jeg ser fram til \u00e5 g\u00e5 inn i rollen som ny beredskapsdirekt\u00f8r og bygge videre p\u00e5 det gode arbeidet som er lagt ned av min forgjenger, sier Lilleby.<\/p>\n<p>Politidirekt\u00f8r H\u00e5kon Skulstad sier f\u00f8lgende om ansettelsen:\u00a0<\/p>\n<p> \u2013 Jeg er veldig glad for at Lars Lilleby har takket ja til stillingen som beredskapsdirekt\u00f8r. Den sikkerhetspolitiske situasjonen er varig endret og stiller helt nye krav til politiets innsats og evner. Med solid erfaring fra stabs- og lederroller i b\u00e5de Forsvaret og PST har Lilleby de beste forutsetningene for \u00e5 styrke etatens beredskapsarbeid p\u00e5 strategisk niv\u00e5 \u2013 i en tid hvor tett samarbeid mellom politiet, PST og Forsvaret er viktigere enn noen gang<\/p>\n<p>        Tips oss!<\/p>\n<p class=\"align-center mobile_text_align_align-center\" data-lab-text_align=\"center\">Vet du noe mer om denne saken eller er det noe annet du vil at vi skal skrive om? <\/p>\n","protected":false},"excerpt":{"rendered":"Lars Lilleby overtar som beredskapsdirekt\u00f8r\u00a0 1. mars. Han kommer fra stillingen som avdelingsdirekt\u00f8r for kontraterror i Politiets sikkerhetstjeneste&hellip;\n","protected":false},"author":2,"featured_media":131856,"comment_status":"","ping_status":"","sticky":false,"template":"","format":"standard","meta":{"footnotes":""},"categories":[12],"tags":[20,21,24,25,15,22,23,13,30,28,29,14,16,26,27,42,43,44,45],"class_list":{"0":"post-131855","1":"post","2":"type-post","3":"status-publish","4":"format-standard","5":"has-post-thumbnail","7":"category-verden","8":"tag-breaking-news","9":"tag-breakingnews","10":"tag-featured-news","11":"tag-featurednews","12":"tag-headlines","13":"tag-latest-news","14":"tag-latestnews","15":"tag-news","16":"tag-no","17":"tag-norge","18":"tag-norway","19":"tag-nyheter","20":"tag-overskrifter","21":"tag-top-stories","22":"tag-topstories","23":"tag-verden","24":"tag-world","25":"tag-world-news","26":"tag-worldnews"},"share_on_mastodon":{"url":"https:\/\/pubeurope.com\/@no\/115858597646124444","error":""},"_links":{"self":[{"href":"https:\/\/www.europesays.com\/no\/wp-json\/wp\/v2\/posts\/131855","targetHints":{"allow":["GET"]}}],"collection":[{"href":"https:\/\/www.europesays.com\/no\/wp-json\/wp\/v2\/posts"}],"about":[{"href":"https:\/\/www.europesays.com\/no\/wp-json\/wp\/v2\/types\/post"}],"author":[{"embeddable":true,"href":"https:\/\/www.europesays.com\/no\/wp-json\/wp\/v2\/users\/2"}],"replies":[{"embeddable":true,"href":"https:\/\/www.europesays.com\/no\/wp-json\/wp\/v2\/comments?post=131855"}],"version-history":[{"count":0,"href":"https:\/\/www.europesays.com\/no\/wp-json\/wp\/v2\/posts\/131855\/revisions"}],"wp:featuredmedia":[{"embeddable":true,"href":"https:\/\/www.europesays.com\/no\/wp-json\/wp\/v2\/media\/131856"}],"wp:attachment":[{"href":"https:\/\/www.europesays.com\/no\/wp-json\/wp\/v2\/media?parent=131855"}],"wp:term":[{"taxonomy":"category","embeddable":true,"href":"https:\/\/www.europesays.com\/no\/wp-json\/wp\/v2\/categories?post=131855"},{"taxonomy":"post_tag","embeddable":true,"href":"https:\/\/www.europesays.com\/no\/wp-json\/wp\/v2\/tags?post=131855"}],"curies":[{"name":"wp","href":"https:\/\/api.w.org\/{rel}","templated":true}]}}