{"id":131875,"date":"2026-01-08T09:27:13","date_gmt":"2026-01-08T09:27:13","guid":{"rendered":"https:\/\/www.europesays.com\/no\/131875\/"},"modified":"2026-01-08T09:27:13","modified_gmt":"2026-01-08T09:27:13","slug":"ingenting-kan-forsvare-det","status":"publish","type":"post","link":"https:\/\/www.europesays.com\/no\/131875\/","title":{"rendered":"&#8211; Ingenting kan forsvare det"},"content":{"rendered":"<p>  Familien til avd\u00f8de Cato Str\u00f8m (46) er kritisk til at privatpersoner tok loven i egne hender.<\/p>\n<p>\n    OMKOM: Politiet har siktet tre personer for grov kroppskrenkelse med d\u00f8den til f\u00f8lge etter at Cato Str\u00f8m ble holdt igjen p\u00e5 en byggeplass i Stavanger. Foto: Privat\/Elden Advokatfirma\n  <\/p>\n<p>&#8211; For familien er det viktig \u00e5 f\u00e5 fram hvem Cato var og hva han betydde for familien og vennene sine &#8211; og selv om man ikke vet hva som skjedde den aktuelle kvelden, s\u00e5 er det ingenting som kan forsvare at noen privatpersoner tok loven i egne hender med det utfallet at Cato d\u00f8de. P\u00e5 generelt grunnlag er det vanskelig \u00e5 se for seg hva som kan forsvare en maktbruk med d\u00f8delig utfall i en slik situasjon.\u00a0<\/p>\n<p>Det sier advokat John Christian Elden, som er bistandsadvokat for de etterlatte. Cato Str\u00f8m\u00a0<a href=\"https:\/\/www.dagbladet.no\/nyheter\/holdt-nede-sluttet-a-puste\/84047021\" rel=\"nofollow noopener\" target=\"_blank\">d\u00f8de etter \u00e5 ha blitt fysisk overmannet av tre personer<\/a> p\u00e5 en byggeplass i Stavanger.\u00a0<\/p>\n<p>&#8211; For familien er det viktig at de ansvarlige stilles til ansvar i rettssystemet, sier han.\u00a0<\/p>\n<p>        <img loading=\"lazy\" decoding=\"async\" src=\"https:\/\/www.europesays.com\/no\/wp-content\/uploads\/2026\/01\/84062824.webp.webp\" width=\"667\" height=\"381\" title=\"BISTANDSADVOKAT: John Christian Elden bist\u00e5r de etterlatte etter Cato Str\u00f8m. Foto: J\u00f8rn H. Moen \/ Dagbladet\" alt=\"\" class=\"\" style=\"--aspect-ratio-image: 1.75; \"\/><\/p>\n<p>\n        BISTANDSADVOKAT: John Christian Elden bist\u00e5r de etterlatte etter Cato Str\u00f8m. Foto: J\u00f8rn H. Moen \/ Dagbladet\n    <\/p>\n<p>De tre mennene &#8211; som er i 20-\u00e5ra, 40-\u00e5ra og 60-\u00e5ra &#8211; mistenkte at den n\u00e5 avd\u00f8de mannen fors\u00f8kte \u00e5 stjele gjenstander fra byggeplassen, har politiet opplyst. De tre gikk dermed sammen om \u00e5 overmanne ham og \u00e5 holde ham fast mens de hadde politiet p\u00e5 tr\u00e5den.<\/p>\n<p>&#8211; V\u00e5r vurdering er at hensikten var \u00e5 ta kontroll over mannen, ikke \u00e5 skade ham, har politiadvokat Kjetil Solhaug <a href=\"https:\/\/www.dagbladet.no\/nyheter\/holdt-nede-sluttet-a-puste\/84047021\" rel=\"nofollow noopener\" target=\"_blank\">tidligere uttalt til Dagbladet<\/a>.<\/p>\n<p>&#8211; Han er fortvilet\t<\/p>\n<p>P\u00e5 et tidspunkt sluttet Cato Str\u00f8m \u00e5 puste og mistet puls. Det ble umiddelbart igangsatt hjerte- og lungeredning. Han ble fraktet til sykehus med ambulanse, men livet sto ikke til \u00e5 redde.<\/p>\n<p>De tre mennene er siktet for grov kroppskrenkelse med d\u00f8dsf\u00f8lge eller medvirkning til dette. De nekter straffskyld.<\/p>\n<p>    <a itemprop=\"url\" href=\"https:\/\/www.dagbladet.no\/nyheter\/frigir-navn-cato-strom-dode\/84061663\" rel=\"nofollow noopener\" target=\"_blank\"><\/p>\n<p>        <img loading=\"lazy\" decoding=\"async\" src=\"https:\/\/www.europesays.com\/no\/wp-content\/uploads\/2026\/01\/84063319.webp.webp\" width=\"980\" height=\"441\" title=\"Frigir navn: Cato Str\u00f8m d\u00f8de\" alt=\"\" class=\"lazyload\" style=\"--aspect-ratio-image: 2.22; \"\/><\/p>\n<p>        Frigir navn: Cato Str\u00f8m d\u00f8de<\/p>\n<p>    <\/a><\/p>\n<p>Anne Kroken er forsvarer for mannen i 40-\u00e5ra. Hun sier at hennes klient har gitt forklaring til politiet og ikke erkjenner skyld.<\/p>\n<p>&#8211; Han er fortvilet over utfallet dette fikk, han tenker mye p\u00e5 de etterlatte. Dette var selvf\u00f8lgelig ikke hans intensjon. Han har forklart seg om hva han har gjort i situasjonen, det er ingen holdepunkter for at hans handlinger skulle kunne lede til dette utfallet. Vi m\u00e5 avvente politiets videre unders\u00f8kelser, s\u00e6rlig obduksjonsrapport og lydloggen som vil kunne gi et bilde av hva som skjedde. F\u00f8r det foreligger flere opplysninger vil vi ikke si noe mer, men slik det ser ut per n\u00e5 er det mitt syn at dette ikke vil lede til en tiltale for min klient, sier hun og legger til:<\/p>\n<p>&#8211; Jeg kan tilf\u00f8ye at om det blir tiltale er det domstolen som til syvende og sist eventuelt skal avgj\u00f8re om min klient har gjort noe straffbart. Det er for tidlig for alle \u00e5 konkludere n\u00e5. <\/p>\n<p>&#8211; Ikke helt treffende\t<\/p>\n<p> Forsvarer \u00d8rjan Eskeland, som bist\u00e5r mannen i 60-\u00e5ra, understreker at hans klient har vurdert situasjonen dithen at siktede hadde lov til \u00e5 holde avd\u00f8de igjen, idet han opplevde at de tok avd\u00f8de \u00abp\u00e5 fersk gjerning\u00bb i et lovbrudd.<\/p>\n<p>Han p\u00e5peker at straffeprosessloven gir anledning for sivile til \u00e5 holde igjen en gjerningsperson i en slik situasjon. <\/p>\n<p>&#8211; Jeg er p\u00e5 generelt grunnlag enig i at straffeprosessloven ikke tillater en slik tilbakeholdelse dersom personen man holder igjen d\u00f8r av den grunn. V\u00e5rt poeng er imidlertid at et slikt tragisk resultat aldri var i tankene til min klient n\u00e5r han holdt igjen avd\u00f8de. Slik jeg ser det er det derfor ikke helt treffende det Elden sier. Jeg synes ogs\u00e5 at man skal v\u00e6re tilbakeholden med \u00e5 p\u00e5 noe som helst vis legge ansvar for d\u00f8dsf\u00f8lgen p\u00e5 de siktede f\u00f8r den endelige obduksjonsrapporten foreligger. Per i dag vet vi ikke hva som er \u00e5rsaken til at denne saken fikk et s\u00e5 tragisk utfall, sier han.\u00a0<\/p>\n<p>Dagbladet har ogs\u00e5 forelagt uttalelsene fra Elden for forsvareren til mannen i 20-\u00e5ra, Knut Lerum, men har ikke f\u00e5tt svar.\u00a0<\/p>\n<p>        <img loading=\"lazy\" decoding=\"async\" src=\"https:\/\/www.europesays.com\/no\/wp-content\/uploads\/2026\/01\/84065713.webp.webp\" width=\"980\" height=\"559\" title=\"\u00c5STED: Hendelsen oppsto ved en byggeplass i Stavanger. Foto: Lars Helle \/ Dagbladet\" alt=\"\" class=\"\" style=\"--aspect-ratio-image: 1.75; \"\/><\/p>\n<p>\n        \u00c5STED: Hendelsen oppsto ved en byggeplass i Stavanger. Foto: Lars Helle \/ Dagbladet\n    <\/p>\n<p>Etterforsker trussel\t<\/p>\n<p>&#8211; Vi har gjennomf\u00f8rt en innledende etterforskning, og har et bilde av hendelsesforl\u00f8pet. Det gjenst\u00e5r enkelte etterforskningsskritt i saken, blant annet avventer vi svar p\u00e5 obduksjonsrapporten, sier politiadvokat Mona Byrkjedal til Dagbladet.\u00a0<\/p>\n<p><a href=\"https:\/\/www.aftenbladet.no\/lokalt\/i\/2pGW5R\/tjensvoll-saken-de-siktede-truet-paa-livet\" rel=\"nofollow noopener\" target=\"_blank\">Stavanger Aftenblad<\/a> har tidligere omtalt at det er fremsatt en trussel mot de siktede p\u00e5 en lapp som l\u00e5 ved \u00e5stedet. Forsvarer Anne Kroken sier at dette n\u00e5 h\u00e5ndteres av politiet.<\/p>\n<p>&#8211; Politiet har mottatt en anmeldelse fra forsvareren til en av de siktede. Politiet f\u00f8lger opp anmeldelsen og vil vurdere behovet for eventuelle ytterligere tiltak, sier Byrkjedal.\u00a0<\/p>\n<p>Bistandsadvokat Elden reagerer p\u00e5 det.\u00a0<\/p>\n<p>&#8211; Det er politiet som skal h\u00e5ndheve loven, b\u00e5de overfor Cato og overfor de siktede. Ingen fortjener \u00e5 bli utsatt for sjikane og trusler, sier han.\u00a0<\/p>\n<p>Politiets unders\u00f8kelser av om det finnes videooverv\u00e5kning av hendelsen har s\u00e5 langt ikke gitt resultat. Det er heller ikke informasjon om at det skal ha v\u00e6rt vitner til selve hendelsen.<\/p>\n","protected":false},"excerpt":{"rendered":"Familien til avd\u00f8de Cato Str\u00f8m (46) er kritisk til at privatpersoner tok loven i egne hender. OMKOM: Politiet&hellip;\n","protected":false},"author":2,"featured_media":131876,"comment_status":"","ping_status":"","sticky":false,"template":"","format":"standard","meta":{"footnotes":""},"categories":[10],"tags":[20,21,24,25,15,2539,148,22,23,13,30,28,29,14,16,26,27],"class_list":{"0":"post-131875","1":"post","2":"type-post","3":"status-publish","4":"format-standard","5":"has-post-thumbnail","7":"category-norge","8":"tag-breaking-news","9":"tag-breakingnews","10":"tag-featured-news","11":"tag-featurednews","12":"tag-headlines","13":"tag-innenriks","14":"tag-kriminalitet","15":"tag-latest-news","16":"tag-latestnews","17":"tag-news","18":"tag-no","19":"tag-norge","20":"tag-norway","21":"tag-nyheter","22":"tag-overskrifter","23":"tag-top-stories","24":"tag-topstories"},"share_on_mastodon":{"url":"https:\/\/pubeurope.com\/@no\/115858770820517878","error":""},"_links":{"self":[{"href":"https:\/\/www.europesays.com\/no\/wp-json\/wp\/v2\/posts\/131875","targetHints":{"allow":["GET"]}}],"collection":[{"href":"https:\/\/www.europesays.com\/no\/wp-json\/wp\/v2\/posts"}],"about":[{"href":"https:\/\/www.europesays.com\/no\/wp-json\/wp\/v2\/types\/post"}],"author":[{"embeddable":true,"href":"https:\/\/www.europesays.com\/no\/wp-json\/wp\/v2\/users\/2"}],"replies":[{"embeddable":true,"href":"https:\/\/www.europesays.com\/no\/wp-json\/wp\/v2\/comments?post=131875"}],"version-history":[{"count":0,"href":"https:\/\/www.europesays.com\/no\/wp-json\/wp\/v2\/posts\/131875\/revisions"}],"wp:featuredmedia":[{"embeddable":true,"href":"https:\/\/www.europesays.com\/no\/wp-json\/wp\/v2\/media\/131876"}],"wp:attachment":[{"href":"https:\/\/www.europesays.com\/no\/wp-json\/wp\/v2\/media?parent=131875"}],"wp:term":[{"taxonomy":"category","embeddable":true,"href":"https:\/\/www.europesays.com\/no\/wp-json\/wp\/v2\/categories?post=131875"},{"taxonomy":"post_tag","embeddable":true,"href":"https:\/\/www.europesays.com\/no\/wp-json\/wp\/v2\/tags?post=131875"}],"curies":[{"name":"wp","href":"https:\/\/api.w.org\/{rel}","templated":true}]}}