{"id":131881,"date":"2026-01-08T09:30:12","date_gmt":"2026-01-08T09:30:12","guid":{"rendered":"https:\/\/www.europesays.com\/no\/131881\/"},"modified":"2026-01-08T09:30:12","modified_gmt":"2026-01-08T09:30:12","slug":"nrk-bryllupsfesten-pensjonist-ble-sjokkert-av-det-han-sa-pa-nrk-sa-til-de-grader-upassende","status":"publish","type":"post","link":"https:\/\/www.europesays.com\/no\/131881\/","title":{"rendered":"NRK, Bryllupsfesten | Pensjonist ble sjokkert av det han s\u00e5 p\u00e5 NRK: \u2013 S\u00e5 til de grader upassende"},"content":{"rendered":"\n<p><a href=\"https:\/\/www.iharstad.no\/arvid-ble-sjokkert-av-det-han-sa-pa-tv-sa-til-de-grader-upassende\/o\/5-126-531700\" rel=\"Follow nofollow noopener\" target=\"_blank\">(iHarstad)<\/a>: Men hva er det vi f\u00e5r se? Personlig sitter jeg og m\u00e5per, lettere sjokkert! Er dette laget og sendt med \u00abviten og vilje\u00bb, hva skal v\u00e6re budskapet?<\/p>\n<p>   <img decoding=\"async\" width=\"1536\" height=\"2048\" fetchpriority=\"low\"  loading=\"lazy\"  src=\"https:\/\/www.europesays.com\/no\/wp-content\/uploads\/2026\/01\/FullSizeR1.jpg\" alt=\"\" class=\"brick-c-cFOWSL\" style=\"--brick-image-ratio: 1536 \/ 2048;\"\/><\/p>\n<p>      Arvid Eliseussen skal ikke se resten av serien, skriver han.<br \/>\n      Foto: Privat\n    <\/p>\n<p>Jeg er ikke same. Derimot hadde jeg i sin tid b\u00e5de en utfordring og glede av \u00e5 bo (pendlet) og jobbe i et oppdrag ett knapt \u00e5r sammen med samer i Kautokeino. Jeg hadde 6\u20137 driftige reindriftssamer med i styret for en av n\u00f8kkelbedriftene i reindriften, Reinslakteriet AL.<\/p>\n<p>S\u00e5ledes m\u00f8tte jeg samer i mange situasjoner og utfordringer gjennom det \u00e5ret oppdraget varte. Jeg opplevde de som engasjerte, t\u00f8ffe og selvsagt noe utradisjonelle, men alltid smilende, blide og lyttende.<\/p>\n<p>N\u00e5 opplevde jeg dem selvsagt ikke i private familierelasjoner, for ikke \u00e5 si \u00abinne p\u00e5 soverommet\u00bb. Derimot, i serien f\u00e5r vi fremstilt hele familier som sinte, kranglevoren, drikket\u00f8rste og for ikke \u00e5 snakke om det vi anser som privat og inne p\u00e5 soverommet, nemlig sex og seksuell atferd, ja p\u00e5 grensen til orgie.<\/p>\n<p><b>Ja, jeg stusser! Er dette helt bevisst, og hva er hensikten?<\/b><\/p>\n<p>Ikke skal jeg se resten av serien. Jeg vil bevare mine gode og flotte minner fra tiden i Kautokeino og m\u00f8tene med reineiere, en yrkesgruppe som m\u00e5 hente sine inntekter utend\u00f8rs \u00e5ret gjennom, i v\u00e6r og vind, og m\u00e5 kun stole p\u00e5 seg selv.<\/p>\n<p>Tragisk og trist \u00e5 fremstille en folkegruppe s\u00e5 til de grader upassende, sp\u00f8r du meg.<\/p>\n<p>Personlig vil jeg ikke glemme en fest jeg ble invitert til \u2013 nemlig det \u00e5rlige julebordet for bedriften. En flott og sjelden opplevelse!<\/p>\n","protected":false},"excerpt":{"rendered":"(iHarstad): Men hva er det vi f\u00e5r se? Personlig sitter jeg og m\u00e5per, lettere sjokkert! Er dette laget&hellip;\n","protected":false},"author":2,"featured_media":131882,"comment_status":"","ping_status":"","sticky":false,"template":"","format":"standard","meta":{"footnotes":""},"categories":[58],"tags":[71,30,28,29,72],"class_list":{"0":"post-131881","1":"post","2":"type-post","3":"status-publish","4":"format-standard","5":"has-post-thumbnail","7":"category-underholdning","8":"tag-entertainment","9":"tag-no","10":"tag-norge","11":"tag-norway","12":"tag-underholdning"},"share_on_mastodon":{"url":"https:\/\/pubeurope.com\/@no\/115858782477368360","error":""},"_links":{"self":[{"href":"https:\/\/www.europesays.com\/no\/wp-json\/wp\/v2\/posts\/131881","targetHints":{"allow":["GET"]}}],"collection":[{"href":"https:\/\/www.europesays.com\/no\/wp-json\/wp\/v2\/posts"}],"about":[{"href":"https:\/\/www.europesays.com\/no\/wp-json\/wp\/v2\/types\/post"}],"author":[{"embeddable":true,"href":"https:\/\/www.europesays.com\/no\/wp-json\/wp\/v2\/users\/2"}],"replies":[{"embeddable":true,"href":"https:\/\/www.europesays.com\/no\/wp-json\/wp\/v2\/comments?post=131881"}],"version-history":[{"count":0,"href":"https:\/\/www.europesays.com\/no\/wp-json\/wp\/v2\/posts\/131881\/revisions"}],"wp:featuredmedia":[{"embeddable":true,"href":"https:\/\/www.europesays.com\/no\/wp-json\/wp\/v2\/media\/131882"}],"wp:attachment":[{"href":"https:\/\/www.europesays.com\/no\/wp-json\/wp\/v2\/media?parent=131881"}],"wp:term":[{"taxonomy":"category","embeddable":true,"href":"https:\/\/www.europesays.com\/no\/wp-json\/wp\/v2\/categories?post=131881"},{"taxonomy":"post_tag","embeddable":true,"href":"https:\/\/www.europesays.com\/no\/wp-json\/wp\/v2\/tags?post=131881"}],"curies":[{"name":"wp","href":"https:\/\/api.w.org\/{rel}","templated":true}]}}