{"id":131885,"date":"2026-01-08T09:36:18","date_gmt":"2026-01-08T09:36:18","guid":{"rendered":"https:\/\/www.europesays.com\/no\/131885\/"},"modified":"2026-01-08T09:36:18","modified_gmt":"2026-01-08T09:36:18","slug":"kristin-gjelsvik-deler-sin-historie-om-livmorfjerning-og-smertefri-fremtid","status":"publish","type":"post","link":"https:\/\/www.europesays.com\/no\/131885\/","title":{"rendered":"Kristin Gjelsvik deler sin historie om livmorfjerning og smertefri fremtid"},"content":{"rendered":"<p class=\"kicker \" style=\"\">Kristin Gjelsvik:\u00a0<\/p>\n<p>  Etter flere \u00e5r med smerter: &#8211; N\u00e5 kjenner jeg mest p\u00e5 lettelse, skriver influenseren.\u00a0<\/p>\n<p>\n    DELER: Kristin Gjelsvik ble for alvor kjent da hun deltok i \u00abParadise Hotel\u00bb. I dag er hun en av landets st\u00f8rste influensere. Foto: Andreas Fadum\/ Se og H\u00f8r\n  <\/p>\n<p>Influenser Kristin Gjelsvik (39) har fjernet livmoren, det deler hun p\u00e5 Instagram.\u00a0<\/p>\n<p>I et innlegg med bilder fra sykesengen skriver 39-\u00e5ringen at hun har slitt med smerter over flere \u00e5r.\u00a0<\/p>\n<p><a href=\"https:\/\/www.vg.no\/rampelys\/i\/vrQL2p\/kristin-gjelsvik-skal-fjerne-livmoren\" target=\"_blank\" rel=\"nofollow noopener\">VG<\/a> omtalte saken f\u00f8rst.\u00a0<\/p>\n<p>\u00abHvorfor har jeg brukt hele mitt voksne liv p\u00e5 \u00e5 tro at sterke smerter bare er \u00abs\u00e5nn det er \u00e5 v\u00e6re kvinne\u00bb?, skriver hun.\u00a0<\/p>\n<p>I innlegget forteller Gjelsvik at hun i flere \u00e5r har trodd at hun hadde en muskelknute p\u00e5 eggstokken, etter \u00e5 ha blitt fortalt dette av en gynekolog for flere \u00e5r siden.\u00a0<\/p>\n<p>I 2024 fikk hun en ny beskjed: Hun hadde\u00a0adenomyose.\u00a0<\/p>\n<p class=\"font-weight-bold m-font-weight-bold\" data-lab-font_weight=\"font-weight-bold\">Videre trekker Gjelsvik fram hvor lite hun &#8211; i likhet med andre &#8211; har l\u00e6rt om kvinnekroppen.\u00a0<\/p>\n<p>    <a itemprop=\"url\" href=\"https:\/\/www.dagbladet.no\/kjendis\/gjor-meg-trist-og-forbanna\/83830319\" rel=\"nofollow noopener\" target=\"_blank\"><\/p>\n<p>        <img loading=\"lazy\" decoding=\"async\" src=\"https:\/\/www.europesays.com\/no\/wp-content\/uploads\/2026\/01\/82221196.webp.webp\" width=\"980\" height=\"441\" title=\"- Gj\u00f8r meg trist og forbanna\" alt=\"\" class=\"lazyload\" style=\"--aspect-ratio-image: 2.22; \"\/><\/p>\n<p>        &#8211; Gj\u00f8r meg trist og forbanna<\/p>\n<p>    <\/a><\/p>\n<p>Sommeren 2025 tok hun kontakt med fastlegen og ba om henvisning til fjerning av livmor.\u00a0<\/p>\n<p>N\u00e5r Dagbladet tar kontakt med Gjelsvik tirsdag kveld er 39-\u00e5ringen nyoperert.\u00a0<\/p>\n<p>&#8211; Det g\u00e5r etter forholdene bra. Jeg er i gode hender og blir godt ivaretatt, men jeg er ganske redusert og f\u00f8ler meg litt m\u00f8rbanket etter inngrep og litt groggy etter narkosen, skriver hun i SMS.\u00a0<\/p>\n<p>        <img loading=\"lazy\" decoding=\"async\" src=\"https:\/\/www.europesays.com\/no\/wp-content\/uploads\/2026\/01\/84064055.webp.webp\" width=\"686\" height=\"1215\" title=\"NYOPERERT: Gjelsvik er nyoperert tirsdag. Foto: Privat\" alt=\"\" class=\"\" style=\"--aspect-ratio-image: 0.56; \"\/><\/p>\n<p>\n        NYOPERERT: Gjelsvik er nyoperert tirsdag. Foto: Privat\n    <\/p>\n<p class=\"italic m-italic\" data-lab-italic=\"italic\">&#8211; Har du f\u00e5tt mye meldinger av andre kvinner i samme situasjon?\u00a0<\/p>\n<p>&#8211; Ja, jeg har f\u00e5tt veldig mange meldinger fra kvinner. Jeg hadde ikke trodd det var s\u00e5 mange som har v\u00e6rt gjennom det samme. Etter \u00e5 ha delt erfaringer p\u00e5 Snapchat har jeg kommet i kontakt med mange som har gjort denne operasjonen, og de aller fleste forteller at de har f\u00e5tt et nytt og bedre liv.\u00a0<\/p>\n<p>    <a itemprop=\"url\" href=\"https:\/\/www.dagbladet.no\/kjendis\/vil-ha-den-fjernet\/83446874\" rel=\"nofollow noopener\" target=\"_blank\"><\/p>\n<p>        <img loading=\"lazy\" decoding=\"async\" src=\"https:\/\/www.europesays.com\/no\/wp-content\/uploads\/2026\/01\/83446551.webp.webp\" width=\"147\" height=\"98\" title=\"- Vil ha den fjernet\" alt=\"\" class=\"lazyload\" style=\"--aspect-ratio-image: 1.50; \"\/><\/p>\n<p>        &#8211; Vil ha den fjernet<\/p>\n<p>    <\/a><\/p>\n<p>&#8211; Det er b\u00e5de fint og motiverende \u00e5 h\u00f8re. Samtidig er det ogs\u00e5 skremmende hvor mange kvinner som lever med store smerter over tid og bare har funnet seg i det. Heldigvis er det mange som har blitt tatt p\u00e5 alvor og f\u00e5tt hjelp, men det er ogs\u00e5 mange som ikke opplever det samme. S\u00e5nn burde det ikke v\u00e6re!!, skriver Gjelsvik.\u00a0<\/p>\n<p>&#8211; En liten, rar prosess\t<\/p>\n<p>Gjelsvik, som har s\u00f8nnen Falk (6) med ekskj\u00e6resten Dennis Poppe, reflekterer ogs\u00e5 over tanken p\u00e5 at det ikke blir flere barn:\u00a0<\/p>\n<p>\u00abLivmoren ryker ut om f\u00e5 strakser, og med det forsvinner ogs\u00e5 muligheten til \u00e5 f\u00e5 flere barn! Jeg er klinkende klar p\u00e5 at jeg IKKE \u00f8nsker flere, men det setter likevel i gang noen tanker n\u00e5r du vet at muligheten fjernes helt. Det er ingen stor sorg, alts\u00e5. Ikke noe dramatisk \u2013 men en liten, litt rar prosess\u00bb, skriver hun i Instagram-innlegget.\u00a0<\/p>\n<p>    <a itemprop=\"url\" href=\"https:\/\/www.dagbladet.no\/kjendis\/den-verste-beskjeden-a-fa\/83342300\" rel=\"nofollow noopener\" target=\"_blank\"><\/p>\n<p>        <img loading=\"lazy\" decoding=\"async\" src=\"https:\/\/www.europesays.com\/no\/wp-content\/uploads\/2026\/01\/83133122.webp.webp\" width=\"980\" height=\"441\" title=\"- Den verste beskjeden \u00e5 f\u00e5\" alt=\"\" class=\"lazyload\" style=\"--aspect-ratio-image: 2.22; \"\/><\/p>\n<p>        &#8211; Den verste beskjeden \u00e5 f\u00e5 <\/p>\n<p>    <\/a><\/p>\n<p>\u00abN\u00e5 kjenner jeg mest p\u00e5 lettelse, og ikke minst et h\u00e5p om mindre smerter, og et liv der jeg slipper \u00e5 normalisere ubehag bare fordi jeg er kvinne\u00bb, skriver hun avslutningsvis.\u00a0<\/p>\n<p>        Kristin Gjelsvik letter p\u00e5 sl\u00f8ret om sin nye kj\u00e6reste p\u00e5 VG-lista. Reporter: Malin Haugan. Video: Nora Skavhaug.<\/p>\n<p>39-\u00e5ringen forlovet seg med samboeren i fjor sommer, og har delt en rekke hyggelige \u00f8yeblikk med f\u00f8lgerne av kj\u00e6resten. Hvem han er har hun imidlertid ikke avsl\u00f8rt.\u00a0<\/p>\n","protected":false},"excerpt":{"rendered":"Kristin Gjelsvik:\u00a0 Etter flere \u00e5r med smerter: &#8211; N\u00e5 kjenner jeg mest p\u00e5 lettelse, skriver influenseren.\u00a0 DELER: Kristin&hellip;\n","protected":false},"author":2,"featured_media":131886,"comment_status":"","ping_status":"","sticky":false,"template":"","format":"standard","meta":{"footnotes":""},"categories":[5],"tags":[20,21,24,25,15,19,479,6230,22,23,17,18,13,30,28,29,14,16,26,27],"class_list":{"0":"post-131885","1":"post","2":"type-post","3":"status-publish","4":"format-standard","5":"has-post-thumbnail","7":"category-overskrifter","8":"tag-breaking-news","9":"tag-breakingnews","10":"tag-featured-news","11":"tag-featurednews","12":"tag-headlines","13":"tag-hovedoppslag","14":"tag-kjendis","15":"tag-kristin-gjelsvik","16":"tag-latest-news","17":"tag-latestnews","18":"tag-main-news","19":"tag-mainnews","20":"tag-news","21":"tag-no","22":"tag-norge","23":"tag-norway","24":"tag-nyheter","25":"tag-overskrifter","26":"tag-top-stories","27":"tag-topstories"},"share_on_mastodon":{"url":"https:\/\/pubeurope.com\/@no\/115858806239726017","error":""},"_links":{"self":[{"href":"https:\/\/www.europesays.com\/no\/wp-json\/wp\/v2\/posts\/131885","targetHints":{"allow":["GET"]}}],"collection":[{"href":"https:\/\/www.europesays.com\/no\/wp-json\/wp\/v2\/posts"}],"about":[{"href":"https:\/\/www.europesays.com\/no\/wp-json\/wp\/v2\/types\/post"}],"author":[{"embeddable":true,"href":"https:\/\/www.europesays.com\/no\/wp-json\/wp\/v2\/users\/2"}],"replies":[{"embeddable":true,"href":"https:\/\/www.europesays.com\/no\/wp-json\/wp\/v2\/comments?post=131885"}],"version-history":[{"count":0,"href":"https:\/\/www.europesays.com\/no\/wp-json\/wp\/v2\/posts\/131885\/revisions"}],"wp:featuredmedia":[{"embeddable":true,"href":"https:\/\/www.europesays.com\/no\/wp-json\/wp\/v2\/media\/131886"}],"wp:attachment":[{"href":"https:\/\/www.europesays.com\/no\/wp-json\/wp\/v2\/media?parent=131885"}],"wp:term":[{"taxonomy":"category","embeddable":true,"href":"https:\/\/www.europesays.com\/no\/wp-json\/wp\/v2\/categories?post=131885"},{"taxonomy":"post_tag","embeddable":true,"href":"https:\/\/www.europesays.com\/no\/wp-json\/wp\/v2\/tags?post=131885"}],"curies":[{"name":"wp","href":"https:\/\/api.w.org\/{rel}","templated":true}]}}