{"id":131904,"date":"2026-01-08T09:57:08","date_gmt":"2026-01-08T09:57:08","guid":{"rendered":"https:\/\/www.europesays.com\/no\/131904\/"},"modified":"2026-01-08T09:57:08","modified_gmt":"2026-01-08T09:57:08","slug":"meningen-med-livet-a-holde-meg-kat","status":"publish","type":"post","link":"https:\/\/www.europesays.com\/no\/131904\/","title":{"rendered":"\u2013 Meningen med livet \u00e5 holde meg k\u00e5t"},"content":{"rendered":"\n<p class=\"_lead_o9xde_2 _lead_xtcu6_50 layout-component text-serif-m layout-normal text-serif-l layout-component layout-wide layout-padded _wide_17hqh_1 layout-padded\">Robyns nye album \u00abSexistential\u00bb slippes 27. mars, forteller den svenske artisten.<\/p>\n<p><img alt=\"Robyn fotografert da hun i februar 2025 var med p\u00e5 \u00e5 feire 50-\u00e5rs jubileet for TV-programmet \u00abSaturday Night Live\u00bb.  Foto: Evan Agostini \/ Invision \/ AP \/ NTB\" class=\"_image_qp4xg_65 layout-component layout-wide\" data-fullscreen- data-track-element-type=\"Article image fullscreen\" data-track-name=\"ImageFullscreen\" fetchpriority=\"high\" decoding=\"sync\" loading=\"eager\" height=\"2382\" itemprop=\"image\"  src=\"https:\/\/www.europesays.com\/no\/wp-content\/uploads\/2026\/01\/6f54d3c7-d9a6-4c8c-883a-3c3a77b12271.png\"  style=\"object-position:0% 0%\" width=\"3500\"\/>Robyn fotografert da hun i februar 2025 var med p\u00e5 \u00e5 feire 50-\u00e5rs jubileet for TV-programmet \u00abSaturday Night Live\u00bb.  Foto: Evan Agostini \/ Invision \/ AP \/ NTB<\/p>\n<ul aria-hidden=\"true\" class=\"_images_ntbth_112\">\n<li><a class=\"_link_ntbth_117\" href=\"https:\/\/www.vg.no\/forfatter\/hanne-kretuz-hansen\" style=\"z-index:2\" title=\"Hanne Kreutz-Hansen\" rel=\"nofollow noopener\" target=\"_blank\"><img alt=\"Bilde av Hanne Kreutz-Hansen\" class=\"_image_ntbth_93\" fetchpriority=\"low\" loading=\"lazy\" decoding=\"async\" itemprop=\"image\"  src=\"https:\/\/www.europesays.com\/no\/wp-content\/uploads\/2026\/01\/1767866228_581_91499188-43f5-43fa-b038-5716eac94ffb.jpeg\"  width=\"480\"\/><\/a><\/li>\n<li><a class=\"_link_ntbth_117\" href=\"https:\/\/www.vg.no\/forfatter\/ntb\" style=\"z-index:1\" title=\"NTB\" rel=\"nofollow noopener\" target=\"_blank\"><img alt=\"Bilde av NTB\" class=\"_image_ntbth_93\" fetchpriority=\"low\" loading=\"lazy\" decoding=\"async\" itemprop=\"image\"  src=\"https:\/\/www.europesays.com\/no\/wp-content\/uploads\/2026\/01\/1767866228_191_c33980b0-5d07-4027-84a1-813f90a7c8d6.png\"  width=\"480\"\/><\/a><\/li>\n<\/ul>\n<p> Oppdatert torsdag 8. januar kl. 10:38    <\/p>\n<ul class=\"_list_o9xde_3 _list_64s2r_85 _unordered_o9xde_106 text-sans-m\">\n<li class=\"_item_o9xde_30\">Robyns nye album \u00abSexistential\u00bb slippes 27. mars.<\/li>\n<li class=\"_item_o9xde_30\">Tittelen p\u00e5 albumet startet som en sp\u00f8k, men fanget kjernen i det Robyn \u00f8nsket \u00e5 uttrykke.<\/li>\n<li class=\"_item_o9xde_30\">Albumet inneholder ni l\u00e5ter, inkludert singelen \u00abDopamine\u00bb.<\/li>\n<\/ul>\n<p>Vis mer <\/p>\n<p class=\"_paragraph_o9xde_4 _paragraph_xtcu6_10 layout-component text-serif-m layout-normal text-serif-m layout-padded\">Tittelen p\u00e5 albumet kom til som en sp\u00f8k, f\u00f8r artisten som egentlig heter Robin Miriam Carlsson (46), inns\u00e5 at den fanget det hun ville si.<\/p>\n<p class=\"_paragraph_o9xde_4 _paragraph_xtcu6_10 layout-component text-serif-m layout-normal text-serif-m layout-padded\">\u2013 \u00c5 utforske mitt sensuelle liv er den samme f\u00f8lelsen som \u00e5 lage en god sang. Det er en s\u00e5 vakker type f\u00f8lsom vibrasjon som krever s\u00e5 mye arbeid \u00e5 holde flytende, sier hun i pressemeldingen fra plateselskapet Playground Music.<\/p>\n<p><img alt=\"Robyn p\u00e5 SiriusXM Studios i New York onsdag denne uken.  Foto: MICHAEL LOCCISANO \/ AFP \/ NTB\" class=\"_image_qp4xg_65 layout-component layout-normal\" data-fullscreen- data-track-element-type=\"Article image fullscreen\" data-track-name=\"ImageFullscreen\" decoding=\"async\" loading=\"lazy\" height=\"2424\" itemprop=\"image\"  src=\"https:\/\/www.europesays.com\/no\/wp-content\/uploads\/2026\/01\/6e8a2aaa-85e7-42a9-b4cf-45737a5db86a.png\"  style=\"object-position:0% 0%\" width=\"3636\"\/>Robyn p\u00e5 SiriusXM Studios i New York onsdag denne uken.  Foto: MICHAEL LOCCISANO \/ AFP \/ NTB <\/p>\n<p class=\"_paragraph_o9xde_4 _paragraph_xtcu6_10 layout-component text-serif-m layout-normal text-serif-m layout-padded\">\u00abSexistential\u00bb inneholder ni l\u00e5ter, blant annet singelen \u00abDopamine\u00bb, som ble sluppet i november.<\/p>\n<p class=\"_paragraph_o9xde_4 _paragraph_xtcu6_10 layout-component text-serif-m layout-normal text-serif-m layout-padded\">\u2013 Jeg f\u00f8ler at meningen med livet mitt er \u00e5 holde meg k\u00e5t \u2013 det beh\u00f8ver ikke handle om sex, men det er \u00e5 kjenne seg sensuell og tiltrukket av ting jeg nyter, og ikke la noe ta over det.<\/p>\n<p class=\"_paragraph_o9xde_4 _paragraph_xtcu6_10 layout-component text-serif-m layout-normal text-serif-m layout-padded\">Albumet er produsert sammen med Klas \u00c5hlund, som <a href=\"https:\/\/www.vg.no\/tag\/robyn?utm_source=vg-article&amp;utm_medium=auto-tagger&amp;utm_campaign=Wvb98g\" class=\"_link_o9xde_39\" rel=\"nofollow noopener\" target=\"_blank\">Robyn<\/a> ogs\u00e5 har samarbeidet med tidligere.<\/p>\n<p class=\"_paragraph_o9xde_4 _paragraph_xtcu6_10 layout-component text-serif-m layout-normal text-serif-m layout-padded\">Sammen med albumkunngj\u00f8ringen har 55-\u00e5ringen sluppet tittelsporet og singelen \u00abTalk To Me\u00bb. Sistnevnte er skrevet sammen med Max Martin, deres f\u00f8rste samarbeid siden \u00abTime Machine\u00bb i 2010, melder <a href=\"https:\/\/www.nme.com\/news\/music\/robyn-announces-new-album-sexistential-with-title-track-and-single-talk-to-me-i-feel-like-the-purpose-of-my-life-is-to-stay-horny-3921778\" class=\"_link_o9xde_39\" rel=\"nofollow noopener\" target=\"_blank\">NME<\/a>.<\/p>\n<p>Pr\u00f8ver\u00f8rsbehandling<\/p>\n<p class=\"_paragraph_o9xde_4 _paragraph_xtcu6_10 layout-component text-serif-m layout-normal text-serif-m layout-padded\">Tittelsporet beskrives som \u00abmuligens verdens f\u00f8rste rap om \u00e5 ha one-night stands mens man er ti uker gravid etter IVF-behandling\u00bb.<\/p>\n<p class=\"_paragraph_o9xde_4 _paragraph_xtcu6_10 layout-component text-serif-m layout-normal text-serif-m layout-padded\">\u2013 Det var mitt hint. Jeg m\u00e5 gj\u00f8re dette, jeg m\u00e5 skrive en rap om IVF, sier Robyn i pressemeldingen.<\/p>\n<p class=\"_paragraph_o9xde_4 _paragraph_xtcu6_10 layout-component text-serif-m layout-normal text-serif-m layout-padded\">I 2023 ble det kjent at Robyn hadde blitt <a href=\"https:\/\/www.vg.no\/rampelys\/i\/jlnL7L\/artisten-robyn-har-blitt-mor-melder-svenske-expressen\" data-track-element-type=\"Link\" data-track-id=\"link:jlnL7L\" class=\"_link_o9xde_39\" rel=\"nofollow noopener\" target=\"_blank\">mamma<\/a>.<\/p>\n<p class=\"_paragraph_o9xde_4 _paragraph_xtcu6_10 layout-component text-serif-m layout-normal text-serif-m layout-padded\">S\u00f8nnen ble f\u00f8dt i april 2022, skriver\u00a0<a href=\"https:\/\/www.aftonbladet.se\/nojesbladet\/a\/onyvz7\/robyn-artist-barn-son-har-blivit-mamma\" class=\"_link_o9xde_39\" rel=\"nofollow noopener\" target=\"_blank\">Aftonbladet<\/a>, men f\u00f8rst et \u00e5r senere varslet hun om gladnyheten p\u00e5 Instragram.<\/p>\n<p class=\"_paragraph_o9xde_4 _paragraph_xtcu6_10 layout-component text-serif-m layout-normal text-serif-m layout-padded\">Det mye albumet er det svenske popikonets niende studio-LP \u2013 hennes f\u00f8rste siden kritikerroste \u00abHoney\u00bb fra 2018.<\/p>\n<p>Slippes p\u00e5 kassett<\/p>\n<p class=\"_paragraph_o9xde_4 _paragraph_xtcu6_10 layout-component text-serif-m layout-normal text-serif-m layout-padded\">Albumet slippes p\u00e5 CD, begrenset kassett og digitalt, sammen med magenta, hvit og alternative kunstvinylformater. <\/p>\n<p class=\"_paragraph_o9xde_4 _paragraph_xtcu6_10 layout-component text-serif-m layout-normal text-serif-m layout-padded\">Robyn ble kjent p\u00e5 90-tallet, men fikk sitt store gjennombrudd med hits som \u00abDancing on MY Own\u00bb i 2010 og \u00abwith Every Heartbreak\u00bb i 2005, hun er kjent for sin elektropop-stil og \u00e6rlige tekster. Hun har tidligere samarbeidet med artister som norske R\u00f6yksopp.<\/p>\n","protected":false},"excerpt":{"rendered":"Robyns nye album \u00abSexistential\u00bb slippes 27. mars, forteller den svenske artisten. Robyn fotografert da hun i februar 2025&hellip;\n","protected":false},"author":2,"featured_media":131905,"comment_status":"","ping_status":"","sticky":false,"template":"","format":"standard","meta":{"footnotes":""},"categories":[58],"tags":[71,15275,30,28,29,15274,2726,72],"class_list":{"0":"post-131904","1":"post","2":"type-post","3":"status-publish","4":"format-standard","5":"has-post-thumbnail","7":"category-underholdning","8":"tag-entertainment","9":"tag-music","10":"tag-no","11":"tag-norge","12":"tag-norway","13":"tag-robyn","14":"tag-sex","15":"tag-underholdning"},"share_on_mastodon":{"url":"https:\/\/pubeurope.com\/@no\/115858888640906364","error":""},"_links":{"self":[{"href":"https:\/\/www.europesays.com\/no\/wp-json\/wp\/v2\/posts\/131904","targetHints":{"allow":["GET"]}}],"collection":[{"href":"https:\/\/www.europesays.com\/no\/wp-json\/wp\/v2\/posts"}],"about":[{"href":"https:\/\/www.europesays.com\/no\/wp-json\/wp\/v2\/types\/post"}],"author":[{"embeddable":true,"href":"https:\/\/www.europesays.com\/no\/wp-json\/wp\/v2\/users\/2"}],"replies":[{"embeddable":true,"href":"https:\/\/www.europesays.com\/no\/wp-json\/wp\/v2\/comments?post=131904"}],"version-history":[{"count":0,"href":"https:\/\/www.europesays.com\/no\/wp-json\/wp\/v2\/posts\/131904\/revisions"}],"wp:featuredmedia":[{"embeddable":true,"href":"https:\/\/www.europesays.com\/no\/wp-json\/wp\/v2\/media\/131905"}],"wp:attachment":[{"href":"https:\/\/www.europesays.com\/no\/wp-json\/wp\/v2\/media?parent=131904"}],"wp:term":[{"taxonomy":"category","embeddable":true,"href":"https:\/\/www.europesays.com\/no\/wp-json\/wp\/v2\/categories?post=131904"},{"taxonomy":"post_tag","embeddable":true,"href":"https:\/\/www.europesays.com\/no\/wp-json\/wp\/v2\/tags?post=131904"}],"curies":[{"name":"wp","href":"https:\/\/api.w.org\/{rel}","templated":true}]}}