{"id":131910,"date":"2026-01-08T10:02:12","date_gmt":"2026-01-08T10:02:12","guid":{"rendered":"https:\/\/www.europesays.com\/no\/131910\/"},"modified":"2026-01-08T10:02:12","modified_gmt":"2026-01-08T10:02:12","slug":"direktesending-av-age-hareides-bisettelse-fotballegender-samles-i-molde","status":"publish","type":"post","link":"https:\/\/www.europesays.com\/no\/131910\/","title":{"rendered":"Direktesending av \u00c5ge Hareides bisettelse: Fotballegender samles i Molde"},"content":{"rendered":"<p>\u00c5ge Hareide d\u00f8de 18. desember etter kort tids kreftsykdom. Fotballegenden ble 72 \u00e5r.\u00a0<\/p>\n<p>Bisettelsen i Molde Domkirke starter kl. 12. Flere store fotballpersonligheter fra Norge og Danmark er ventet.\u00a0<\/p>\n<p class=\"bold m-bold\" data-lab-font_weight=\"bold\">Det er allerede kjent at den danske fotballstjernen Christian Eriksen og tidligere landslagskaptein Simon Kj\u00e6r vil delta.\u00a0<\/p>\n<p>Det samme vil spisslegenden Jon Dal Tomasson og fotballdirekt\u00f8r i det danske fotballforbundet Peter M\u00f8ller.\u00a0<\/p>\n<p>        <img class=\"image__img lazyload\" itemprop=\"image\" title=\"Foto: Arne Rovick \/ TV 2\" alt=\"HAR LANDET: Det danske fotballforbundets fly er p\u00e5 plass p\u00e5 Molde Lufthavn \u00c5r\u00f8. Foto: Arne Rovick \/ TV 2\" width=\"978\" height=\"656\" bad-src=\"https:\/\/www.europesays.com\/no\/wp-content\/uploads\/2026\/01\/18443552.webp.jpeg\" fetchpriority=\"auto\" \/><\/p>\n<p>      HAR LANDET: Det danske fotballforbundets fly er p\u00e5 plass p\u00e5 Molde Lufthavn \u00c5r\u00f8.<br \/>\n         Foto: Arne Rovick \/ TV 2<\/p>\n<p>Fra det norske fotballforbundet kommer president Lise Klaveness, generalsekret\u00e6r Karl-Petter L\u00f8ken og landslagssjef St\u00e5le Solbakken.\u00a0<\/p>\n<p class=\"bold m-bold\" data-lab-font_weight=\"bold\">Bisettelsen sendes direkte p\u00e5 tv2.no fra kl. 11. Det gj\u00f8res i samr\u00e5d med familien.\u00a0\u00a0<\/p>\n<p data-lab-font_weight=\"\">\u2013 Vi er glade for at bisettelsen sendes direkte p\u00e5 NRK2, NRK TV og TV 2, slik at alle som \u00f8nsker \u00e5 ta et siste farvel, men som ikke har anledning til \u00e5 v\u00e6re i kirken, kan f\u00f8lge seremonien, skriver Bendik Hareide, \u00c5ge Hareides s\u00f8nn, i en pressemelding.\u00a0<\/p>\n<p>Etter bisettelsen vil det avholdes en privat minnestund p\u00e5 Aker Stadion.\u00a0<\/p>\n","protected":false},"excerpt":{"rendered":"\u00c5ge Hareide d\u00f8de 18. desember etter kort tids kreftsykdom. Fotballegenden ble 72 \u00e5r.\u00a0 Bisettelsen i Molde Domkirke starter&hellip;\n","protected":false},"author":2,"featured_media":131911,"comment_status":"","ping_status":"","sticky":false,"template":"","format":"standard","meta":{"footnotes":""},"categories":[5],"tags":[20,21,24,25,15,19,22,23,17,18,13,30,28,29,14,16,26,27],"class_list":{"0":"post-131910","1":"post","2":"type-post","3":"status-publish","4":"format-standard","5":"has-post-thumbnail","7":"category-overskrifter","8":"tag-breaking-news","9":"tag-breakingnews","10":"tag-featured-news","11":"tag-featurednews","12":"tag-headlines","13":"tag-hovedoppslag","14":"tag-latest-news","15":"tag-latestnews","16":"tag-main-news","17":"tag-mainnews","18":"tag-news","19":"tag-no","20":"tag-norge","21":"tag-norway","22":"tag-nyheter","23":"tag-overskrifter","24":"tag-top-stories","25":"tag-topstories"},"share_on_mastodon":{"url":"https:\/\/pubeurope.com\/@no\/115858908526815174","error":""},"_links":{"self":[{"href":"https:\/\/www.europesays.com\/no\/wp-json\/wp\/v2\/posts\/131910","targetHints":{"allow":["GET"]}}],"collection":[{"href":"https:\/\/www.europesays.com\/no\/wp-json\/wp\/v2\/posts"}],"about":[{"href":"https:\/\/www.europesays.com\/no\/wp-json\/wp\/v2\/types\/post"}],"author":[{"embeddable":true,"href":"https:\/\/www.europesays.com\/no\/wp-json\/wp\/v2\/users\/2"}],"replies":[{"embeddable":true,"href":"https:\/\/www.europesays.com\/no\/wp-json\/wp\/v2\/comments?post=131910"}],"version-history":[{"count":0,"href":"https:\/\/www.europesays.com\/no\/wp-json\/wp\/v2\/posts\/131910\/revisions"}],"wp:featuredmedia":[{"embeddable":true,"href":"https:\/\/www.europesays.com\/no\/wp-json\/wp\/v2\/media\/131911"}],"wp:attachment":[{"href":"https:\/\/www.europesays.com\/no\/wp-json\/wp\/v2\/media?parent=131910"}],"wp:term":[{"taxonomy":"category","embeddable":true,"href":"https:\/\/www.europesays.com\/no\/wp-json\/wp\/v2\/categories?post=131910"},{"taxonomy":"post_tag","embeddable":true,"href":"https:\/\/www.europesays.com\/no\/wp-json\/wp\/v2\/tags?post=131910"}],"curies":[{"name":"wp","href":"https:\/\/api.w.org\/{rel}","templated":true}]}}