{"id":131912,"date":"2026-01-08T10:03:25","date_gmt":"2026-01-08T10:03:25","guid":{"rendered":"https:\/\/www.europesays.com\/no\/131912\/"},"modified":"2026-01-08T10:03:25","modified_gmt":"2026-01-08T10:03:25","slug":"fansen-roper-pa-solskjaer","status":"publish","type":"post","link":"https:\/\/www.europesays.com\/no\/131912\/","title":{"rendered":"Fansen roper p\u00e5 Solskj\u00e6r"},"content":{"rendered":"<p>MANCHESTER\/BURNLEY (Dagbladet): Det ble ingen dr\u00f8mmestart for Manchester Uniteds vikarmanager Darren Fletcher, som fikk s<a href=\"https:\/\/www.dagbladet.no\/sport\/kan-ikke-tro-det\/84068974\" target=\"_blank\" rel=\"nofollow noopener\">e mannskapet spille 2-2 mot Burnley onsdag kveld<\/a>.<\/p>\n<p>I engelske medier p\u00e5pekes det blant annet at Fletcher med det resultatet\u00a0\u00ab\u00f8dela jobbintervjuet\u00bb. For i kulissene lurer b\u00e5de Michael Carrick og Ole Gunnar Solskj\u00e6r &#8211; som begge kan f\u00e5 en rolle \u00e5 spille framover.<\/p>\n<p>Engelsk presse hevder at klubbstyret skal ha samtaler med duoen i l\u00f8pet av de neste to dagene, f\u00f8r de tar en avgj\u00f8relse om hvem som eventuelt skal ta over spakene fram til sommeren. <a href=\"https:\/\/www.theguardian.com\/football\/2026\/jan\/07\/michael-carrick-running-ole-gunnar-solskjaer-close-race-to-become-manchester-united-interim-manager\" target=\"_blank\" rel=\"nofollow noopener\">The Guardian<\/a> skriver at Solskj\u00e6r er knepen favoritt.<\/p>\n<p class=\"font-weight-bold m-font-weight-bold\" data-lab-font_weight=\"font-weight-bold\">Fletcher bekreftet selv p\u00e5 pressekonferansen etter kampen at han skal lede de r\u00f8de i FA-cupen mot Brighton s\u00f8ndag. Det kan bli hans siste kamp p\u00e5 sidelinja.<\/p>\n<p>&#8211; De \u00f8nsker at jeg skal lede laget s\u00f8ndag, sa Fletcher om United-direkt\u00f8r Jason Wilcox og administrerende leder Omar Berrada.<\/p>\n<p>        <img loading=\"lazy\" decoding=\"async\" src=\"https:\/\/www.europesays.com\/no\/wp-content\/uploads\/2026\/01\/84070686.webp.webp\" width=\"686\" height=\"460\" title=\"NY NEDTUR: Fansen h\u00e5pet p\u00e5 en opptur mot Burnley, men det ble bare ett poeng. Foto: John T. Pedersen \/ Dagbladet\" alt=\"\" class=\"\" style=\"--aspect-ratio-image: 1.49; \"\/><\/p>\n<p>\n        NY NEDTUR: Fansen h\u00e5pet p\u00e5 en opptur mot Burnley, men det ble bare ett poeng. Foto: John T. Pedersen \/ Dagbladet\n    <\/p>\n<p>        <img loading=\"lazy\" decoding=\"async\" src=\"https:\/\/www.europesays.com\/no\/wp-content\/uploads\/2026\/01\/84070575.webp.webp\" width=\"980\" height=\"559\" title=\"AKTUELLE: Ole Gunnar Solskj\u00e6r og Michael Carrick. Foto: Glyn Kirk\/Reuters\/NTB\" alt=\"\" class=\"\" style=\"--aspect-ratio-image: 1.75; \"\/><\/p>\n<p>\n        AKTUELLE: Ole Gunnar Solskj\u00e6r og Michael Carrick. Foto: Glyn Kirk\/Reuters\/NTB\n    <\/p>\n<p>    <a itemprop=\"url\" href=\"https:\/\/www.dagbladet.no\/sport\/kan-ikke-tro-det\/84068974\" rel=\"nofollow noopener\" target=\"_blank\"><\/p>\n<p>        <img loading=\"lazy\" decoding=\"async\" src=\"https:\/\/www.europesays.com\/no\/wp-content\/uploads\/2026\/01\/1767866601_967_84069247.webp.webp\" width=\"980\" height=\"441\" title=\"- Kan ikke tro det\" alt=\"\" class=\"lazyload\" style=\"--aspect-ratio-image: 2.22; \"\/><\/p>\n<p>        &#8211; Kan ikke tro det<\/p>\n<p>    <\/a><\/p>\n<p>Sang Solskj\u00e6rs navn\t<\/p>\n<p>Stemningen var god p\u00e5 supporter-puben The Bishop Blaize, som ligger et steinkast fra Old Trafford, da Benjamin Sesko satte inn 2-1-scoringen etter timen spilt i g\u00e5r.<\/p>\n<p>Glede ble fort til fortvilelse da hjemmelagets Jaidon Anthony utliknet seks minutter seinere, og laget som ligger nest sist i Premier League fikk karret med seg et poeng.<\/p>\n<p>        <img loading=\"lazy\" decoding=\"async\" src=\"https:\/\/www.europesays.com\/no\/wp-content\/uploads\/2026\/01\/84070697.webp.webp\" width=\"980\" height=\"559\" title=\"JUBEL: United-fansen jubler p\u00e5 stillingen 2-1 til de r\u00f8de.M\u00e5lscorer Benjamin Sesko p\u00e5 TV-skjermen. Foto: John T. Pedersen \/ Dagbladet\" alt=\"\" class=\"\" style=\"--aspect-ratio-image: 1.75; \"\/><\/p>\n<p>\n        JUBEL: United-fansen jubler p\u00e5 stillingen 2-1 til de r\u00f8de.M\u00e5lscorer Benjamin Sesko p\u00e5 TV-skjermen. Foto: John T. Pedersen \/ Dagbladet\n    <\/p>\n<p>        <img loading=\"lazy\" decoding=\"async\" src=\"https:\/\/www.europesays.com\/no\/wp-content\/uploads\/2026\/01\/84070701.webp.webp\" width=\"980\" height=\"559\" title=\"SAMLINGSPUNKT: The Bishop Blaize spiller en viktig rolle i supporterkulturen rundt Manchester United. I timene f\u00f8r kamp er den et samlingssted for de mest lidenskapelige supporterne. Foto: John Terje Pedersen\/Dagbladet\" alt=\"\" class=\"\" style=\"--aspect-ratio-image: 1.75; \"\/><\/p>\n<p>\n        SAMLINGSPUNKT: The Bishop Blaize spiller en viktig rolle i supporterkulturen rundt Manchester United. I timene f\u00f8r kamp er den et samlingssted for de mest lidenskapelige supporterne. Foto: John Terje Pedersen\/Dagbladet\n    <\/p>\n<p>Engelske The Sun peker p\u00e5 at det var\u00a0\u00abden samme gamle historien\u00bb for de r\u00f8de, og skriver at Manchester United-fansen \u00f8nsker \u00e5 hente tilbake Solskj\u00e6r &#8211; som fikk sparken i november 2021 etter rundt tre \u00e5r i jobben.<\/p>\n<p>Bortefansen sang blant annet Solskj\u00e6rs navn til l\u00e5ta <a href=\"https:\/\/www.youtube.com\/watch?v=yt05n0WivxU\" target=\"_blank\" rel=\"nofollow noopener\">Oh what a night<\/a> underveis i kampen mot Burnley, som viser til da Solskj\u00e6r avgjorde Champions League-finalen i 1999. Solskj\u00e6r-l\u00e5ta\u00a0\u00abYou are my sunshine\u00bb ble ogs\u00e5 h\u00f8rt p\u00e5 stadion.<\/p>\n<p>        <img loading=\"lazy\" decoding=\"async\" src=\"https:\/\/www.europesays.com\/no\/wp-content\/uploads\/2026\/01\/84070369.webp.webp\" width=\"686\" height=\"913\" title=\"SAMME GAMLE: The Sun rapporterer ogs\u00e5 at fans \u00f8nser Ole Gunnar Solskj\u00e6r tilbake som manager. Faksimile\" alt=\"\" class=\"\" style=\"--aspect-ratio-image: 0.75; \"\/><\/p>\n<p>\n        SAMME GAMLE: The Sun rapporterer ogs\u00e5 at fans \u00f8nser Ole Gunnar Solskj\u00e6r tilbake som manager. Faksimile\n    <\/p>\n<p>&#8211; Fantastisk\t<\/p>\n<p>Dagbladet snakket med flere Manchester United-fans utenfor Turf Moor i Burnley, og det var bred konsensus om at Solskj\u00e6r er rett mann til \u00e5 samle laget ut sesongen.\u00a0<\/p>\n<p>&#8211; Det hadde v\u00e6rt fantastisk, jeg hadde tatt ham tilbake allerede i morgen. Folk glemmer at vi var fantastiske i to \u00e5r under Ole, sier Dan Mellett til Dagbladet.<\/p>\n<p class=\"font-weight-bold m-font-weight-bold\" data-lab-font_weight=\"font-weight-bold\">Samtidig s\u00e5 \u00f8nsker mange supportere et st\u00f8rre navn inn portene p\u00e5 Old Trafford til sommeren, og noen fans er skeptiske til om det vil hjelpe. Supportere p\u00e5 Turf Moor holdt oppe et banner med meldingen:\u00a0\u00abJim kan ikke fikse dette\u00bb, og sikter til klubbens medeier Sir Jim Ratcliffe.<\/p>\n<p> &#8211; N\u00e5r Solskj\u00e6r ikke klarer det, en av v\u00e5re egne, s\u00e5 skj\u00f8nner jeg ikke hvem som skal klare det. Vi har pr\u00f8vd alt. Vi har hatt erfarne managere som Louis van Gaal og Jos\u00e9 Mourinho som har vunnet alt, vi har hatt fremadstormende managere som Erik ten Hag og Ruben Amorim, og vi har hatt Solskj\u00e6r som kjenner klubben. Det virket ikke, s\u00e5 jeg vet ikke hva de skal gj\u00f8re, sier United-supporter\u00a0Jack Williams til Dagbladet utenfor stadion. <\/p>\n<p>        <img loading=\"lazy\" decoding=\"async\" src=\"https:\/\/www.europesays.com\/no\/wp-content\/uploads\/2026\/01\/84070519.webp.webp\" width=\"980\" height=\"559\" title=\"MELDING TIL EIER: Fans mener at deleier Sir Jim Ratcliffe ikke kan ordne opp i problemene. Foto: Russell Cheyne\/Reuters\/NTB\" alt=\"\" class=\"\" style=\"--aspect-ratio-image: 1.75; \"\/><\/p>\n<p>\n        MELDING TIL EIER: Fans mener at deleier Sir Jim Ratcliffe ikke kan ordne opp i problemene. Foto: Russell Cheyne\/Reuters\/NTB\n    <\/p>\n<p>    <a itemprop=\"url\" href=\"https:\/\/www.dagbladet.no\/sport\/tror-de-er-splittet\/84068706\" rel=\"nofollow noopener\" target=\"_blank\"><\/p>\n<p>        <img loading=\"lazy\" decoding=\"async\" src=\"https:\/\/www.europesays.com\/no\/wp-content\/uploads\/2026\/01\/84068810.webp.webp\" width=\"980\" height=\"441\" title=\"Tror de er splittet\" alt=\"\" class=\"lazyload\" style=\"--aspect-ratio-image: 2.22; \"\/><\/p>\n<p>        Tror de er splittet<\/p>\n<p>    <\/a><\/p>\n<p>&#8211; Evig runddans\t<\/p>\n<p>Nok en gang ser det ut til at United g\u00e5r for en tidligere spiller til \u00e5 samle troppene og lede klubben midlertidig gjennom t\u00f8ffe tider. United-legende Gary Neville f\u00e5r en d\u00e9j\u00e0 vu-f\u00f8lelse av hele opplegget.<\/p>\n<p>&#8211; Det f\u00f8les nesten som en evig runddans, som i filmen <a href=\"https:\/\/no.wikipedia.org\/wiki\/En_ny_dag_truer\" target=\"_blank\" rel=\"nofollow noopener\">Groundhog Day<\/a>, sier Neville og fortsetter:<\/p>\n<p>&#8211; Det jeg tenker er at Ole er en som elsker klubben, han har hatt jobben tidligere. De andre navnene som har blitt nevnt er Michael Carrick og Ruud van Nistelrooy, som er fantastiske folk. De elsker klubben intenst, men de kommer til \u00e5 havne under mye press de neste fire-fem m\u00e5nedene hvis resulttene ikke g\u00e5r deres vei og de m\u00e5 v\u00e6re klare for det.<\/p>\n<p>Daily Mail i sin avis skriver at det n\u00e5 st\u00e5r mellom Carrick og Solskj\u00e6r, og at Carrick skal v\u00e6re villig til \u00e5 jobbe med nordmannen om han ikke f\u00e5r jobben alene. Van Nistelrooy skal v\u00e6re ute av kampen.<\/p>\n<p>    <a itemprop=\"url\" href=\"https:\/\/www.dagbladet.no\/sport\/kostnad-en-milliard\/84065208\" rel=\"nofollow noopener\" target=\"_blank\"><\/p>\n<p>        <img loading=\"lazy\" decoding=\"async\" src=\"https:\/\/www.europesays.com\/no\/wp-content\/uploads\/2026\/01\/1767866605_336_84065332.webp.webp\" width=\"980\" height=\"441\" title=\"Kostnad: \u00c9n milliard\" alt=\"\" class=\"lazyload\" style=\"--aspect-ratio-image: 2.22; \"\/><\/p>\n<p>        Kostnad: \u00c9n milliard<\/p>\n<p>    <\/a><\/p>\n","protected":false},"excerpt":{"rendered":"MANCHESTER\/BURNLEY (Dagbladet): Det ble ingen dr\u00f8mmestart for Manchester Uniteds vikarmanager Darren Fletcher, som fikk se mannskapet spille 2-2&hellip;\n","protected":false},"author":2,"featured_media":131913,"comment_status":"","ping_status":"","sticky":false,"template":"","format":"standard","meta":{"footnotes":""},"categories":[59],"tags":[92,158,30,28,29,505,83,82],"class_list":{"0":"post-131912","1":"post","2":"type-post","3":"status-publish","4":"format-standard","5":"has-post-thumbnail","7":"category-sport","8":"tag-fotball","9":"tag-manchester-united","10":"tag-no","11":"tag-norge","12":"tag-norway","13":"tag-ole-gunnar-solskjaer","14":"tag-sport","15":"tag-sports"},"share_on_mastodon":{"url":"https:\/\/pubeurope.com\/@no\/115858912480584227","error":""},"_links":{"self":[{"href":"https:\/\/www.europesays.com\/no\/wp-json\/wp\/v2\/posts\/131912","targetHints":{"allow":["GET"]}}],"collection":[{"href":"https:\/\/www.europesays.com\/no\/wp-json\/wp\/v2\/posts"}],"about":[{"href":"https:\/\/www.europesays.com\/no\/wp-json\/wp\/v2\/types\/post"}],"author":[{"embeddable":true,"href":"https:\/\/www.europesays.com\/no\/wp-json\/wp\/v2\/users\/2"}],"replies":[{"embeddable":true,"href":"https:\/\/www.europesays.com\/no\/wp-json\/wp\/v2\/comments?post=131912"}],"version-history":[{"count":0,"href":"https:\/\/www.europesays.com\/no\/wp-json\/wp\/v2\/posts\/131912\/revisions"}],"wp:featuredmedia":[{"embeddable":true,"href":"https:\/\/www.europesays.com\/no\/wp-json\/wp\/v2\/media\/131913"}],"wp:attachment":[{"href":"https:\/\/www.europesays.com\/no\/wp-json\/wp\/v2\/media?parent=131912"}],"wp:term":[{"taxonomy":"category","embeddable":true,"href":"https:\/\/www.europesays.com\/no\/wp-json\/wp\/v2\/categories?post=131912"},{"taxonomy":"post_tag","embeddable":true,"href":"https:\/\/www.europesays.com\/no\/wp-json\/wp\/v2\/tags?post=131912"}],"curies":[{"name":"wp","href":"https:\/\/api.w.org\/{rel}","templated":true}]}}