{"id":131914,"date":"2026-01-08T10:04:09","date_gmt":"2026-01-08T10:04:09","guid":{"rendered":"https:\/\/www.europesays.com\/no\/131914\/"},"modified":"2026-01-08T10:04:09","modified_gmt":"2026-01-08T10:04:09","slug":"ekspert-det-ville-vaert-upassende","status":"publish","type":"post","link":"https:\/\/www.europesays.com\/no\/131914\/","title":{"rendered":"Ekspert: &#8211; Det ville v\u00e6rt upassende"},"content":{"rendered":"<p>Torsdag fyller\u00a0prins Vincent og prinsesse Josephine 15 \u00e5r. <\/p>\n<p>I den forbindelse har kongelig historiker Lars Hovbakke S\u00f8rensen uttalt seg om framtidsmulighetene for tvillingene ovenfor den danske avisen <a href=\"https:\/\/www.bt.dk\/royale\/saadan-bliver-de-royale-tvillingers-liv-de-faar-frie-rammer--men-et-job-er-udelukket\" rel=\"nofollow noopener\" target=\"_blank\">BT.\u00a0<\/a><\/p>\n<p>Han forklarer at siden de er nummer tre og fire i arverekken vil de i st\u00f8rre grad kunne definere egne liv med familie, arbeid og utdanning.\u00a0<\/p>\n<p>Han mener ogs\u00e5 at det heller ikke vil v\u00e6re like stor oppmerksomhet rundt tvillingene i sammenligning med deres eldre bror og s\u00f8ster.\u00a0<\/p>\n<p>If\u00f8lge historikeren kommer verken prins Vincent eller prinsesse Josephine til \u00e5 motta apanasje, og at de dermed selv er ansvarlige for \u00e5 tjene sine egne penger.\u00a0<\/p>\n<p>        <img class=\"image__img lazyload\" itemprop=\"image\" title=\"Foto: Kongehuset\" alt=\"TVILLINGER: Prins Vincent og prinsesse Josephine ble f\u00f8dt i 2011. Foto: Kongehuset\" width=\"675\" height=\"480\" bad-src=\"https:\/\/www.europesays.com\/no\/wp-content\/uploads\/2026\/01\/18443282.webp.jpeg\" fetchpriority=\"auto\" \/><\/p>\n<p>      TVILLINGER: Prins Vincent og prinsesse Josephine ble f\u00f8dt i 2011.<br \/>\n         Foto: Kongehuset<\/p>\n<p>\u2013 Ville v\u00e6rt utenkelig\u00a0<\/p>\n<p>Men selv om tvillingene st\u00e5r mye friere til \u00e5 velge framtidig karriere, er det et yrke som S\u00f8rensen mener de b\u00f8r holde seg unna.\u00a0<\/p>\n<p class=\"bold m-bold\" data-lab-font_weight=\"bold\">\u2013 \u00c5 bli politiker ville v\u00e6rt utenkelig, fordi de st\u00e5r for n\u00e6r de sentrale skikkelsene i Kongehuset, sier historikeren til BT og legger til:<\/p>\n<p>\u2013 De er velkomne til \u00e5 gj\u00f8re det, men det ville v\u00e6re upassende, for da ville det bli en forvirring mellom Kongehuset og det politiske liv, noe som ikke burde v\u00e6re tilfelle i et konstitusjonelt monarki.<\/p>\n<p>    <a class=\"article__link\" data-ga-active-label=\"\" data-ga-active-label-animation=\"\" href=\"https:\/\/www.tv2.no\/underholdning\/anklages-for-kongelig-juks-ikke-et-sekund-i-tvil\/18204181\/\" rel=\"nofollow noopener\" target=\"_blank\"><\/p>\n<p>    <img class=\"image__img lazyload\" itemprop=\"image\" title=\"\" alt=\"\" width=\"978\" height=\"411\" bad-src=\"https:\/\/www.europesays.com\/no\/wp-content\/uploads\/2026\/01\/18204300.webp.jpeg\" fetchpriority=\"auto\" \/><\/p>\n<p>\n            Anklages for kongelig \u00abjuks\u00bb: \u2013 Ikke et sekund i tvil\n        <\/p>\n<p>    <\/a><\/p>\n<p>Peker p\u00e5 en spesifikk karriereretning\u00a0<\/p>\n<p>Den danske prinsessen har allerede vist interesse for det som muligens kan v\u00e6re en framtidig karriere.\u00a0<\/p>\n<p>De siste \u00e5rene har hun visst en stor interesse for skuespill, og spilt roller p\u00e5 b\u00e5de teater og p\u00e5 TV-skjermen.\u00a0<\/p>\n<p>\u2013 Det er ikke utelukket at de kan satse p\u00e5 noe annet enn akademia hvis de virkelig vil, hvis Josephine for eksempel vil bli skuespillerinne, sier S\u00f8rensen.<\/p>\n<p>Han tror at befolkningen og kongehuset vil akseptere det ettersom hun er s\u00e5pass langt nede i arverekken.\u00a0<\/p>\n","protected":false},"excerpt":{"rendered":"Torsdag fyller\u00a0prins Vincent og prinsesse Josephine 15 \u00e5r. I den forbindelse har kongelig historiker Lars Hovbakke S\u00f8rensen uttalt&hellip;\n","protected":false},"author":2,"featured_media":131915,"comment_status":"","ping_status":"","sticky":false,"template":"","format":"standard","meta":{"footnotes":""},"categories":[58],"tags":[71,30,28,29,72],"class_list":{"0":"post-131914","1":"post","2":"type-post","3":"status-publish","4":"format-standard","5":"has-post-thumbnail","7":"category-underholdning","8":"tag-entertainment","9":"tag-no","10":"tag-norge","11":"tag-norway","12":"tag-underholdning"},"share_on_mastodon":{"url":"https:\/\/pubeurope.com\/@no\/115858916137196937","error":""},"_links":{"self":[{"href":"https:\/\/www.europesays.com\/no\/wp-json\/wp\/v2\/posts\/131914","targetHints":{"allow":["GET"]}}],"collection":[{"href":"https:\/\/www.europesays.com\/no\/wp-json\/wp\/v2\/posts"}],"about":[{"href":"https:\/\/www.europesays.com\/no\/wp-json\/wp\/v2\/types\/post"}],"author":[{"embeddable":true,"href":"https:\/\/www.europesays.com\/no\/wp-json\/wp\/v2\/users\/2"}],"replies":[{"embeddable":true,"href":"https:\/\/www.europesays.com\/no\/wp-json\/wp\/v2\/comments?post=131914"}],"version-history":[{"count":0,"href":"https:\/\/www.europesays.com\/no\/wp-json\/wp\/v2\/posts\/131914\/revisions"}],"wp:featuredmedia":[{"embeddable":true,"href":"https:\/\/www.europesays.com\/no\/wp-json\/wp\/v2\/media\/131915"}],"wp:attachment":[{"href":"https:\/\/www.europesays.com\/no\/wp-json\/wp\/v2\/media?parent=131914"}],"wp:term":[{"taxonomy":"category","embeddable":true,"href":"https:\/\/www.europesays.com\/no\/wp-json\/wp\/v2\/categories?post=131914"},{"taxonomy":"post_tag","embeddable":true,"href":"https:\/\/www.europesays.com\/no\/wp-json\/wp\/v2\/tags?post=131914"}],"curies":[{"name":"wp","href":"https:\/\/api.w.org\/{rel}","templated":true}]}}