{"id":131918,"date":"2026-01-08T10:08:10","date_gmt":"2026-01-08T10:08:10","guid":{"rendered":"https:\/\/www.europesays.com\/no\/131918\/"},"modified":"2026-01-08T10:08:10","modified_gmt":"2026-01-08T10:08:10","slug":"naeringsliv-vaer-selger-mindre-ved-enn-for-folk-er-mer-kompetente-haugesunds-avis","status":"publish","type":"post","link":"https:\/\/www.europesays.com\/no\/131918\/","title":{"rendered":"N\u00e6ringsliv, V\u00e6r | Selger mindre ved enn f\u00f8r: \u2013 Folk er mer kompetente &#8211; Haugesunds Avis"},"content":{"rendered":"<ol>\n<li><a href=\"https:\/\/news.google.com\/rss\/articles\/CBMijgFBVV95cUxNcmFkMDFuM1RBTFNLM0ZDWmJRcEotcDV1TDRSZ2VDQWF1TkhqOTl4RjViWmxUWlR4WWFzUmJCdUZNQ2trYWtFc3ZYd0p1Sk9vREd5b3BQQVdVLUtTWUhlU3lMOHhwbHNNTVVSbGJJNHYxaXNWMC1kaldPUGxwX2dNczJPV3ZRM29zTzVrZlZR?oc=5\" target=\"_blank\" rel=\"nofollow noopener\">N\u00e6ringsliv, V\u00e6r | Selger mindre ved enn f\u00f8r: \u2013 Folk er mer kompetente<\/a>&nbsp;&nbsp;Haugesunds Avis<\/li>\n<li><a href=\"https:\/\/news.google.com\/rss\/articles\/CBMic0FVX3lxTE1WZjdEMms3SDlTZDZtNHRNZmNvaWpSeVlMZ1o2aUczUUNwdHp2OVhpa05icjJkTEhJc25JeFlGV0hpNGZNbk91YUt3Z3NyUUxCa2xpWENQVmUzamk2enZHR2pUSmRtaXNCUkg4TWlwTGk5SXM?oc=5\" target=\"_blank\" rel=\"nofollow noopener\">Vedsalget skyter til v\u00e6rs: \u2013 Har tatt helt av<\/a>&nbsp;&nbsp;Bergens Tidende<\/li>\n<li><a href=\"https:\/\/news.google.com\/rss\/articles\/CBMiyAFBVV95cUxOejJBcmhVMUJwV0loaU9XUVVsSlhfMHNaNHhnc0lqdTRmb3hVLXd4RVQxWXZMR29nckR2eWxmRjZfaHc5Q2pZVHowRTZ0RjBjMTYwTjdDVm1yc1RPOWFWYzJHSUQzZ0h6Q0xoOUZmaE92Nmp2QlgzWUdRM1UwQmx6bFlGWDJDZGVqVmZVMHpPNFR4eldYVEREbTQwR1Bvajhkd0RYVVFYSFVMZl9ZVTlPNjVRbzU4T3QtbVp5dmtPOHFIbkppUGtpWg?oc=5\" target=\"_blank\" rel=\"nofollow noopener\">\u2013 Vi er egentlig litt glade n\u00e5r kulda kommer<\/a>&nbsp;&nbsp;fosna-folket.no<\/li>\n<li><a href=\"https:\/\/news.google.com\/rss\/articles\/CBMiZ0FVX3lxTFBTZVctZFBfTWNRVGYzMU1XMXNkOGgxTUdFcDVKQ3lTY3QwYzJKS2FNSUxlTXh1VzhRQkVTWDJWV1ZHYWx3ZFVHVFk3SW9BczA1czhHV2wxWDljLTZ0RHN0TUpMcTBySmM?oc=5\" target=\"_blank\" rel=\"nofollow noopener\">&#8211; Tatt helt av<\/a>&nbsp;&nbsp;DinSide<\/li>\n<li><a href=\"https:\/\/news.google.com\/rss\/articles\/CBMitgFBVV95cUxQd1FySXNtYVJRX2FBcHl1cnVSb2ZzRktiZDQxV3AtUTd0Ynd3RE14dlZKLW9DbG1fcXQtdEdmZnc3VjllQlJjSy1NNG5ULURoQ0NvTVAxMWVTNFktc04xVGNmZklmeV9aU2h5bzYzRU5tenlRS09ieHZPNUVXSDVwZ0U1M040c0xoRlNIcGNNeEdndGtVd1A4Q2NJS0ZRdDd0a3hLTE9VaXRwZHFrS0hUSXZNNFFvdw?oc=5\" target=\"_blank\" rel=\"nofollow noopener\">Flor\u00f8, Ved | Vedkongen er i fyr og flamme n\u00e5r kulda bit: \u2013 Fyrer gjerne opp for fine damer<\/a>&nbsp;&nbsp;Firdaposten<\/li>\n<\/ol>\n","protected":false},"excerpt":{"rendered":"N\u00e6ringsliv, V\u00e6r | Selger mindre ved enn f\u00f8r: \u2013 Folk er mer kompetente&nbsp;&nbsp;Haugesunds Avis Vedsalget skyter til v\u00e6rs:&hellip;\n","protected":false},"author":2,"featured_media":131919,"comment_status":"","ping_status":"","sticky":false,"template":"","format":"standard","meta":{"footnotes":""},"categories":[10],"tags":[20,21,24,25,15,22,23,13,30,28,29,14,16,26,27],"class_list":{"0":"post-131918","1":"post","2":"type-post","3":"status-publish","4":"format-standard","5":"has-post-thumbnail","7":"category-norge","8":"tag-breaking-news","9":"tag-breakingnews","10":"tag-featured-news","11":"tag-featurednews","12":"tag-headlines","13":"tag-latest-news","14":"tag-latestnews","15":"tag-news","16":"tag-no","17":"tag-norge","18":"tag-norway","19":"tag-nyheter","20":"tag-overskrifter","21":"tag-top-stories","22":"tag-topstories"},"share_on_mastodon":{"url":"https:\/\/pubeurope.com\/@no\/115858931934834564","error":""},"_links":{"self":[{"href":"https:\/\/www.europesays.com\/no\/wp-json\/wp\/v2\/posts\/131918","targetHints":{"allow":["GET"]}}],"collection":[{"href":"https:\/\/www.europesays.com\/no\/wp-json\/wp\/v2\/posts"}],"about":[{"href":"https:\/\/www.europesays.com\/no\/wp-json\/wp\/v2\/types\/post"}],"author":[{"embeddable":true,"href":"https:\/\/www.europesays.com\/no\/wp-json\/wp\/v2\/users\/2"}],"replies":[{"embeddable":true,"href":"https:\/\/www.europesays.com\/no\/wp-json\/wp\/v2\/comments?post=131918"}],"version-history":[{"count":0,"href":"https:\/\/www.europesays.com\/no\/wp-json\/wp\/v2\/posts\/131918\/revisions"}],"wp:featuredmedia":[{"embeddable":true,"href":"https:\/\/www.europesays.com\/no\/wp-json\/wp\/v2\/media\/131919"}],"wp:attachment":[{"href":"https:\/\/www.europesays.com\/no\/wp-json\/wp\/v2\/media?parent=131918"}],"wp:term":[{"taxonomy":"category","embeddable":true,"href":"https:\/\/www.europesays.com\/no\/wp-json\/wp\/v2\/categories?post=131918"},{"taxonomy":"post_tag","embeddable":true,"href":"https:\/\/www.europesays.com\/no\/wp-json\/wp\/v2\/tags?post=131918"}],"curies":[{"name":"wp","href":"https:\/\/api.w.org\/{rel}","templated":true}]}}