{"id":131922,"date":"2026-01-08T10:10:19","date_gmt":"2026-01-08T10:10:19","guid":{"rendered":"https:\/\/www.europesays.com\/no\/131922\/"},"modified":"2026-01-08T10:10:19","modified_gmt":"2026-01-08T10:10:19","slug":"vagan-fotball-trenger-vi-flere-fotballklubber-i-vagan","status":"publish","type":"post","link":"https:\/\/www.europesays.com\/no\/131922\/","title":{"rendered":"V\u00e5gan, Fotball | Trenger vi flere fotballklubber i V\u00e5gan?"},"content":{"rendered":"\n<p>F\u00f8rst av alt: Jeg har stor forst\u00e5else for at enkelte spillere og foreldre \u00f8nsker mer trening og st\u00f8rre sportslige utfordringer. <b>Dette \u00f8nsket skal og b\u00f8r anerkjennes. <\/b>Vi skal ta vare p\u00e5 alle spillerne \u2013 ogs\u00e5 dem som har ambisjoner og behov ut over gjennomsnittet.<\/p>\n<p>Bekymringen handler derfor ikke om \u00f8nsket om satsing, men om <b>m\u00e5ten dette n\u00e5 foresl\u00e5s l\u00f8st p\u00e5.<\/b><\/p>\n<p>Hvorfor er etablering av en ny klubb en d\u00e5rlig id\u00e9?<\/p>\n<p>Diskusjonen er ikke ny \u2013 den p\u00e5g\u00e5r i lokalsamfunn over hele landet. Nettopp derfor er det klokt \u00e5 l\u00f8fte blikket og se p\u00e5 hva blant annet Norges Fotballforbund (NFF) anbefaler, hva andre har fors\u00f8kt, og hva som faktisk har fungert i praksis.<\/p>\n<p>N\u00e5r man gj\u00f8r det, peker b\u00e5de r\u00e5d og erfaringer tydelig i samme retning: <\/p>\n<p>NFF <b>frar\u00e5der \u00e5 l\u00f8se utviklingsbehov i ungdomsfotball gjennom etablering av nye, konkurrerende klubber i omr\u00e5der med begrenset spillergrunnlag. <\/b>P\u00e5 steder av V\u00e5gan sin st\u00f8rrelse finnes det f\u00e5, om noen, eksempler p\u00e5 at slike initiativ har lykkes over tid. Det er rett og slett ikke spillere nok til \u00e5 forsvare enda en klubb som rekrutterer fra de samme \u00e5rskullene.<\/p>\n<p>Behovet for \u00f8kt treningsmengde og bedre kvalitet <b>b\u00f8r i stedet l\u00f8ses innenfor eksisterende klubber<\/b>, gjennom tiltak som differensiering, egentrening, frivillige og \u00e5pne ekstratreninger, samt klubbstyrt hospitering. Dette er l\u00f8sninger som b\u00e5de ivaretar utvikling og fellesskap, uten \u00e5 splitte et allerede lite milj\u00f8.<\/p>\n<p>Erfaring viser ogs\u00e5 at nye klubbinitiativer sjelden er langsiktige. De drives ofte av en liten foreldregruppe rundt \u00e9n \u00e5rgang. N\u00e5r denne gruppen forsvinner, eller n\u00e5r barna blir eldre og behovene endrer seg, faller prosjektet sammen. Mange steder har man sett at slike klubber enten legges ned etter f\u00e5 \u00e5r eller m\u00e5 sl\u00e5s sammen igjen \u2013 ofte etter betydelig slitasje, konflikter og tap av tillit i milj\u00f8et.<\/p>\n<p>Ekstra s\u00e5rbart i et lite lokalsamfunn <\/p>\n<p>I et lite samfunn som V\u00e5gan er dette s\u00e6rlig viktig. SIL og KIL har tradisjonelt hatt nok med \u00e5 stille lag og f\u00e5 \u00e5rskullene til \u00e5 g\u00e5 rundt. N\u00e5r marginsituasjonen allerede er s\u00e5rbar, vil etablering av en ekstra klubb som henter spillere fra samme gruppe <b>uunng\u00e5elig f\u00e5 konsekvenser<\/b> \u2013 uavhengig av intensjonene bak.<\/p>\n<p>Derfor b\u00f8r det stilles noen grunnleggende sp\u00f8rsm\u00e5l: <\/p>\n<ul>\n<li>Er det <b>sportslige anbefalinger, faglige vurderinger eller dokumenterte erfaringer<\/b> som tilsier at ny klubb er en bedre l\u00f8sning enn tiltak innenfor eksisterende klubber?<\/li>\n<li>Er de eksisterende klubbene ikke er i stand til \u00e5 gi et godt nok tilbud \u2013 selv med justeringer og samarbeid?<\/li>\n<\/ul>\n<p>Bedre l\u00f8sninger finnes \u2013 og de ligger (potensielt) n\u00e6r <\/p>\n<p>Sone-trener i kretsen Frank-Vegard Esper\u00f8 sier at vi ogs\u00e5 m\u00e5 ta vare p\u00e5 de barna som \u00f8nsker \u00e5 trene mer. Han sp\u00f8r ogs\u00e5 om vi i dag gj\u00f8r nok for disse barna. Det mener jeg er et relevant sp\u00f8rsm\u00e5l.<\/p>\n<p>Anbefalt treningsmengde fra NFF har blant annet bakgrunn i \u00e5 hindre st\u00f8rre frafall. Men det betyr jo ikke at de som \u00f8nsker det ikke skal f\u00e5 trene mer om de vil. Og det er jo det initiativtakerne til den nye klubben \u00f8nsker. <b>Men trenger vi enda en fotballklubb for \u00e5 l\u00f8se dette? <\/b><\/p>\n<p>Om partene i debatten har samme m\u00e5l, nemlig at de som \u00f8nsker \u00e5 trene mer skal f\u00e5 lov til det, er det ingen som b\u00f8r v\u00e6re i bedre stand til \u00e5 l\u00f8se dette enn de eksisterende klubbene. Om man ser p\u00e5 sportslige anbefalinger og de mest suksessrike l\u00f8sningene p\u00e5 aktuelle tema er det disse klubbene som b\u00f8r tilby l\u00f8sningene.<\/p>\n<p>B\u00e5de SIL og KIL er store klubber med lang historie, kultur og mye trenerkompetanse. Med et sterkere sportslig samarbeid mellom klubbene b\u00f8r man enkelt l\u00f8se disse behovene p\u00e5 en m\u00e5te som b\u00e5de fagmilj\u00f8ene og erfaringene anbefaler.<\/p>\n<p>Sterkere samarbeid p\u00e5 drift og utvikling <\/p>\n<p>Et strategisk samarbeid p\u00e5 aktivitet ut over vanlige treninger og kamper ville kunne gi store muligheter og gode resultater.<\/p>\n<p>En konkret ide kan v\u00e6re en overordnet \u00abaktivitets-gruppe\u00bb med representanter fra begge klubbene som jobber konkret med planlegging og gjennomf\u00f8ring av f. eks. ekstra treningstilbud, fotballskole, FFO, trenerutvikling, dommerkurs og \u00f8vrige utviklingstiltak. Alt p\u00e5 tvers av klubb og \u00e5rskull.<\/p>\n<p>Et slikt samarbeid ville styrket allerede sterke klubber \u2013 og fjernet behovet for enda en fotballklubb i V\u00e5gan. Dette ville ogs\u00e5 v\u00e6rt i tr\u00e5d med mange av \u00absuksess-historiene\u00bb rundt om i landet. At det ville gjort det enklere for b\u00e5de spillere, trenere, og foreldre \u00e5 ta kloke valg er utvilsomt. Og for aktuelle sponsorer ville kanskje et slikt samarbeid gjort st\u00f8tte mer lystbetont og mindre komplisert?<\/p>\n<p>Detaljer rundt samarbeidsform, aktiviteter og organisering trenger vi ikke bruke lang tid p\u00e5. De gode eksemplene er mange, og kunnskapen ligger tilgjengelig. <b>S\u00e5 vil man det nok er det bare \u00e5 sette i gang.<\/b><\/p>\n<p>For valget vi st\u00e5r overfor handler ikke bare om treningstimer og ambisjoner her og n\u00e5. Det handler om hvilket fellesskap vi \u00f8nsker \u00e5 bygge for alle.<\/p>\n<p>Vi b\u00f8r i hvert fall unng\u00e5 \u00e5 gj\u00f8re dette til en \u00abkamp\u00bb mellom voksne, n\u00e5r det er barna som b\u00f8r v\u00e6re vinnerne.<\/p>\n","protected":false},"excerpt":{"rendered":"F\u00f8rst av alt: Jeg har stor forst\u00e5else for at enkelte spillere og foreldre \u00f8nsker mer trening og st\u00f8rre&hellip;\n","protected":false},"author":2,"featured_media":131923,"comment_status":"","ping_status":"","sticky":false,"template":"","format":"standard","meta":{"footnotes":""},"categories":[59],"tags":[36,92,30,28,29,1533,83,82,1459],"class_list":{"0":"post-131922","1":"post","2":"type-post","3":"status-publish","4":"format-standard","5":"has-post-thumbnail","7":"category-sport","8":"tag-art","9":"tag-fotball","10":"tag-no","11":"tag-norge","12":"tag-norway","13":"tag-opinion","14":"tag-sport","15":"tag-sports","16":"tag-vagan"},"share_on_mastodon":{"url":"https:\/\/pubeurope.com\/@no\/115858940013652627","error":""},"_links":{"self":[{"href":"https:\/\/www.europesays.com\/no\/wp-json\/wp\/v2\/posts\/131922","targetHints":{"allow":["GET"]}}],"collection":[{"href":"https:\/\/www.europesays.com\/no\/wp-json\/wp\/v2\/posts"}],"about":[{"href":"https:\/\/www.europesays.com\/no\/wp-json\/wp\/v2\/types\/post"}],"author":[{"embeddable":true,"href":"https:\/\/www.europesays.com\/no\/wp-json\/wp\/v2\/users\/2"}],"replies":[{"embeddable":true,"href":"https:\/\/www.europesays.com\/no\/wp-json\/wp\/v2\/comments?post=131922"}],"version-history":[{"count":0,"href":"https:\/\/www.europesays.com\/no\/wp-json\/wp\/v2\/posts\/131922\/revisions"}],"wp:featuredmedia":[{"embeddable":true,"href":"https:\/\/www.europesays.com\/no\/wp-json\/wp\/v2\/media\/131923"}],"wp:attachment":[{"href":"https:\/\/www.europesays.com\/no\/wp-json\/wp\/v2\/media?parent=131922"}],"wp:term":[{"taxonomy":"category","embeddable":true,"href":"https:\/\/www.europesays.com\/no\/wp-json\/wp\/v2\/categories?post=131922"},{"taxonomy":"post_tag","embeddable":true,"href":"https:\/\/www.europesays.com\/no\/wp-json\/wp\/v2\/tags?post=131922"}],"curies":[{"name":"wp","href":"https:\/\/api.w.org\/{rel}","templated":true}]}}