{"id":131926,"date":"2026-01-08T10:14:09","date_gmt":"2026-01-08T10:14:09","guid":{"rendered":"https:\/\/www.europesays.com\/no\/131926\/"},"modified":"2026-01-08T10:14:09","modified_gmt":"2026-01-08T10:14:09","slug":"ny-presedens-kan-bety-problemer-i-nord-nrk-troms-og-finnmark","status":"publish","type":"post","link":"https:\/\/www.europesays.com\/no\/131926\/","title":{"rendered":"Ny presedens kan bety problemer i nord \u2013 NRK Troms og Finnmark"},"content":{"rendered":"<p>Orlogskaptein og forsker ved Sj\u00f8krigsskolen, Tor Ivar Str\u00f8mmen, mener at USAs bording av det russiskregistrerte tankskipet Marinera er ulovlig og et brudd p\u00e5 havrettskommisjonen.<\/p>\n<p>Han reagerer p\u00e5 det USA oppgir som grunnlag for bording av tankskipet, og sier til <a href=\"https:\/\/www.nettavisen.no\/nyheter\/den-russiske-marinen-sendes-mot-den-amerikanske-kystvakten\/s\/5-95-2811745\" ec-id=\"https:\/\/www.nettavisen.no\/nyheter\/den-russiske-marinen-sendes-mot-den-amerikanske-kystvakten\/s\/5-95-2811745\" ec-name=\"Nettavisen\" rel=\"nofollow noopener\" target=\"_blank\">Nettavisen<\/a> at det amerikanske milit\u00e6rets handling er ulovlig.<\/p>\n<p>Bording i internasjonalt farvann<\/p>\n<p>At skipet bryter med amerikanske sanksjoner gir ikke USA rett til \u00e5 borde det i internasjonalt farvann:<\/p>\n<p>\u2013 Hvis det er slik at de border p\u00e5 grunnlag av en amerikansk arrestordre, s\u00e5 er ikke den et gyldig bordingsgrunnlag. Det er et brudd p\u00e5 havrettskommisjonen, sier Str\u00f8mmen til Nettavisen.<\/p>\n<p><strong>Det var onsdag at oljetankeren Marinera ble <a href=\"https:\/\/www.nrk.no\/nyheter\/usa-har-tatt-kontroll-over-russisk-tankskip-i-atlanterhavet-1.17717803\" ec-id=\"pp:article:1.17717803\" ec-name=\"bordet av amerikanske soldater\" rel=\"nofollow noopener\" target=\"_blank\">bordet av amerikanske soldater<\/a> i internasjonalt farvann ved Island.<\/strong><\/p>\n<p>Dette etter at skipet slapp unna USAs f\u00f8rste fors\u00f8k p\u00e5 \u00e5 borde det utenfor Venezuela i Det karibiske hav for et par uker siden.<\/p>\n<p>Skipet skal ha skiftet navn fra Bella og flaggstat til Russland mens det var til sj\u00f8s, noe som i utgangspunktet ikke er mulig, if\u00f8lge Str\u00f8mmen.<\/p>\n<p>Han mener ogs\u00e5 at bordingen av et annet tankskip i Det karibiske hav onsdag var ulovlig.<\/p>\n<p>Utenriksdepartementets pressevakt Ane J\u00f8rum opplyser til NTB at departementet er kjent med den amerikanske aktiviteten rettet mot skipet Marinera, og at Norge ikke deltok.<\/p>\n<p>USA bordet onsdag skip i havomr\u00e5dene i Nord-Atlanteren og Karibia. NRK vet ikke den n\u00f8yaktige posisjonen for bordingene, og kartet viser bare omr\u00e5dene.<\/p>\n<p>Seniorforsker Andreas \u00d8sthagen ved Fridtjof Nansens Institutt skriver i en e-post til NTB at ting kan utvikle seg ogs\u00e5 i norske farvann &#8211; selv om onsdagens aksjon ikke ber\u00f8rer Norge direkte.<\/p>\n<p><img decoding=\"async\"   src=\"data:image\/gif;base64,R0lGODlhAQABAIAAAAAAAP\/\/\/yH5BAEAAAAALAAAAAABAAEAAAIBRAA7\" loading=\"eager\" alt=\"Bildet viser en person if\u00f8rt blazer og skjorte som st\u00e5r foran en havn. I bakgrunnen ses flere fiskeb\u00e5ter og biler parkert langs kaien. Det er sn\u00f8 p\u00e5 bakken og fjell i det fjerne, noe som indikerer vinterforhold. Omgivelsene er preget av en gr\u00e5, overcast himmel. (Bildebeskrivelsen er laget av en KI-tjeneste)\" title=\"Foto: Aslaug Elisabeth H\u00f8gs\u00e6t Aars\u00e6ther \/ NRK\"\/><\/p>\n<p class=\"\">Seniorforsker Andreas \u00d8sthagen sier til NRK at aktiviteten i internasjonalt farvann kan utvikle en ny presedens.<\/p>\n<p>Foto: Aslaug Elisabeth H\u00f8gs\u00e6t Aars\u00e6ther \/ NRK<\/p>\n<p>\u2013 Det f\u00f8rste er om dette setter presedens for hvordan USA (og andre) \u00f8nsker \u00e5 opptre overfor skyggefl\u00e5ten ogs\u00e5 i norske farvann, sier \u00d8sthagen og legger til:<\/p>\n<p><strong>\u2013 Vil vi se mer aktiv inngripen overfor ogs\u00e5 andre fart\u00f8y som seiler n\u00e6rmere Norge? Det er uklart.<\/strong><\/p>\n<p>P\u00e5 mer generell basis stiller han sp\u00f8rsm\u00e5let om Russland i enda st\u00f8rre grad n\u00e5 vil velge \u00e5 tilsidesette havretten og andre internasjonale avtaler n\u00e5r det passer dem, slik vi n\u00e5 ser hint av at USA i \u00f8kende grad gj\u00f8r.<\/p>\n<p><strong>\u2013 Det vil i s\u00e5 fall kunne bety problemer for Norge i nord, hvor vi m\u00f8ter Russland i alt fra fiskeriforvaltning til russisk adgang til Svalbard, sier han.<\/strong><\/p>\n<p>Publisert<\/p>\n<p>08.01.2026, kl. 07.47<\/p>\n<p>Oppdatert<\/p>\n<p>08.01.2026, kl. 08.16<\/p>\n","protected":false},"excerpt":{"rendered":"Orlogskaptein og forsker ved Sj\u00f8krigsskolen, Tor Ivar Str\u00f8mmen, mener at USAs bording av det russiskregistrerte tankskipet Marinera er&hellip;\n","protected":false},"author":2,"featured_media":131927,"comment_status":"","ping_status":"","sticky":false,"template":"","format":"standard","meta":{"footnotes":""},"categories":[12],"tags":[20,21,24,25,15,22,23,13,30,28,29,14,16,26,27,42,43,44,45],"class_list":{"0":"post-131926","1":"post","2":"type-post","3":"status-publish","4":"format-standard","5":"has-post-thumbnail","7":"category-verden","8":"tag-breaking-news","9":"tag-breakingnews","10":"tag-featured-news","11":"tag-featurednews","12":"tag-headlines","13":"tag-latest-news","14":"tag-latestnews","15":"tag-news","16":"tag-no","17":"tag-norge","18":"tag-norway","19":"tag-nyheter","20":"tag-overskrifter","21":"tag-top-stories","22":"tag-topstories","23":"tag-verden","24":"tag-world","25":"tag-world-news","26":"tag-worldnews"},"share_on_mastodon":{"url":"https:\/\/pubeurope.com\/@no\/115858955580330774","error":""},"_links":{"self":[{"href":"https:\/\/www.europesays.com\/no\/wp-json\/wp\/v2\/posts\/131926","targetHints":{"allow":["GET"]}}],"collection":[{"href":"https:\/\/www.europesays.com\/no\/wp-json\/wp\/v2\/posts"}],"about":[{"href":"https:\/\/www.europesays.com\/no\/wp-json\/wp\/v2\/types\/post"}],"author":[{"embeddable":true,"href":"https:\/\/www.europesays.com\/no\/wp-json\/wp\/v2\/users\/2"}],"replies":[{"embeddable":true,"href":"https:\/\/www.europesays.com\/no\/wp-json\/wp\/v2\/comments?post=131926"}],"version-history":[{"count":0,"href":"https:\/\/www.europesays.com\/no\/wp-json\/wp\/v2\/posts\/131926\/revisions"}],"wp:featuredmedia":[{"embeddable":true,"href":"https:\/\/www.europesays.com\/no\/wp-json\/wp\/v2\/media\/131927"}],"wp:attachment":[{"href":"https:\/\/www.europesays.com\/no\/wp-json\/wp\/v2\/media?parent=131926"}],"wp:term":[{"taxonomy":"category","embeddable":true,"href":"https:\/\/www.europesays.com\/no\/wp-json\/wp\/v2\/categories?post=131926"},{"taxonomy":"post_tag","embeddable":true,"href":"https:\/\/www.europesays.com\/no\/wp-json\/wp\/v2\/tags?post=131926"}],"curies":[{"name":"wp","href":"https:\/\/api.w.org\/{rel}","templated":true}]}}