{"id":131932,"date":"2026-01-08T10:17:10","date_gmt":"2026-01-08T10:17:10","guid":{"rendered":"https:\/\/www.europesays.com\/no\/131932\/"},"modified":"2026-01-08T10:17:10","modified_gmt":"2026-01-08T10:17:10","slug":"laura-kaminski-sk-brann-laura-kaminski-presenteres-som-ny-brann-trener-torsdag-ettermiddag","status":"publish","type":"post","link":"https:\/\/www.europesays.com\/no\/131932\/","title":{"rendered":"Laura Kaminski, SK Brann | Laura Kaminski presenteres som ny Brann-trener torsdag ettermiddag"},"content":{"rendered":"\n<p>Onsdag kunne <a href=\"https:\/\/www.ba.no\/laura-kaminski-blir-brann-damenes-forste-kvinnelige-hovedtrener\/s\/5-8-3274749\" rel=\"Follow nofollow noopener\" target=\"_blank\">BA<\/a> avsl\u00f8re at engelske Laura Kaminski blir Brann-damenes nye hovedtrener. Torsdag formiddag sendte klubben ut en innkallelse til en pressekonferanse klokken 1500 samme dag.<\/p>\n<p>Den skal v\u00e6re p\u00e5 et hotell p\u00e5 Flesland, og ikke p\u00e5 Stadion de normalt sett pleier \u00e5 v\u00e6re. Den nye treneren er nemlig bare p\u00e5 en lynvisitt i sin hjemby denne gangen, og lander bare en dr\u00f8y time f\u00f8r selve pressekonferansen p\u00e5 Flesland. Selve pressekonferansen sendes p\u00e5 BA.no.<\/p>\n<p>            Branns overgangsvinter<\/p>\n<p>Overgangsvinduet \u00e5pner 30. januar 2026, og denne faktaboksen blir oppdatert fortl\u00f8pende. Her er likevel det vi vet s\u00e5 langt om bevegelser i Brann:<\/p>\n<p><b>Ut:<\/b><\/p>\n<ul>\n<li>Signe Gaupset (20) &#8211; solgt til Tottenham<\/li>\n<li>Nora Lie Eghdami (28) &#8211; kontrakten utl\u00f8p, har signert for Serie A-klubben Genoa<\/li>\n<li>Rikke Nygard (25) &#8211; kontrakten utl\u00f8p<\/li>\n<li>Maria Thorisdottir (32) &#8211; kontrakten utl\u00f8p, har signert for Klepp<\/li>\n<li>Johanna Renmark (22) &#8211; kontrakten utl\u00f8p, har signert for Djurg\u00e5rden<\/li>\n<li>Leif Gunnar Smerud &#8211; hovedtrener, fikk sparken<\/li>\n<\/ul>\n<p><b>Inn: <\/b><\/p>\n<ul>\n<li>Laura Kaminski &#8211; hovedtrener<\/li>\n<\/ul>\n<p>P\u00e5 pressekonferansen stiller nestleder i Brann, Arild Mj\u00f8s Andersen, daglig leder Christian Kalvenes og sportslig leder Lars Johan Myklebust, i tillegg til Branns nye hovedtrener, <a href=\"https:\/\/www.brann.no\/nyheter\/kaller-inn-til-pressekonferanse-ny-trener\" rel=\"Follow nofollow noopener\" target=\"_blank\">melder klubben p\u00e5 sine nettsider.<\/a><\/p>\n<p>Videre skrive klubben at Mj\u00f8s Andersen vil innlede pressekonferansen f\u00f8r sportssjefen presenterer den nye hovedtreneren.<\/p>\n<p>  <a href=\"https:\/\/www.ba.no\/5-8-3274749\" class=\"related-teaser has-image default-story-teaser article--c-eRUmMG article--c-eRUmMG-jKCPdD-design-default\" rel=\"nofollow noopener\" target=\"_blank\"><\/p>\n<p>    <img decoding=\"async\" loading=\"lazy\"  src=\"https:\/\/www.europesays.com\/no\/wp-content\/uploads\/2026\/01\/1767867429_337_NTB_RvVBRA0lTWI.jpg\" alt=\"\" class=\"brick-c-cFOWSL\" style=\"\"\/><\/p>\n<p>\n            Les ogs\u00e5<\/p>\n<p>              Brann f\u00e5r sin f\u00f8rste kvinnelige hovedtrener\n        <\/p>\n<p>  <\/a><\/p>\n<p>Brann-damene starter opp igjen med treninger 14. januar, og de to f\u00f8rste dagene vil hovedsakelig g\u00e5 med til testing f\u00f8r den tidligere Crystal Palace-manageren kan g\u00e5 i gang med normale treninger. 24. januar spiller r\u00f8dtr\u00f8yene treningskamp mot \u00c5sane.<\/p>\n<p>31. januar er Bengt S\u00e6ternes&#8217; Br\u00f8ndby motstander i K\u00f8benhavn i \u00e5rets andre treningskamp.<\/p>\n<p>Kaminski tar laget med til treningsleir i spanske Marbella fra 7.-21. februar, der de spiller tre treningskamper. 11. februar er Rosenborg motstander, fem dager etterp\u00e5 er Troms\u00f8 p\u00e5 motsatt banehalvdel og til slutt venter amerikanske NC Courage 21. februar.<\/p>\n<p>N\u00e5r laget er tilbake fra Spania venter treningskamp mot Haugesund p\u00e5 \u00c5sane Arena 7. mars. Det jobbes ogs\u00e5 med en ny treningskamp mot Rosenborg i Trondheim 14. mars.<\/p>\n<p>Brann serie\u00e5pner borte mot nyopprykkede Molde fredag 20. mars.<\/p>\n<p>  <a data-static=\"\" href=\"#skip-\" class=\"brick-c-fgNmNC\">Hopp over karusellen.<\/a><\/p>\n<p data-static=\"\" class=\"brick-c-fgNmNC\" id=\"carousel-title-\">Innholdskarusell med 20 artikler.<\/p>\n<p>  <a href=\"https:\/\/www.ba.no\/5-8-3263132\" class=\"related-teaser has-image default-story-teaser article--c-eRUmMG article--c-eRUmMG-jKCPdD-design-default\" rel=\"nofollow noopener\" target=\"_blank\"><\/p>\n<p>    <img decoding=\"async\" loading=\"lazy\"  src=\"https:\/\/www.europesays.com\/no\/wp-content\/uploads\/2026\/01\/12.jpg\" alt=\"\" class=\"brick-c-cFOWSL\" style=\"\"\/><\/p>\n<p>\n            Les ogs\u00e5<\/p>\n<p>              Brann-damene starter gulljakten mot opprykkslag\n        <\/p>\n<p>  <\/a><\/p>\n","protected":false},"excerpt":{"rendered":"Onsdag kunne BA avsl\u00f8re at engelske Laura Kaminski blir Brann-damenes nye hovedtrener. Torsdag formiddag sendte klubben ut en&hellip;\n","protected":false},"author":2,"featured_media":131933,"comment_status":"","ping_status":"","sticky":false,"template":"","format":"standard","meta":{"footnotes":""},"categories":[59],"tags":[36,92,15276,30,28,29,418,83,82,1510,895],"class_list":{"0":"post-131932","1":"post","2":"type-post","3":"status-publish","4":"format-standard","5":"has-post-thumbnail","7":"category-sport","8":"tag-art","9":"tag-fotball","10":"tag-laura-kaminski","11":"tag-no","12":"tag-norge","13":"tag-norway","14":"tag-sk-brann","15":"tag-sport","16":"tag-sports","17":"tag-story","18":"tag-toppserien"},"share_on_mastodon":{"url":"https:\/\/pubeurope.com\/@no\/115858967553887887","error":""},"_links":{"self":[{"href":"https:\/\/www.europesays.com\/no\/wp-json\/wp\/v2\/posts\/131932","targetHints":{"allow":["GET"]}}],"collection":[{"href":"https:\/\/www.europesays.com\/no\/wp-json\/wp\/v2\/posts"}],"about":[{"href":"https:\/\/www.europesays.com\/no\/wp-json\/wp\/v2\/types\/post"}],"author":[{"embeddable":true,"href":"https:\/\/www.europesays.com\/no\/wp-json\/wp\/v2\/users\/2"}],"replies":[{"embeddable":true,"href":"https:\/\/www.europesays.com\/no\/wp-json\/wp\/v2\/comments?post=131932"}],"version-history":[{"count":0,"href":"https:\/\/www.europesays.com\/no\/wp-json\/wp\/v2\/posts\/131932\/revisions"}],"wp:featuredmedia":[{"embeddable":true,"href":"https:\/\/www.europesays.com\/no\/wp-json\/wp\/v2\/media\/131933"}],"wp:attachment":[{"href":"https:\/\/www.europesays.com\/no\/wp-json\/wp\/v2\/media?parent=131932"}],"wp:term":[{"taxonomy":"category","embeddable":true,"href":"https:\/\/www.europesays.com\/no\/wp-json\/wp\/v2\/categories?post=131932"},{"taxonomy":"post_tag","embeddable":true,"href":"https:\/\/www.europesays.com\/no\/wp-json\/wp\/v2\/tags?post=131932"}],"curies":[{"name":"wp","href":"https:\/\/api.w.org\/{rel}","templated":true}]}}