{"id":131934,"date":"2026-01-08T10:18:13","date_gmt":"2026-01-08T10:18:13","guid":{"rendered":"https:\/\/www.europesays.com\/no\/131934\/"},"modified":"2026-01-08T10:18:13","modified_gmt":"2026-01-08T10:18:13","slug":"kongehuset-deler-nye-bilder","status":"publish","type":"post","link":"https:\/\/www.europesays.com\/no\/131934\/","title":{"rendered":"Kongehuset deler nye bilder"},"content":{"rendered":"<p class=\"kicker \" style=\"\">Den danske kongefamilien:\u00a0<\/p>\n<p>    Prins Vincent og prinsesse Josephine fyller 15 \u00e5r. I den anledning slipper kongehuset nye blinkskudd av de danske tvillingene.<\/p>\n<p>\n    BURSDAG: De kongelige tvillingene fyller \u00e5r, og det danske kongehuset feirer det hele med \u00e5 dele nye bilder av s\u00f8skenparet. Foto: Kongehuset\n  <\/p>\n<p>De danske tvillingene, prins Vincent (15) og prinsesse Josephine (15), er barn nummer tre og fire i rekken til kong Frederik (57) og dronning Mary (53).\u00a0<\/p>\n<p>    <a itemprop=\"url\" href=\"https:\/\/www.seher.no\/kongelig\/mette-marit-video-gar-viralt\/84060916\" rel=\"nofollow noopener\" target=\"_blank\"><\/p>\n<p>        <img loading=\"lazy\" decoding=\"async\" src=\"https:\/\/www.europesays.com\/no\/wp-content\/uploads\/2026\/01\/84064863.webp.webp\" width=\"980\" height=\"441\" title=\"Mette-Marit-video g\u00e5r viralt\" alt=\"\" class=\"lazyload\" style=\"--aspect-ratio-image: 2.22; \"\/><\/p>\n<p>        Mette-Marit-video g\u00e5r viralt<\/p>\n<p>    <\/a><\/p>\n<p data-lab-font_weight=\"font-weight-normal\" class=\"font-weight-normal m-font-weight-normal\">Tvillingene er en del av det danske kongehusets neste generasjon og har allerede rukket \u00e5 sjarmere b\u00e5de dansker og kongelige tilhengere verden over.<\/p>\n<p>        FEIRING: De forskjellige kongehusene har mye p\u00e5 tapeten i 2026, men det er ikke sikkert at alt g\u00e5r som planlagt for kronprinsesse Mette-Marit og kronprins Haakon. Video: Swedish Press Agency \/ H\u00e5vard Bj\u00f8rnerem &#8211; Se og H\u00f8r \/\/ Foto: NTB<\/p>\n<p class=\"font-weight-bold m-font-weight-bold\" data-lab-font_weight=\"font-weight-bold\">I dag har det g\u00e5tt n\u00f8yaktig femten \u00e5r siden de kongelige tvillingene ble f\u00f8dt &#8211; og i den forbindelse har den danske kongefamilien delt helt nye bilder fra bursdagene.\u00a0<\/p>\n<p>    <a itemprop=\"url\" href=\"https:\/\/www.seher.no\/kongelig\/bryter-tausheten\/84064833\" rel=\"nofollow noopener\" target=\"_blank\"><\/p>\n<p>        <img loading=\"lazy\" decoding=\"async\" src=\"https:\/\/www.europesays.com\/no\/wp-content\/uploads\/2026\/01\/84069514.webp.webp\" width=\"147\" height=\"98\" title=\"Bryter tausheten\" alt=\"\" class=\"lazyload\" style=\"--aspect-ratio-image: 1.50; \"\/><\/p>\n<p>        Bryter tausheten<\/p>\n<p>    <\/a><\/p>\n<p>\u00abBildene ble tatt like f\u00f8r nytt\u00e5r p\u00e5 Amalienborg\u00bb, opplyser Kongehuset i et innlegg <a href=\"https:\/\/www.facebook.com\/detdanskekongehus\/?checkpoint_src=any\" rel=\"nofollow noopener\" target=\"_blank\">p\u00e5 Facebook<\/a>.\u00a0<\/p>\n<p>        <img loading=\"lazy\" decoding=\"async\" src=\"https:\/\/www.europesays.com\/no\/wp-content\/uploads\/2026\/01\/84070401.webp.webp\" width=\"667\" height=\"474\" title=\"FERSKE BLINKSKUDD: De danske bursdagsbildene ble delt p\u00e5 sosiale medier torsdag morgen. Foto: Kongehuset.\" alt=\"\" class=\"\" style=\"--aspect-ratio-image: 1.41; \"\/><\/p>\n<p>\n        FERSKE BLINKSKUDD: De danske bursdagsbildene ble delt p\u00e5 sosiale medier torsdag morgen. Foto: Kongehuset.\n    <\/p>\n<p>Str\u00f8mmer inn\t<\/p>\n<p>Innlegget har i skrivende stund f\u00e5tt 15 000 likerklikk, og gratulasjoner og lovord str\u00f8mmer inn i kommentarfeltet.<\/p>\n<p class=\"font-weight-normal m-font-weight-normal\" data-lab-font_weight=\"font-weight-normal\">\u00abFlotte unge mennesker. Til lykke\u00bb, skriver en.<\/p>\n<p>\u00abSkj\u00f8nne bilder av lovende unge\u00bb, skriver en annen.\u00a0<\/p>\n<p class=\"font-weight-bold m-font-weight-bold\" data-lab-font_weight=\"font-weight-bold\">Kongehusekspert Caroline Vagle lar seg ogs\u00e5 imponere av de nye bursdagsbildene:<\/p>\n<p>        ROMANSERYKTER: Sondre Sundby har endelig f\u00e5tt seg kj\u00e6reste, men r\u00f8per at dama kan bli sjalu p\u00e5 forholdet hans til \u00abFarmen kjendis\u00bb-kollegaen. Reporter: Thea Hope\/Nora Skavhaug. Video: Sanne Holt\/ TV 2\/ R\u00f8d L\u00f8per<\/p>\n<p>&#8211; Hurra for bursdagstvillingene! Nydelige bilder av de to. Det er morsomt \u00e5 sammenligne bildet med det kongehuset delte p\u00e5 bursdagen deres i fjor. Josephine og Vincent er i en alder hvor det skjer mye fort, og de to er plutselig blitt to unge voksne, sier hun til Se og H\u00f8r.\u00a0<\/p>\n<p>\u00a0&#8211; Prinsen har dessuten vokst s\u00f8steren sin over hodet. I fjor s\u00e5 de ut til \u00e5 v\u00e6re jevnh\u00f8ye, mens n\u00e5 har han strukket seg noe voldsomt!\u00a0<\/p>\n<p>        <img loading=\"lazy\" decoding=\"async\" src=\"https:\/\/www.europesays.com\/no\/wp-content\/uploads\/2026\/01\/84070397.webp.webp\" width=\"667\" height=\"481\" title=\"VOKST FORT: Kongehusekspert Caroline Vagle sier man kan se stor forskjell p\u00e5 de nye bursdagsbildene og de fra i fjor. Dette er fjor\u00e5rets bilder, da tvillingene fylte 14 \u00e5r. Foto: Kongehuset.\" alt=\"\" class=\"\" style=\"--aspect-ratio-image: 1.39; \"\/><\/p>\n<p>\n        VOKST FORT: Kongehusekspert Caroline Vagle sier man kan se stor forskjell p\u00e5 de nye bursdagsbildene og de fra i fjor. Dette er fjor\u00e5rets bilder, da tvillingene fylte 14 \u00e5r. Foto: Kongehuset.\n    <\/p>\n<p>Fremtiden for sine f\u00f8tter\u00a0\t<\/p>\n<p>Tvillingene ble f\u00f8dt med dr\u00f8ye 26 minutter mellomrom den 8. januar 2011, ved Rigshospitalet i K\u00f8benhavn.<\/p>\n<p>        <img loading=\"lazy\" decoding=\"async\" src=\"https:\/\/www.europesays.com\/no\/wp-content\/uploads\/2026\/01\/84069808.webp.webp\" width=\"667\" height=\"581\" title=\"FERSKE BILDER: Bilder av prins Vincent og s\u00f8steren deles i anledning bursdagen deres. Foto: Kongehuset\" alt=\"\" class=\"\" style=\"--aspect-ratio-image: 1.15; \"\/><\/p>\n<p>\n        FERSKE BILDER: Bilder av prins Vincent og s\u00f8steren deles i anledning bursdagen deres. Foto: Kongehuset\n    <\/p>\n<p>De ble d\u00f8pt i april samme \u00e5r, hvor de fikk navnene Vincent Frederik Minik Alexander, prins av Danmark og greve av Monpezat &#8211; og Josephine Sophia Ivalo Mathilda, prinsesse av Danmark og grevinne av Monpezat.<\/p>\n<p>        \u00abFARMEN KJENDIS\u00bb: Produksjonen ga deltakerne streng beskjed om dette f\u00f8r de ankom g\u00e5rden. Video: \u00abFarmen kjendis\u00bb\/TV 2, R\u00f8d L\u00f8per\/Nora Skavhaug<\/p>\n<p class=\"font-weight-bold m-font-weight-bold\" data-lab-font_weight=\"font-weight-bold\">En kongelig ekspert har tidligere uttalt til den danske avisen B.T at fremtiden ligger rett foran f\u00f8ttene p\u00e5 de to unge kongelige tvillingene.\u00a0<\/p>\n<p>        ROMANSERYKTER: Sondre Sundby har endelig f\u00e5tt seg kj\u00e6reste, men r\u00f8per at dama kan bli sjalu p\u00e5 forholdet hans til \u00abFarmen kjendis\u00bb-kollegaen. Reporter: Thea Hope\/Nora Skavhaug. Video: Sanne Holt\/ TV 2\/ R\u00f8d L\u00f8per<\/p>\n<p>&#8211; Tiden vil vise om de vil ha en rolle i kongehuset, og hva den rollen vil v\u00e6re, sa historiker Sebastian Olden-J\u00f8rgensen til<a href=\"https:\/\/www.bt.dk\/royale\/kongehusekspert-om-royale-foedselarer-de-er-frie-til-at-blive-kendisser--og-enten-gavne-eller-skade-kongehuset?gaa_at=eafs&amp;gaa_n=AWEtsqfKsWdKkPEOLGI56HexBR3-__LcdcgaTe5NRrYu63Alrvy6d2f7YgylV4Ctczg%3D&amp;gaa_ts=695f4b5e&amp;gaa_sig=Rjet0jR0C7v2XP6c_jW99eNk_TcUU2OCD7tcPVHaz45ozsBZH36xu4dv1aa0go1kE4CSF09TfQrK25SpQSREgw%3D%3D\" rel=\"nofollow noopener\" target=\"_blank\"> avisen i fjor.\u00a0<\/a><\/p>\n<p class=\"font-weight-normal m-font-weight-normal\" data-lab-font_weight=\"font-weight-normal\">Han sa at rollene i andre sjikte er mer fleksible, og at \u00abdet finnes mer rom for personlighet n\u00e5r du ikke er p\u00e5 toppen\u00bb.\u00a0<\/p>\n<p>        <img loading=\"lazy\" decoding=\"async\" src=\"https:\/\/www.europesays.com\/no\/wp-content\/uploads\/2026\/01\/84069807.webp.webp\" width=\"667\" height=\"714\" title=\"PRINSESSE: Prinsesse Josephine og broren fyller 15 \u00e5r den 8. januar. Foto: Kongehuset.\" alt=\"\" class=\"\" style=\"--aspect-ratio-image: 0.93; \"\/><\/p>\n<p>\n        PRINSESSE: Prinsesse Josephine og broren fyller 15 \u00e5r den 8. januar. Foto: Kongehuset.\n    <\/p>\n<p>Imponerer\t<\/p>\n<p>Dette har blant annet gjenspeilet seg i prinsesse Josephines karriere som skuespillerinne.\u00a0<\/p>\n<p>    <a itemprop=\"url\" href=\"https:\/\/www.seher.no\/kjendis\/hun-fortjener-bedre\/84059465\" rel=\"nofollow noopener\" target=\"_blank\"><\/p>\n<p>        <img loading=\"lazy\" decoding=\"async\" src=\"https:\/\/www.europesays.com\/no\/wp-content\/uploads\/2026\/01\/84059481.webp.webp\" width=\"980\" height=\"441\" title=\"- Hun fortjener bedre\" alt=\"\" class=\"lazyload\" style=\"--aspect-ratio-image: 2.22; \"\/><\/p>\n<p>        &#8211; Hun fortjener bedre<\/p>\n<p>    <\/a><\/p>\n<p class=\"font-weight-bold m-font-weight-bold\" data-lab-font_weight=\"font-weight-bold\">Prinsessen har nemlig v\u00e6rt \u00e5 se i den popul\u00e6re danske julekalenderen \u00abTidsrejsen 2\u00bb, og har ogs\u00e5 hatt roller i \u00abPeter Pan\u00bb-forestillinger p\u00e5 Tivoli.<\/p>\n<p>Prinsessen har ogs\u00e5, sammen med resten av kjernefamilien, vakt oppsikt ved \u00e5 vise sine l\u00f8petalenter<a href=\"https:\/\/www.seher.no\/kongelig\/alltid-vaert-ekstremt-sprek\/83197335\" rel=\"nofollow noopener\" target=\"_blank\"> under det \u00e5rlige l\u00f8pet \u00abRoyal Run\u00bb.\u00a0<\/a><\/p>\n<p>        ANGSTANFALL: Det ble en dramatisk start p\u00e5 \u00abFarmen kjendis\u00bb-oppholdet for komiker Jonas Lihaug Fredriksen. Reporter: Nora Skavhaug. Video: Sanne Holt\/ TV 2\/ R\u00f8d L\u00f8per<\/p>\n<p>Det imponerte ogs\u00e5 Se og H\u00f8rs kongehusekspert, Caroline Vagle, i fjor:<\/p>\n<p>&#8211; Sprek familie! Royal Run er noe kongen satte i gang da han fylte 50 \u00e5r. Han har alltid v\u00e6rt ekstremt sprek, og vil vel ikke ende opp som bedagelig eldre herremann heller, <a href=\"https:\/\/www.seher.no\/kongelig\/alltid-vaert-ekstremt-sprek\/83197335\" rel=\"nofollow noopener\" target=\"_blank\">sa hun den gang.\u00a0<\/a><\/p>\n","protected":false},"excerpt":{"rendered":"Den danske kongefamilien:\u00a0 Prins Vincent og prinsesse Josephine fyller 15 \u00e5r. I den anledning slipper kongehuset nye blinkskudd&hellip;\n","protected":false},"author":2,"featured_media":131935,"comment_status":"","ping_status":"","sticky":false,"template":"","format":"standard","meta":{"footnotes":""},"categories":[58],"tags":[1524,7559,71,2543,76,30,28,29,15277,11052,72],"class_list":{"0":"post-131934","1":"post","2":"type-post","3":"status-publish","4":"format-standard","5":"has-post-thumbnail","7":"category-underholdning","8":"tag-danmark","9":"tag-danske-kongefamilien","10":"tag-entertainment","11":"tag-kjendisdesken","12":"tag-kongelig","13":"tag-no","14":"tag-norge","15":"tag-norway","16":"tag-prins-vincent","17":"tag-prinsesse-josephine","18":"tag-underholdning"},"share_on_mastodon":{"url":"https:\/\/pubeurope.com\/@no\/115858971297211639","error":""},"_links":{"self":[{"href":"https:\/\/www.europesays.com\/no\/wp-json\/wp\/v2\/posts\/131934","targetHints":{"allow":["GET"]}}],"collection":[{"href":"https:\/\/www.europesays.com\/no\/wp-json\/wp\/v2\/posts"}],"about":[{"href":"https:\/\/www.europesays.com\/no\/wp-json\/wp\/v2\/types\/post"}],"author":[{"embeddable":true,"href":"https:\/\/www.europesays.com\/no\/wp-json\/wp\/v2\/users\/2"}],"replies":[{"embeddable":true,"href":"https:\/\/www.europesays.com\/no\/wp-json\/wp\/v2\/comments?post=131934"}],"version-history":[{"count":0,"href":"https:\/\/www.europesays.com\/no\/wp-json\/wp\/v2\/posts\/131934\/revisions"}],"wp:featuredmedia":[{"embeddable":true,"href":"https:\/\/www.europesays.com\/no\/wp-json\/wp\/v2\/media\/131935"}],"wp:attachment":[{"href":"https:\/\/www.europesays.com\/no\/wp-json\/wp\/v2\/media?parent=131934"}],"wp:term":[{"taxonomy":"category","embeddable":true,"href":"https:\/\/www.europesays.com\/no\/wp-json\/wp\/v2\/categories?post=131934"},{"taxonomy":"post_tag","embeddable":true,"href":"https:\/\/www.europesays.com\/no\/wp-json\/wp\/v2\/tags?post=131934"}],"curies":[{"name":"wp","href":"https:\/\/api.w.org\/{rel}","templated":true}]}}