{"id":131936,"date":"2026-01-08T10:21:15","date_gmt":"2026-01-08T10:21:15","guid":{"rendered":"https:\/\/www.europesays.com\/no\/131936\/"},"modified":"2026-01-08T10:21:15","modified_gmt":"2026-01-08T10:21:15","slug":"anthony-joshua-vurderer-a-legge-opp-etter-fatal-bilulykke","status":"publish","type":"post","link":"https:\/\/www.europesays.com\/no\/131936\/","title":{"rendered":"Anthony Joshua vurderer \u00e5 legge opp etter fatal bilulykke"},"content":{"rendered":"<p class=\"extendedContent hyperion-css-eyn926\" data-test-tag=\"lead-text\">Onkelen hevder bokseren har informert familien om avgj\u00f8relsen, skriver flere medier.<\/p>\n<p><img decoding=\"async\" class=\"image-asset hyperion-css-u06ts1\" data-test-tag=\"image-asset\" src=\"https:\/\/www.europesays.com\/no\/wp-content\/uploads\/2026\/01\/09781244-6ce3-40c8-82eb-df988b840bfb.jpeg\"  alt=\"Anthony Jousha er tidligere to ganger verdensmester.\"  loading=\"eager\" fetchpriority=\"high\" style=\"aspect-ratio:2048 \/ 1365\"\/>Anthony Jousha er tidligere to ganger verdensmester. Foto: Lynne Sladky \/ AP \/ NTB<\/p>\n<ul data-test-tag=\"byline:authors\" data-testid=\"byline:authors\" class=\"hyperion-css-1772xtw\">\n<li class=\"hyperion-css-b8p8ys\"><img decoding=\"async\" class=\"image-asset hyperion-css-u06ts1\" data-test-tag=\"image-asset\" src=\"https:\/\/www.europesays.com\/no\/wp-content\/uploads\/2026\/01\/33fdfcbd-e0c5-4c37-b05a-fa360d5d41e4.jpeg\"  alt=\"Niklas Furuhaug, VG\"  fetchpriority=\"auto\" style=\"aspect-ratio:2048 \/ 2048\"\/>\n<p>Niklas Furuhaug, VG<\/p>\n<\/li>\n<\/ul>\n<p>Publisert: 07.01.2026 16:32 |\u00a0Oppdatert: 08.01.2026 08:35<\/p>\n<p class=\"paywall hyperion-css-1j42uic\">Anthony Joshuas onkel p\u00e5st\u00e5r at den tidligere verdensmesteren har bestemt seg for \u00e5 legge opp etter <a aria-label=\"den fatale bilulykken\" class=\"default hyperion-css-1raymq9\" href=\"https:\/\/www.vg.no\/sport\/i\/bO5Wyv\/joshua-involvert-i-bilulykke-i-nigeria-mistet-to-av-sine-beste-venner\" target=\"_blank\" rel=\"noopener nofollow noreferrer\" data-test-tag=\"external-link\">den fatale bilulykken<\/a> som tok livet av to av hans n\u00e6rmeste venner.<\/p>\n<p class=\"paywall hyperion-css-1j42uic\">\u2013 Det store er at han har trukket seg fra boksing. Det gj\u00f8r oss glade, fordi hver gang han kjemper i ringen blir vi f\u00f8lelsesmessig revet med, sier onkelen Adedamola Joshua til The Punch, if\u00f8lge <a aria-label=\"Daily Mail\" class=\"default hyperion-css-1raymq9\" href=\"https:\/\/www.dailymail.co.uk\/sport\/boxing\/article-15438549\/Anthony-Joshua-retire-boxing-uncle.html\" target=\"_blank\" rel=\"noopener nofollow noreferrer\" data-test-tag=\"external-link\">Daily Mail<\/a> og andre medier. <\/p>\n<p class=\"paywall hyperion-css-1j42uic\">Til tross for onkelens p\u00e5stander, skriver avisen videre at Joshua enn\u00e5 ikke har tatt en endelig avgj\u00f8relse om fremtiden, og det har heller ikke kommet noe offisiell uttalelse enda.<\/p>\n<p><img decoding=\"async\" class=\"image-asset hyperion-css-u06ts1\" data-test-tag=\"image-asset\" src=\"https:\/\/www.europesays.com\/no\/wp-content\/uploads\/2026\/01\/44717745-8c35-471e-9938-e8678298da86.jpeg\"  alt=\"VENNER I ULYKKE: Kevin Latif \u00abLats\u00bb Ayodele (t.v), Anthony Joshua og Sina Ghami (t.h).\"  loading=\"eager\" fetchpriority=\"high\" style=\"aspect-ratio:2048 \/ 1366\"\/>VENNER I ULYKKE: Kevin Latif \u00abLats\u00bb Ayodele (t.v), Anthony Joshua og Sina Ghami (t.h). Foto: Collage: Faksimile: @Sina_Evolve og Federal Road Safety Corps via AP. \/ VG<\/p>\n<p class=\"paywall hyperion-css-1j42uic\">Den 36 \u00e5r gamle bokseren var passasjer i en bil som kolliderte med en lastebil p\u00e5 en motorvei n\u00e6r Lagos i Nigeria forrige uke.<\/p>\n<p class=\"paywall hyperion-css-1j42uic\">I ulykken d\u00f8de Sina Ghami og Kevin Latif \u00abLatz\u00bb Ayodele. Begge var gode venner og med i trenerteamet til Joshua.<\/p>\n<p class=\"paywall hyperion-css-1j42uic\">Han tilbrakte flere dager p\u00e5 sykehus f\u00f8r han skal ha blitt utskrevet p\u00e5 nytt\u00e5rsaften. <\/p>\n<p class=\"paywall hyperion-css-1j42uic\">Sj\u00e5f\u00f8ren som kj\u00f8rte bilen er <a aria-label=\"n\u00e5 siktet\" class=\"default hyperion-css-1raymq9\" href=\"https:\/\/www.vg.no\/sport\/i\/xrPvzp\/sjaafoeren-til-boksestjernen-joshua-siktet-etter-doedsulykken-i-nigeria\" target=\"_blank\" rel=\"noopener nofollow noreferrer\" data-test-tag=\"external-link\">n\u00e5 siktet<\/a> for \u00e5 ha for\u00e5rsaket d\u00f8den ved farlig kj\u00f8ring og kj\u00f8ring uten gyldig f\u00f8rerkort.<\/p>\n","protected":false},"excerpt":{"rendered":"Onkelen hevder bokseren har informert familien om avgj\u00f8relsen, skriver flere medier. Anthony Jousha er tidligere to ganger verdensmester.&hellip;\n","protected":false},"author":2,"featured_media":131937,"comment_status":"","ping_status":"","sticky":false,"template":"","format":"standard","meta":{"footnotes":""},"categories":[12],"tags":[20,21,24,25,15,22,23,13,30,28,29,14,16,26,27,42,43,44,45],"class_list":{"0":"post-131936","1":"post","2":"type-post","3":"status-publish","4":"format-standard","5":"has-post-thumbnail","7":"category-verden","8":"tag-breaking-news","9":"tag-breakingnews","10":"tag-featured-news","11":"tag-featurednews","12":"tag-headlines","13":"tag-latest-news","14":"tag-latestnews","15":"tag-news","16":"tag-no","17":"tag-norge","18":"tag-norway","19":"tag-nyheter","20":"tag-overskrifter","21":"tag-top-stories","22":"tag-topstories","23":"tag-verden","24":"tag-world","25":"tag-world-news","26":"tag-worldnews"},"share_on_mastodon":{"url":"https:\/\/pubeurope.com\/@no\/115858983235842981","error":""},"_links":{"self":[{"href":"https:\/\/www.europesays.com\/no\/wp-json\/wp\/v2\/posts\/131936","targetHints":{"allow":["GET"]}}],"collection":[{"href":"https:\/\/www.europesays.com\/no\/wp-json\/wp\/v2\/posts"}],"about":[{"href":"https:\/\/www.europesays.com\/no\/wp-json\/wp\/v2\/types\/post"}],"author":[{"embeddable":true,"href":"https:\/\/www.europesays.com\/no\/wp-json\/wp\/v2\/users\/2"}],"replies":[{"embeddable":true,"href":"https:\/\/www.europesays.com\/no\/wp-json\/wp\/v2\/comments?post=131936"}],"version-history":[{"count":0,"href":"https:\/\/www.europesays.com\/no\/wp-json\/wp\/v2\/posts\/131936\/revisions"}],"wp:featuredmedia":[{"embeddable":true,"href":"https:\/\/www.europesays.com\/no\/wp-json\/wp\/v2\/media\/131937"}],"wp:attachment":[{"href":"https:\/\/www.europesays.com\/no\/wp-json\/wp\/v2\/media?parent=131936"}],"wp:term":[{"taxonomy":"category","embeddable":true,"href":"https:\/\/www.europesays.com\/no\/wp-json\/wp\/v2\/categories?post=131936"},{"taxonomy":"post_tag","embeddable":true,"href":"https:\/\/www.europesays.com\/no\/wp-json\/wp\/v2\/tags?post=131936"}],"curies":[{"name":"wp","href":"https:\/\/api.w.org\/{rel}","templated":true}]}}