{"id":131938,"date":"2026-01-08T10:22:20","date_gmt":"2026-01-08T10:22:20","guid":{"rendered":"https:\/\/www.europesays.com\/no\/131938\/"},"modified":"2026-01-08T10:22:20","modified_gmt":"2026-01-08T10:22:20","slug":"roper-varsko-i-min-tid-var-det-ikke-mange-som-ikke-klarte-det","status":"publish","type":"post","link":"https:\/\/www.europesays.com\/no\/131938\/","title":{"rendered":"Roper varsko: &#8211; I min tid var det ikke mange som ikke klarte det"},"content":{"rendered":"<p class=\"bold m-bold\" data-lab-font_weight=\"bold\">\u2013 For at folk er i d\u00e5rligere form? Det tror jeg hvert fall ikke idretten skal ta ansvar for.<\/p>\n<p>Det sier en bekymret idrettspresident\u00a0Zaineb Al-Samarai, som peker p\u00e5 at idretten er en av de st\u00f8rste folkehelseakt\u00f8rene.<\/p>\n<p> I den siste episoden av TV 2s dokumentarserie \u00abPappatreneren\u00bb presenteres\u00a0<a href=\"https:\/\/www.tv2.no\/nyheter\/det-har-skjedd-noko-med-det-norske-folk-alarmen-bor-ga\/18349290\/\" target=\"_blank\" style=\"letter-spacing: 0.01em;\" rel=\"nofollow noopener\">urovekkende tall<\/a>\u00a0fra Forsvaret.<\/p>\n<p>Tall som f\u00e5r sjefen for Sj\u00f8forsvarets idretts- og treningssenter, Andr\u00e9 Ringdal, til \u00e5 rope varsko.<\/p>\n<p class=\"bold m-bold\" data-lab-font_weight=\"bold\">\u2013 I min tid var det ikke veldig mange som ikke klarte det kravet.<\/p>\n<p>Tallene fra forsvaret viser blant annet at i l\u00f8pet av bare seks \u00e5r har andelen blant unge menn som klarer Nato-kravet p\u00e5 3000 meter (15 minutter) ved innrykk p\u00e5 Madla falt fra 96 til 82 prosent.<\/p>\n<p>    <a class=\"article__link\" data-ga-active-label=\"\" data-ga-active-label-animation=\"\" href=\"https:\/\/www.tv2.no\/nyheter\/det-har-skjedd-noko-med-det-norske-folk-alarmen-bor-ga\/18349290\/\" rel=\"nofollow noopener\" target=\"_blank\"><\/p>\n<p>    <img class=\"image__img lazyload\" itemprop=\"image\" title=\"\" alt=\"\" width=\"978\" height=\"411\" bad-src=\"https:\/\/www.europesays.com\/no\/wp-content\/uploads\/2026\/01\/18423288.webp.jpeg\" fetchpriority=\"auto\" \/><\/p>\n<p>\n            Det har skjedd noko med det norske folk: \u2013 Alarmen b\u00f8r g\u00e5\n        <\/p>\n<p>    <\/a><\/p>\n<p>For kvinnene er utviklingen like dramatisk. Der har nemlig andelen sunket fra 62 til 38.<\/p>\n<p>Ringdal har sett utviklingen p\u00e5 n\u00e6rt hold og skremmes over utviklingen.\u00a0<\/p>\n<p>\u2013 Alle ungdommer har potensial til det (\u00e5 klare kravet). Det skal ikke mye trening til, men er du inaktiv, som ganske mange er, s\u00e5 ser det ikke ut som om det er s\u00e5 veldig lett lenger.<\/p>\n<p>\u2013 Dermed f\u00e5r vi disse enorme kostnadene <\/p>\n<p>Episoden stiller et viktig sp\u00f8rsm\u00e5l: Er det p\u00e5 tide \u00e5 prioritere forebygging framfor behandling med tanke p\u00e5 folkehelsen i Norge?<\/p>\n<p>Idrettspresident Zaineb Al-Samarai er tydelig n\u00e5r hun setter seg ned med TV 2: Det offentlige m\u00e5 ta mer ansvar.\u00a0<\/p>\n<p>    <a href=\"https:\/\/play.tv2.no\/serier\/pappatreneren-m853vwck?utm_source=tv2.no&amp;utm_medium=promo&amp;utm_campaign=Pappatreneren&amp;utm_content=www.tv2.no\/sport\/roper-varsko-i-min-tid-var-det-ikke-mange-som-ikke-klarte-det\/18427675\/\" rel=\"nofollow noopener\" target=\"_blank\"><\/p>\n<p>    <img class=\"image__img lazyload\" itemprop=\"image\" title=\"\" alt=\"\" width=\"978\" height=\"551\" bad-src=\"https:\/\/www.europesays.com\/no\/wp-content\/uploads\/2026\/01\/18329773.webp.jpeg\" fetchpriority=\"auto\" \/><\/p>\n<p>            Pappatreneren: Svikter staten?<\/p>\n<p>\n                TV 2 Play\n            <\/p>\n<p>    <\/a><\/p>\n<p class=\"bold m-bold\" data-lab-font_weight=\"bold\">Spesielt med tanke p\u00e5 folkehelse.\u00a0<\/p>\n<p>\u2013 Det brukes masse penger hele tiden, men ikke p\u00e5 forebygging, og det er kanskje det politikerne b\u00f8r tenke mer p\u00e5.<\/p>\n<p>Jan Oddvar Skisland har ledet\u00a0<a href=\"https:\/\/www.regjeringen.no\/contentassets\/a8b7d709ded24f659efa2fa2e329386c\/no\/pdfs\/nou202520250008000dddpdfs.pdf\" target=\"_blank\" style=\"letter-spacing: 0.01em;\" rel=\"nofollow noopener\">et utvalg som har sett p\u00e5 prioritering av folkehelsetiltak.\u00a0<\/a><\/p>\n<p>        Utdrag fra utredningen<\/p>\n<p> I dag er ikke-smittsomme sykdommer som kreft og hjerte- og karlidelser de viktigste \u00e5rsakene til sykdomsbyrde og d\u00f8d i Norge. Dette er sykdommer med potensial for forebygging. <\/p>\n<p> P\u00e5 nasjonalt niv\u00e5 er det en svakhet at prioritering og ressursbruk i for stor grad styres av kortsiktige hensyn, og at det er krevende \u00e5 oppn\u00e5 felles prioriteringer p\u00e5 tvers av en sektorisert stat. <\/p>\n<p> Norges offentlige utvalg: Folkehelse \u2013 verdier, kunnskap og prioritering <\/p>\n<p class=\"quote\">Han poengterer det samme som idrettspresidenten.\u00a0<\/p>\n<p>\u2013 Det brukes altfor lite ressurser p\u00e5 forebygging. Dermed<br \/>\nf\u00e5r vi disse enorme kostnadene p\u00e5 reparasjon, sier Skisland.\u00a0<\/p>\n<p>        <img class=\"image__img lazyload\" itemprop=\"image\" title=\"Foto: Martin Berg Isaksen \/ TV 2\" alt=\"POLITISK KARRIERE: Jan Oddvar Skisland har v\u00e6rt ordf\u00f8rer i Kristiansand for b\u00e5de KrF og Ap. Foto: Martin Berg Isaksen \/ TV 2\" width=\"675\" height=\"419\" bad-src=\"https:\/\/www.europesays.com\/no\/wp-content\/uploads\/2026\/01\/18429732.webp.jpeg\" fetchpriority=\"auto\" \/><\/p>\n<p>      POLITISK KARRIERE: Jan Oddvar Skisland har v\u00e6rt ordf\u00f8rer i Kristiansand for b\u00e5de KrF og Ap.<br \/>\n         Foto: Martin Berg Isaksen \/ TV 2<\/p>\n<p>Utredningen konkluderer med at tiltak rettet mot folkehelse ikke er langsiktige nok.\u00a0<\/p>\n<p>Kultur- og likestillingsdepartementet forteller TV 2 at folkehelse er noe regjeringen tar p\u00e5 st\u00f8rste alvor.\u00a0<\/p>\n<p> \u2013 Vi \u00f8nsker velkommen stemmer som utfordrer og kommer med nye ideer til hvordan utvikle den norske idrettsmodellen videre.\u00a0Derfor \u00f8nsker vi n\u00e5 ogs\u00e5 \u00e5 skrive en idrettsmelding, som nettopp skal se p\u00e5 de\u00a0store linjene i norsk idrett, sier statssekret\u00e6r Erlend Hanstveit.\u00a0<\/p>\n<p>Skolegrep<\/p>\n<p>B\u00e5de Al-Samarai og Skisland peker p\u00e5 at det \u00e5 f\u00e5 barn i aktivitet er en av de viktigste tiltakene for folkehelsen.\u00a0<\/p>\n<p> Skisland foresl\u00e5r 3 milliarder kroner i\u00a0\u00e5ret til \u00e5 innf\u00f8re daglig kropps\u00f8ving fra 1.\u201310. trinn. Det er beregnet p\u00e5 rene l\u00e6rerkostnader.\u00a0<\/p>\n<p>\u2013 Sist jeg sjekket var det egentlig flertall for dette p\u00e5 Stortinget. Men s\u00e5 m\u00e5 det v\u00e6re en politisk vilje til \u00e5 gjennomf\u00f8re det, sier Al-Samarai, og <a href=\"https:\/\/www.stortinget.no\/no\/Saker-og-publikasjoner\/Publikasjoner\/Innstillinger\/Stortinget\/2017-2018\/inns-201718-051s\/?all=true#m4\" target=\"_blank\" rel=\"nofollow noopener\">kan lene seg p\u00e5 Stortingets innstilling fra 2017.\u00a0<\/a><\/p>\n<p>\u2013 Hvorfor er ikke den viljen til stede tror du?\u00a0<\/p>\n<p>\u2013 Jeg tror det handler om \u00f8konomi. Det er for dyrt for dem, sier idrettspresidenten.\u00a0<\/p>\n<p> \u2013 Vi jobber med \u00e5 \u00f8ke antallet kropps\u00f8vingstimer, spesielt for trinnene 5.\u20137. klasse hvor elevene fra f\u00f8r har f\u00e5tt to timer \u00abfysisk aktivitet\u00bb ekstra i uken, i tillegg til kropps\u00f8vingstimene, sier Hanstveit.\u00a0<\/p>\n<p>        <img class=\"image__img lazyload\" itemprop=\"image\" title=\"Foto: Ole Enes Ebbesen \/ TV 2\" alt=\"ANSVAR: Erlend Hanstveit ble i august 2023 utnevnt som statsr\u00e5d for Lubna Jaffery. Foto: Ole Enes Ebbesen \/ TV 2\" width=\"978\" height=\"551\" bad-src=\"https:\/\/www.europesays.com\/no\/wp-content\/uploads\/2026\/01\/18440248.webp.jpeg\" fetchpriority=\"auto\" \/><\/p>\n<p>      ANSVAR: Erlend Hanstveit ble i august 2023 utnevnt som statsr\u00e5d for Lubna Jaffery.<br \/>\n         Foto: Ole Enes Ebbesen \/ TV 2<\/p>\n<p>Skisland mener politikerne m\u00e5 sette av mer penger til nettopp dette tiltaket.\u00a0<\/p>\n<p>\u2013 Arbeiderpartiet har v\u00e6rt veldig opptatt av dette med<br \/>\ndaglig kropps\u00f8ving. Det ser ut til \u00e5 v\u00e6re et flertall p\u00e5 Stortinget for det, og<br \/>\ndet har det jo egentlig v\u00e6rt i mange \u00e5r. Men en klarer liksom ikke \u00e5 f\u00e5 gjort<br \/>\nnoe med det, sier Skisland. <\/p>\n<p>        Slik svarer Kultur- og likestillingsdepartementet<\/p>\n<p> I mange kommuner er det gratis eller subsidierte leiepriser for idretten. Norske kommuner finansierer bygging, vedlikehold og drift av idrettsanlegg med milliardbel\u00f8p hvert \u00e5r. <\/p>\n<p>Fra statlig hold bidro vi med cirka 2,3 milliarder kroner til anleggsinvesteringer i 2025. <\/p>\n<p>Idretten og frivilligheten er helt avgj\u00f8rende for folkehelsen i Norge. Breddeidretten gir barn, unge og voksne mulighet til aktivitet, fellesskap og mestring \u2013 og er en av de viktigste forebyggende faktorene vi har. <\/p>\n<p>Derfor prioriterer regjeringen idretten h\u00f8yt. Vi gir hvert \u00e5r betydelige midler til idretten og til Norges idrettsforbund nettopp fordi vi \u00f8nsker \u00e5 styrke arbeidet idretten gj\u00f8r for inkludering, aktivitet og folkehelse. <\/p>\n<p>Disse midlene kommer i hovedsak fra spillemidlene til idrettsform\u00e5l, og sikrer b\u00e5de idrettsanlegg og aktivitet over hele landet. I fjor gikk over 4 milliarder til idrettsform\u00e5l.<\/p>\n<p> Hvem har ansvar for at folkehelsen blir d\u00e5rligere? sp\u00f8r TV 2.<\/p>\n<p> Det er et felles ansvar, som krever samlet innsats. Det er ogs\u00e5 verdt \u00e5 merke seg at medlemstallene i Norges idrettsforbund er h\u00f8yere enn noen gang f\u00f8r. <\/p>\n<p>Det viser at idretten st\u00e5r sterkt og n\u00e5r ut til store deler av befolkningen, men er kanskje ogs\u00e5 et tegn p\u00e5 at folkehelseutfordringene vi ser i dag ikke alene kan l\u00f8ses med idrettstiltak. <\/p>\n<p>Vi trenger en bredere innsats \u2013 p\u00e5 tvers av skole, helse, kultur og lokalsamfunn \u2013 for \u00e5 redusere helseforskjeller og styrke forebygging. <\/p>\n<p>Derfor la regjeringen f\u00f8r sommeren fram stortingsmeldingen \u00abTro p\u00e5 framtida \u2013 uansett bakgrunn\u00bb, hvor god helse blir trukket frem som viktig for at barn og unge skal ha like muligheter for en trygg oppvekst, til \u00e5 utvikle seg, l\u00e6re, mestre og skape grunnlaget for et godt liv. <\/p>\n<p> Hvordan stiller dere dere til forslaget om \u00e5 bevilge 3 milliarder i \u00e5ret til \u00e5 innf\u00f8re daglig kropps\u00f8ving fra 1.\u201310. trinn? sp\u00f8r TV 2.<\/p>\n<p> Fysisk aktivitet er viktig for helse, men ogs\u00e5 for l\u00e6ring. Siden 2024 har Arbeiderpartiet doblet antallet fleksible timer som skolene kan bruke til \u00e5 legge til rette for mer fysisk aktivitet i oppl\u00e6ringen. <\/p>\n<p>I tillegg har regjeringen satset p\u00e5 en mer praktisk og variert skoledag med fysisk aktivitet gjennom dagen p\u00e5 alle trinn. <\/p>\n<p>Samtidig jobber vi med \u00e5 \u00f8ke antallet kropps\u00f8vingstimer, spesielt for trinnene 5.\u20137. klasse hvor elevene fra f\u00f8r har f\u00e5tt to timer \u00abfysisk aktivitet\u00bb ekstra i uken, i tillegg til kropps\u00f8vingstimene. <\/p>\n<p> B\u00f8r ikke folkehelse og idrett prioriteres i st\u00f8rre grad? sp\u00f8r TV 2.<\/p>\n<p> Det viktige er at m\u00e5let v\u00e5rt er det samme. <\/p>\n<p>Regjeringen legger til rett for bred idrettsheltakse og i 2025 var bevilgningene rekordh\u00f8ye til b\u00e5de anlegg og idrettsform\u00e5l. Blant annet er det i perioden 2023\u20132025 gitt over 700 millioner kroner i ekstrainnsats for \u00e5 \u00f8ke deltakelsen i idrettslag. <\/p>\n<p>Vi har ogs\u00e5 \u00f8kt satsingen p\u00e5 bygging og rehabilitering av idrettsanlegg, og med det har vi oppn\u00e5dd den laveste ventetiden for \u00e5 f\u00e5 tildelt midler p\u00e5 flere ti\u00e5r. <\/p>\n<p>Samtidig er folkehelse, som jeg har p\u00e5pekt, et felles ansvar som regjeringen tar p\u00e5 st\u00f8rste alvor. Derfor prioriterer vi b\u00e5de skole, idrett, frivillighet og generelle folkehelsetiltak. <\/p>\n<p>S\u00e5 \u00f8nsker vi velkommen stemmer som utfordrer, og kommer med nye ideer til hvordan utvikle den norske idrettsmodellen videre.<\/p>\n<p> Derfor \u00f8nsker vi n\u00e5 ogs\u00e5 \u00e5 skrive en idrettsmelding, som nettopp skal se p\u00e5 de store linjene i norsk idrett. <\/p>\n<p>Besvart av statssekret\u00e6r Erlend Hanstveit i Kultur- og likestillingsdepartementet. <\/p>\n<p>Urovekkende tall<\/p>\n<p>TV 2 har ogs\u00e5 konfrontert Kultur- og likestillingsdepartementet med sp\u00f8rsm\u00e5l om hvem som har ansvaret.<\/p>\n<p>Tidligere landslagsspiller Erlend Hanstveit, som n\u00e5 er statssekret\u00e6r\u00a0for minister Lubna Jaffery, mener alle m\u00e5 ta sin del av ansvaret.<\/p>\n<p>\u2013 Det er et felles ansvar, som krever samlet innsats. Det er ogs\u00e5 verdt \u00e5 merke seg at medlemstallene i Norges idrettsforbund er h\u00f8yere enn noen gang f\u00f8r. Det viser at idretten st\u00e5r sterkt og n\u00e5r ut til store deler av befolkningen, men er kanskje ogs\u00e5 et tegn p\u00e5 at folkehelseutfordringene vi ser i dag ikke alene kan l\u00f8ses med idrettstiltak, sier Hanstveit, og legger til:\u00a0<\/p>\n<p>\u2013 Vi trenger en bredere innsats \u2013 p\u00e5 tvers av skole, helse, kultur og lokalsamfunn \u2013 for \u00e5 redusere helseforskjeller og styrke forebygging. <\/p>\n<p>        <img class=\"image__img lazyload\" itemprop=\"image\" title=\"Foto: Robert Reinlund \/ TV 2\" alt=\"AP-REGJERING: I valgkampen 2025 lovte statsministeren og statsr\u00e5den at full momskompensasjon til idretten fikk plass i statsbudsjettet. Foto: Robert Reinlund \/ TV 2\" width=\"978\" height=\"551\" bad-src=\"https:\/\/www.europesays.com\/no\/wp-content\/uploads\/2026\/01\/18431018.webp.jpeg\" fetchpriority=\"auto\" \/><\/p>\n<p>      AP-REGJERING: I valgkampen 2025 lovte statsministeren og statsr\u00e5den at full momskompensasjon til idretten fikk plass i statsbudsjettet.<br \/>\n         Foto: Robert Reinlund \/ TV 2<\/p>\n<p>\u2013 Det er helt absurd<\/p>\n<p>Idrettspresidenten mener ogs\u00e5 at det offentlige m\u00e5 ta mer ansvar for utgifter i idretten.\u00a0<\/p>\n<p>\u2013 Over halvparten av anleggene v\u00e5re er jo offentlige. Hvem er det som betaler driftskostnadene for dem? Idretten, sier idrettspresidenten, og fortsetter:<\/p>\n<p>\u2013 S\u00e5 p\u00e5 den ene siden skal vi l\u00f8se en offentlig oppgave, med inkludering, forebygging og alt annet som h\u00f8rer med, og s\u00e5 skal vi betale for det i tillegg. De tjener dobbelt p\u00e5 oss. Det er helt absurd.\u00a0<\/p>\n<p>        <img class=\"image__img lazyload\" itemprop=\"image\" title=\"Foto: Robert Reinlund \/ TV 2\" alt=\"PAPPATRENEREN: Idrettspresidenten m\u00f8tte TV 2 for \u00e5 delta i den nye serien. Foto: Robert Reinlund \/ TV 2\" width=\"978\" height=\"551\" bad-src=\"https:\/\/www.europesays.com\/no\/wp-content\/uploads\/2026\/01\/18329773.webp.jpeg\" fetchpriority=\"auto\" \/><\/p>\n<p>      PAPPATRENEREN: Idrettspresidenten m\u00f8tte TV 2 for \u00e5 delta i den nye serien.<br \/>\n         Foto: Robert Reinlund \/ TV 2<\/p>\n<p>Kultur- og likestillingsdepartementet svarer at bildet er mer sammensatt enn Al-Samarais uttalelser gir uttrykk for.\u00a0<\/p>\n<p>\u2013 I mange kommuner er det gratis eller subsidierte leiepriser for idretten. Norske kommuner finansierer bygging, vedlikehold og drift av idrettsanlegg med milliardbel\u00f8p hvert \u00e5r, svarer Hanstveit, og legger til:\u00a0<\/p>\n<p>\u2013 Fra statlig hold bidro vi med cirka 2,3 milliarder kroner til anleggsinvesteringer i 2025. Disse midlene kommer i hovedsak fra spillemidlene til idrettsform\u00e5l, og sikrer b\u00e5de idrettsanlegg og aktivitet over hele landet. I fjor gikk over 4 milliarder til idrettsform\u00e5l.<\/p>\n","protected":false},"excerpt":{"rendered":"\u2013 For at folk er i d\u00e5rligere form? Det tror jeg hvert fall ikke idretten skal ta ansvar&hellip;\n","protected":false},"author":2,"featured_media":131939,"comment_status":"","ping_status":"","sticky":false,"template":"","format":"standard","meta":{"footnotes":""},"categories":[10],"tags":[20,21,24,25,15,22,23,13,30,28,29,14,16,26,27],"class_list":{"0":"post-131938","1":"post","2":"type-post","3":"status-publish","4":"format-standard","5":"has-post-thumbnail","7":"category-norge","8":"tag-breaking-news","9":"tag-breakingnews","10":"tag-featured-news","11":"tag-featurednews","12":"tag-headlines","13":"tag-latest-news","14":"tag-latestnews","15":"tag-news","16":"tag-no","17":"tag-norge","18":"tag-norway","19":"tag-nyheter","20":"tag-overskrifter","21":"tag-top-stories","22":"tag-topstories"},"share_on_mastodon":{"url":"https:\/\/pubeurope.com\/@no\/115858987002305710","error":""},"_links":{"self":[{"href":"https:\/\/www.europesays.com\/no\/wp-json\/wp\/v2\/posts\/131938","targetHints":{"allow":["GET"]}}],"collection":[{"href":"https:\/\/www.europesays.com\/no\/wp-json\/wp\/v2\/posts"}],"about":[{"href":"https:\/\/www.europesays.com\/no\/wp-json\/wp\/v2\/types\/post"}],"author":[{"embeddable":true,"href":"https:\/\/www.europesays.com\/no\/wp-json\/wp\/v2\/users\/2"}],"replies":[{"embeddable":true,"href":"https:\/\/www.europesays.com\/no\/wp-json\/wp\/v2\/comments?post=131938"}],"version-history":[{"count":0,"href":"https:\/\/www.europesays.com\/no\/wp-json\/wp\/v2\/posts\/131938\/revisions"}],"wp:featuredmedia":[{"embeddable":true,"href":"https:\/\/www.europesays.com\/no\/wp-json\/wp\/v2\/media\/131939"}],"wp:attachment":[{"href":"https:\/\/www.europesays.com\/no\/wp-json\/wp\/v2\/media?parent=131938"}],"wp:term":[{"taxonomy":"category","embeddable":true,"href":"https:\/\/www.europesays.com\/no\/wp-json\/wp\/v2\/categories?post=131938"},{"taxonomy":"post_tag","embeddable":true,"href":"https:\/\/www.europesays.com\/no\/wp-json\/wp\/v2\/tags?post=131938"}],"curies":[{"name":"wp","href":"https:\/\/api.w.org\/{rel}","templated":true}]}}