{"id":131940,"date":"2026-01-08T10:23:36","date_gmt":"2026-01-08T10:23:36","guid":{"rendered":"https:\/\/www.europesays.com\/no\/131940\/"},"modified":"2026-01-08T10:23:36","modified_gmt":"2026-01-08T10:23:36","slug":"sykepleieren-husket-ikke-navnet-pa-influensavaksine-pasientene-fikk-vaksine-mot-hjernehinnebetennelse","status":"publish","type":"post","link":"https:\/\/www.europesays.com\/no\/131940\/","title":{"rendered":"Sykepleieren husket ikke navnet p\u00e5 influensavaksine \u2013 pasientene fikk vaksine mot hjernehinnebetennelse"},"content":{"rendered":"<p>\u2013 Det er ikke vanlig at slike feil som dette skjer. Dette er helt ekstraordin\u00e6rt, sier kommuneoverlege Anne Ruth Syrtveit Mikalsen i Froland kommune til<a href=\"https:\/\/www.agderposten.no\/nyheter\/n\/K83V87\/ga-sju-sykehjemsbeboere-feil-vaksine\" rel=\"nofollow noopener\" target=\"_blank\"> Agderposten<\/a> [krever abonnement].<\/p>\n<p>Hun sier at her er det flere enn sykepleieren som bestilte vaksinen som har beg\u00e5tt feil.\u00a0<\/p>\n<p>Statsforvalteren i Agder har behandlet saken som svikt i medikamenth\u00e5ndtering.<\/p>\n<p>Slik gikk det til<\/p>\n<p>Det var i november i fjor at en sykepleier i Froland kommune i Agder bestilte feil vaksiner til beboerne p\u00e5 et sykehjem. Pleieren husket ikke navnet Fluad og skrev bare \u00abde vaksinene som er for sykehjemsbeboere\u00bb.<\/p>\n<p>Legekontoret som mottok bestillingen fant frem vaksinen Prevanar 20. Den er for hjernehinnebetennelse, lungebetennelse og blodforgiftning.<\/p>\n<p>Ingen dobbeltkontroll fant sted.<\/p>\n<p>Tilsynslegen som skulle v\u00e6rt til stede ved vaksinasjonen p\u00e5 sykehjemmet, LIS1-legen, fikk beskjed om \u00e5 ta med vaksinen opp til sykepleierne, skriver Agderposten.<\/p>\n<p>Rutinene ble ikke fulgt<\/p>\n<p>Sykepleieren og en sykepleierstudent feilvaksinerte sju beboere. De reagerte ikke p\u00e5 navnet, men skriver i redegj\u00f8relsen at de reagerte p\u00e5 at de m\u00e5tte trekke opp vaksinen, som de trodde var influensavaksiner. Tidligere \u00e5r har influensavaksinen blitt levert i ferdig opptrekkede spr\u00f8yter.<\/p>\n<p>Kommuneoverlegen har g\u00e5tt igjennom rutinene med alle involverte.\u00a0<\/p>\n<p>\u2013 De skriftlige rutinene her er gode, svikten her er at rutinene ikke ble fulgt, skriver kommuneoverlegen i sitt brev til Statsforvalteren, if\u00f8lge Agderposten.<\/p>\n<p>Korrekte influensavaksiner ble gitt uken etterp\u00e5. Ingen av pasientene reagerte p\u00e5 feilvaksineringen.\u00a0<\/p>\n","protected":false},"excerpt":{"rendered":"\u2013 Det er ikke vanlig at slike feil som dette skjer. Dette er helt ekstraordin\u00e6rt, sier kommuneoverlege Anne&hellip;\n","protected":false},"author":2,"featured_media":131941,"comment_status":"","ping_status":"","sticky":false,"template":"","format":"standard","meta":{"footnotes":""},"categories":[5],"tags":[20,21,24,25,15,19,22,23,17,18,13,30,28,29,14,16,26,27],"class_list":{"0":"post-131940","1":"post","2":"type-post","3":"status-publish","4":"format-standard","5":"has-post-thumbnail","7":"category-overskrifter","8":"tag-breaking-news","9":"tag-breakingnews","10":"tag-featured-news","11":"tag-featurednews","12":"tag-headlines","13":"tag-hovedoppslag","14":"tag-latest-news","15":"tag-latestnews","16":"tag-main-news","17":"tag-mainnews","18":"tag-news","19":"tag-no","20":"tag-norge","21":"tag-norway","22":"tag-nyheter","23":"tag-overskrifter","24":"tag-top-stories","25":"tag-topstories"},"share_on_mastodon":{"url":"https:\/\/pubeurope.com\/@no\/115858990933133163","error":""},"_links":{"self":[{"href":"https:\/\/www.europesays.com\/no\/wp-json\/wp\/v2\/posts\/131940","targetHints":{"allow":["GET"]}}],"collection":[{"href":"https:\/\/www.europesays.com\/no\/wp-json\/wp\/v2\/posts"}],"about":[{"href":"https:\/\/www.europesays.com\/no\/wp-json\/wp\/v2\/types\/post"}],"author":[{"embeddable":true,"href":"https:\/\/www.europesays.com\/no\/wp-json\/wp\/v2\/users\/2"}],"replies":[{"embeddable":true,"href":"https:\/\/www.europesays.com\/no\/wp-json\/wp\/v2\/comments?post=131940"}],"version-history":[{"count":0,"href":"https:\/\/www.europesays.com\/no\/wp-json\/wp\/v2\/posts\/131940\/revisions"}],"wp:featuredmedia":[{"embeddable":true,"href":"https:\/\/www.europesays.com\/no\/wp-json\/wp\/v2\/media\/131941"}],"wp:attachment":[{"href":"https:\/\/www.europesays.com\/no\/wp-json\/wp\/v2\/media?parent=131940"}],"wp:term":[{"taxonomy":"category","embeddable":true,"href":"https:\/\/www.europesays.com\/no\/wp-json\/wp\/v2\/categories?post=131940"},{"taxonomy":"post_tag","embeddable":true,"href":"https:\/\/www.europesays.com\/no\/wp-json\/wp\/v2\/tags?post=131940"}],"curies":[{"name":"wp","href":"https:\/\/api.w.org\/{rel}","templated":true}]}}