{"id":131949,"date":"2026-01-08T10:31:08","date_gmt":"2026-01-08T10:31:08","guid":{"rendered":"https:\/\/www.europesays.com\/no\/131949\/"},"modified":"2026-01-08T10:31:08","modified_gmt":"2026-01-08T10:31:08","slug":"absurd-med-ole-gunnar-solskjaer-i-manchester-united","status":"publish","type":"post","link":"https:\/\/www.europesays.com\/no\/131949\/","title":{"rendered":"\u2013 Absurd med Ole Gunnar Solskj\u00e6r i Manchester United"},"content":{"rendered":"\n<p class=\"_lead_o9xde_2 _lead_xtcu6_50 layout-component text-serif-m layout-normal text-serif-l layout-component layout-wide layout-padded _wide_17hqh_1 layout-padded\">Ole Gunnar Solskj\u00e6r kan returnere til trenerstolen i Manchester United. Ikke alle mener det er en god id\u00e9.<\/p>\n<p><img alt=\" Foto: Francisco Seco \/ AP \/ NTB\" class=\"_image_qp4xg_65 layout-component layout-wide\" data-fullscreen- data-track-element-type=\"Article image fullscreen\" data-track-name=\"ImageFullscreen\" fetchpriority=\"high\" decoding=\"sync\" loading=\"eager\" height=\"998\" itemprop=\"image\"  src=\"https:\/\/www.europesays.com\/no\/wp-content\/uploads\/2026\/01\/57b54ff5-8a36-4d95-8ed8-e14b4662231a.jpeg\"  style=\"object-position:0% 0%\" width=\"1497\"\/> Foto: Francisco Seco \/ AP \/ NTB<\/p>\n<ul aria-hidden=\"true\" class=\"_images_ntbth_112\">\n<li><a class=\"_link_ntbth_117\" href=\"https:\/\/www.vg.no\/forfatter\/mads-thygesen\" style=\"z-index:2\" title=\"Mads Thygesen\" rel=\"nofollow noopener\" target=\"_blank\"><img alt=\"Bilde av Mads Thygesen\" class=\"_image_ntbth_93\" fetchpriority=\"low\" loading=\"lazy\" decoding=\"async\" itemprop=\"image\"  src=\"https:\/\/www.europesays.com\/no\/wp-content\/uploads\/2026\/01\/1767868267_537_d82576b6-c31c-43fc-a223-28ce8745295c.jpeg\"  width=\"480\"\/><\/a><\/li>\n<\/ul>\n<p> Oppdatert torsdag 8. januar kl. 10:54    <\/p>\n<ul class=\"_list_o9xde_3 _list_64s2r_85 _unordered_o9xde_106 text-sans-m\">\n<li class=\"_item_o9xde_30\">Ole Gunnar Solskj\u00e6r kan bli midlertidig trener for Manchester United igjen.<\/li>\n<li class=\"_item_o9xde_30\">Danny Murphy advarer mot \u00e5 ansette Solskj\u00e6r, og nevner andre kandidater som Michael Carrick og Roy Keane.<\/li>\n<li class=\"_item_o9xde_30\">Gary Neville er \u00e5pen for Solskj\u00e6rs retur og nevner andre tidligere spillere som aktuelle kandidater.<\/li>\n<li class=\"_item_o9xde_30\">Aviskommentator kritiserer ideen og mener det viser mangel p\u00e5 strategi fra klubbens side.<\/li>\n<\/ul>\n<p>Vis mer <\/p>\n<p class=\"_paragraph_o9xde_4 _paragraph_xtcu6_10 layout-component text-serif-m layout-normal text-serif-m layout-padded\">Ikke mange timene hadde g\u00e5tt etter sparkingen av Ruben Amorim ble gjort kjent, f\u00f8r Ole Gunnar Solskj\u00e6rs navn ble nevnt til \u00e5 ta over det midlertidige treneransvaret for Manchester United.<\/p>\n<p class=\"_paragraph_o9xde_4 _paragraph_xtcu6_10 layout-component text-serif-m layout-normal text-serif-m layout-padded\">Det f\u00f8rte til at nordmannen ble oddsfavoritt til \u00e5 overta styringen i en midlertidig rolle til sommeren. Onsdag skrev VG at <a href=\"https:\/\/www.vg.no\/i\/q6Ljy1\" data-track-element-type=\"Link\" data-track-id=\"link:q6Ljy1\" class=\"_link_o9xde_39\" rel=\"nofollow noopener\" target=\"_blank\">Solskj\u00e6r forhandler<\/a> med United om en kontrakt.<\/p>\n<p class=\"_paragraph_o9xde_4 _paragraph_xtcu6_10 layout-component text-serif-m layout-normal text-serif-m layout-padded\">Tidligere Liverpool-spiller Danny Murphy advarer derimot United mot \u00e5 g\u00e5 for Solskj\u00e6r igjen.<\/p>\n<p><img decoding=\"async\" alt=\"Bilde av Danny Murphy\" class=\"_image_ygndg_42\" height=\"61\" itemprop=\"image\" loading=\"lazy\"  src=\"https:\/\/www.europesays.com\/no\/wp-content\/uploads\/2026\/01\/8770094a-32fd-4039-8607-f1bb18d82c46.jpeg\"  width=\"40\"\/><strong class=\"_name_ygndg_51 title-serif-xs\">Danny Murphy<\/strong><\/p>\n<p class=\"_paragraph_o9xde_4 text-sans-m _description_ygndg_56\">Liverpool-spiller fra 1997\u20132004<\/p>\n<p class=\"_paragraph_o9xde_4 _paragraph_xtcu6_10 layout-component text-serif-m layout-normal text-serif-m layout-padded\">\u2013 Solskj\u00e6r tilbake i United er helt absurd. Klubben betalte ham for \u00e5 g\u00e5 fordi han mislyktes \u2013 og n\u00e5 skal de betale ham for \u00e5 komme tilbake? Det er fullstendig absurd, sier Murphy i BBC-programmet \u00abMatch of the Day\u00bb.<\/p>\n<p class=\"_paragraph_o9xde_4 _paragraph_xtcu6_10 layout-component text-serif-m layout-normal text-serif-m layout-padded\">Murphy mener det finnes flere kandidater som b\u00f8r komme foran nordmannen.<\/p>\n<p class=\"_paragraph_o9xde_4 _paragraph_xtcu6_10 layout-component text-serif-m layout-normal text-serif-m layout-padded\">\u2013 De har flere alternativer, som Michael Carrick og Darren Fletcher. I tillegg har du Roy Keane, som fansen ville elsket \u00e5 f\u00e5 tilbake. Noen mener Keane ville v\u00e6rt kaotisk, men han er en leder, fastsl\u00e5r den tidligere <a href=\"https:\/\/www.vg.no\/tag\/premier-league?utm_source=vg-article&amp;utm_medium=auto-tagger&amp;utm_campaign=rrAwqa\" class=\"_link_o9xde_39\" rel=\"nofollow noopener\" target=\"_blank\">Premier League<\/a>-profilen med 381 kamper og 48 m\u00e5l i Englands toppdivisjon.<\/p>\n<p class=\"_paragraph_o9xde_4 _paragraph_xtcu6_10 layout-component text-serif-m layout-normal text-serif-m layout-padded\">\u2013 Det Manchester United trenger n\u00e5, er en mann som kan samle og engasjere alle. Jeg er veldig usikker p\u00e5 om Solskj\u00e6r er den rette mannen til det, avslutter Murphy.<\/p>\n<p class=\"_paragraph_o9xde_4 _paragraph_xtcu6_10 layout-component text-serif-m layout-normal text-serif-m layout-padded\">Solskj\u00e6rs tidligere lagkamerat Gary Neville har ogs\u00e5 uttalt seg om et mulig comeback for nordmannen i Manchester United.<\/p>\n<p class=\"_paragraph_o9xde_4 _paragraph_xtcu6_10 layout-component text-serif-m layout-normal text-serif-m layout-padded\">P\u00e5 sp\u00f8rsm\u00e5l om han ville st\u00f8ttet en retur for Ole Gunnar Solskj\u00e6r, svarer Neville:<\/p>\n<p class=\"_paragraph_o9xde_4 _paragraph_xtcu6_10 layout-component text-serif-m layout-normal text-serif-m layout-padded\">\u2013 Jeg ville ikke ikke st\u00f8ttet detJeg ville ikke ikke st\u00f8ttet det\u00abI wouldn&#8217;t not\u00bb. United har begynt \u00e5 havne i en syklus som minner litt om det Liverpool opplevde tidligereLiverpool opplevde tidligereLiverpool hadde en periode med bytter av trenere der tidligere spillere var i rollene i perioden 1985-2012: Kenny Dalglish var manager i to perioder (1985\u20131991 og 2011\u20132012). Graeme Souness (1991\u20131994).<\/p>\n<p>, da de hentet tilbake tidligere klubblegender i trenerroller. Det samme har skjedd i United de siste tolv \u00e5rene. F\u00f8rst Ryan Giggs, deretter Ole Gunnar Solskj\u00e6r, og n\u00e5 snakkes det igjen om Solskj\u00e6r. Det f\u00f8les litt som en film vi alle har sett f\u00f8r.<\/p>\n<p><img alt=\"Gary Neville og Ole Gunnar Solskj\u00e6r sp\u00f8k f\u00f8r avspark i kvartfinaleoppgj\u00f8ret mellom Barcelona og Manchester United i Champions League p\u00e5 Camp Nou i 2019.  Foto: Nick Potts \/ Pa Photos \/ NTB\" class=\"_image_qp4xg_65 layout-component layout-normal\" data-fullscreen- data-track-element-type=\"Article image fullscreen\" data-track-name=\"ImageFullscreen\" decoding=\"async\" loading=\"lazy\" height=\"1595\" itemprop=\"image\"  src=\"https:\/\/www.europesays.com\/no\/wp-content\/uploads\/2026\/01\/5094cfe0-5d42-43db-9a51-5da9342829fd.jpeg\"  style=\"object-position:0% 0%\" width=\"2512\"\/>Gary Neville og Ole Gunnar Solskj\u00e6r sp\u00f8k f\u00f8r avspark i kvartfinaleoppgj\u00f8ret mellom Barcelona og Manchester United i Champions League p\u00e5 Camp Nou i 2019.  Foto: Nick Potts \/ Pa Photos \/ NTB<\/p>\n<p class=\"_paragraph_o9xde_4 _paragraph_xtcu6_10 layout-component text-serif-m layout-normal text-serif-m layout-padded\">Men Neville er alts\u00e5 ikke uenig i at nordmannen b\u00f8r komme tilbake:<\/p>\n<p class=\"_paragraph_o9xde_4 _paragraph_xtcu6_10 layout-component text-serif-m layout-normal text-serif-m layout-padded\">\u2013 Ole er en som elsker klubben, kan jobben, og har v\u00e6rt i jobben. Michael Carrick og Ruud van Nistelrooy er navn som ogs\u00e5 kommer opp. Alle tre er fantastiske personer som jeg har spilt med i mange \u00e5r. De elsker og forst\u00e5r klubben, men de kommer til \u00e5 havne under et enormt press dersom en av de skulle f\u00e5tt jobben. Uansett hvem av de det blir s\u00e5 \u00f8nsker jeg de masse lykke til, sier den tidligere Manchester United-kapteinen til Sky Sports.<\/p>\n<p class=\"_paragraph_o9xde_4 _paragraph_xtcu6_10 layout-component text-serif-m layout-normal text-serif-m layout-padded\">Ian Ladyman, fotball-redakt\u00f8ren i Daily Mail, er derimot kritisk til \u00e5 ansette Solskj\u00e6r.<\/p>\n<p class=\"_paragraph_o9xde_4 _paragraph_xtcu6_10 layout-component text-serif-m layout-normal text-serif-m layout-padded\">\u2013 Ole Gunnar Solskj\u00e6r var en fiasko i Manchester United. Det knekte ham. \u00c5 hente ham tilbake n\u00e5 ville derfor v\u00e6re en innr\u00f8mmelse fra klubbledelsen om at de har g\u00e5tt tom for b\u00e5de strategi og ideer, skriver han.<\/p>\n<p class=\"font-weight-semi-bold color-accent label-medium _label_16v91_20\">Solskj\u00e6r-statistikk<\/p>\n<p class=\"_paragraph_o9xde_4 _paragraph_xtcu6_10 _paragraph_16v91_10 layout-component text-serif-m layout-normal text-sans-m layout-padded\">\u2022 2018 \u2013 2019: Midlertidig trener, 19 kamper. Poeng per kamp: 2.32.<\/p>\n<p class=\"_paragraph_o9xde_4 _paragraph_xtcu6_10 _paragraph_16v91_10 layout-component text-serif-m layout-normal text-sans-m layout-padded\">\u2022 2019 \u2013 2021: Hovedtrener, 149 kamper. Poeng per kamp: 1.73.<\/p>\n<p>Vis mer<\/p>\n<p class=\"_paragraph_o9xde_4 _paragraph_xtcu6_10 layout-component text-serif-m layout-normal text-serif-m layout-padded\">Kommentatoren mener at selv om Solskj\u00e6r er popul\u00e6r blant supporterne og kjenner klubben godt, gj\u00f8r ikke det ham kvalifisert til jobben.<\/p>\n<p class=\"_paragraph_o9xde_4 _paragraph_xtcu6_10 layout-component text-serif-m layout-normal text-serif-m layout-padded\">\u2013 Solskj\u00e6r har f\u00e5tt sin sjanse og manglet til slutt det som skulle til, fortsetter redakt\u00f8ren.<\/p>\n","protected":false},"excerpt":{"rendered":"Ole Gunnar Solskj\u00e6r kan returnere til trenerstolen i Manchester United. Ikke alle mener det er en god id\u00e9.&hellip;\n","protected":false},"author":2,"featured_media":131950,"comment_status":"","ping_status":"","sticky":false,"template":"","format":"standard","meta":{"footnotes":""},"categories":[59],"tags":[158,30,28,29,505,161,83,82],"class_list":{"0":"post-131949","1":"post","2":"type-post","3":"status-publish","4":"format-standard","5":"has-post-thumbnail","7":"category-sport","8":"tag-manchester-united","9":"tag-no","10":"tag-norge","11":"tag-norway","12":"tag-ole-gunnar-solskjaer","13":"tag-premier-league","14":"tag-sport","15":"tag-sports"},"share_on_mastodon":{"url":"https:\/\/pubeurope.com\/@no\/115859022324165613","error":""},"_links":{"self":[{"href":"https:\/\/www.europesays.com\/no\/wp-json\/wp\/v2\/posts\/131949","targetHints":{"allow":["GET"]}}],"collection":[{"href":"https:\/\/www.europesays.com\/no\/wp-json\/wp\/v2\/posts"}],"about":[{"href":"https:\/\/www.europesays.com\/no\/wp-json\/wp\/v2\/types\/post"}],"author":[{"embeddable":true,"href":"https:\/\/www.europesays.com\/no\/wp-json\/wp\/v2\/users\/2"}],"replies":[{"embeddable":true,"href":"https:\/\/www.europesays.com\/no\/wp-json\/wp\/v2\/comments?post=131949"}],"version-history":[{"count":0,"href":"https:\/\/www.europesays.com\/no\/wp-json\/wp\/v2\/posts\/131949\/revisions"}],"wp:featuredmedia":[{"embeddable":true,"href":"https:\/\/www.europesays.com\/no\/wp-json\/wp\/v2\/media\/131950"}],"wp:attachment":[{"href":"https:\/\/www.europesays.com\/no\/wp-json\/wp\/v2\/media?parent=131949"}],"wp:term":[{"taxonomy":"category","embeddable":true,"href":"https:\/\/www.europesays.com\/no\/wp-json\/wp\/v2\/categories?post=131949"},{"taxonomy":"post_tag","embeddable":true,"href":"https:\/\/www.europesays.com\/no\/wp-json\/wp\/v2\/tags?post=131949"}],"curies":[{"name":"wp","href":"https:\/\/api.w.org\/{rel}","templated":true}]}}