{"id":131953,"date":"2026-01-08T10:35:09","date_gmt":"2026-01-08T10:35:09","guid":{"rendered":"https:\/\/www.europesays.com\/no\/131953\/"},"modified":"2026-01-08T10:35:09","modified_gmt":"2026-01-08T10:35:09","slug":"ukraina-strom-over-1-million-uten-strom-vann-og-varme-i-ost-ukraina-etter-russiske-angrep","status":"publish","type":"post","link":"https:\/\/www.europesays.com\/no\/131953\/","title":{"rendered":"Ukraina, Str\u00f8m | Over 1 million uten str\u00f8m, vann og varme i \u00d8st-Ukraina etter russiske angrep"},"content":{"rendered":"\n<p>Flesteparten av innbyggerne i regionene Dnipropetrovsk og Zaporizjzja var uten str\u00f8m onsdag kveld og natt til torsdag mens temperaturene falt under frysepunktet. Det opplyste den statlige str\u00f8mnettoperat\u00f8ren Ukrenergo like f\u00f8r midnatt.<\/p>\n<p><b>Les ogs\u00e5:<a class=\"simple-relation related-teaser article--c-eRUmMG article--c-eRUmMG-fZoQSp-design-nettavisen article--c-eRUmMG-gwthdJ-cv\" href=\"https:\/\/www.nettavisen.no\/krig-truer-hvem-stoler-du-pa-na\/s\/5-95-2811613\" rel=\"nofollow noopener\" target=\"_blank\">Krig truer: Hvem stoler du p\u00e5 n\u00e5?<\/a> <\/b><\/p>\n<p>De fleste av disse husstandene mistet ogs\u00e5 vann- og varmeforsyningen. I Zaporizjzja var str\u00f8mmen tilbake torsdag formiddag. Guvern\u00f8r Ivan Fedorov sier at det er f\u00f8rste gang p\u00e5 flere \u00e5r at Zaporizjzja opplever et totalt str\u00f8mbrudd, men at \u00ablyset alltid vinner\u00bb.<\/p>\n<p>    Vil du se neste video?<\/p>\n<p>    <a href=\"https:\/\/www.nettavisen.no\/nyheter\/ukrainsk-jagerfly-odelegger-for-vladimir-putin-i-pokrovsk\/v\/5-95-2807927\" class=\"recommend-poster\" data-adp-clicklabel=\"video-recommend\" data-adp-clickvalue=\"poster\" rel=\"nofollow noopener\" target=\"_blank\"><br \/>\n      <img decoding=\"async\" width=\"200\" height=\"200\" loading=\"lazy\" src=\"https:\/\/www.europesays.com\/no\/wp-content\/uploads\/2026\/01\/JAGERFLY+BREDDE.jpg\" alt=\"\" class=\"brick-c-cFOWSL\" style=\"--brick-image-ratio: 200 \/ 200;\"\/><\/p>\n<p>Nye bilder: Rammer Putin hardt0:41<\/p>\n<p>    <\/a><\/p>\n<p>I Dnipropetrovsk er situasjonen verre. Den strategisk viktige byen Pavlohrad kan forbli uten vann fram til fredag.<\/p>\n<p><b>Les ogs\u00e5: <a class=\"simple-relation related-teaser article--c-eRUmMG article--c-eRUmMG-fZoQSp-design-nettavisen article--c-eRUmMG-gwthdJ-cv\" href=\"https:\/\/www.nettavisen.no\/truer-med-a-straffeforfolge-russisk-mannskap-trump-er-ikke-redd\/s\/5-95-2813266\" rel=\"nofollow noopener\" target=\"_blank\">Truer med \u00e5 straffeforf\u00f8lge russisk mannskap: \u2013 Trump er ikke redd<\/a><\/b><\/p>\n<p>Torsdag morgen opplyser den ukrainske visestatsminister Oleksij Kuleba at arbeid p\u00e5g\u00e5r for \u00e5 f\u00e5 reparert skadene og gjenopprettet str\u00f8mforsyningen.<\/p>\n<p>Russland pleier \u00e5 intensivere angrepene mot Ukrainas str\u00f8mforsyning vinterstid. Det er ventet en kuldeb\u00f8lge i landet utover uka, noe som ventes \u00e5 skape mer problemer for str\u00f8m- og varmeforsyningen.<\/p>\n","protected":false},"excerpt":{"rendered":"Flesteparten av innbyggerne i regionene Dnipropetrovsk og Zaporizjzja var uten str\u00f8m onsdag kveld og natt til torsdag mens&hellip;\n","protected":false},"author":2,"featured_media":131954,"comment_status":"","ping_status":"","sticky":false,"template":"","format":"standard","meta":{"footnotes":""},"categories":[12],"tags":[20,21,24,25,15,22,23,13,30,28,29,14,16,26,27,42,43,44,45],"class_list":{"0":"post-131953","1":"post","2":"type-post","3":"status-publish","4":"format-standard","5":"has-post-thumbnail","7":"category-verden","8":"tag-breaking-news","9":"tag-breakingnews","10":"tag-featured-news","11":"tag-featurednews","12":"tag-headlines","13":"tag-latest-news","14":"tag-latestnews","15":"tag-news","16":"tag-no","17":"tag-norge","18":"tag-norway","19":"tag-nyheter","20":"tag-overskrifter","21":"tag-top-stories","22":"tag-topstories","23":"tag-verden","24":"tag-world","25":"tag-world-news","26":"tag-worldnews"},"share_on_mastodon":{"url":"https:\/\/pubeurope.com\/@no\/115859038206518949","error":""},"_links":{"self":[{"href":"https:\/\/www.europesays.com\/no\/wp-json\/wp\/v2\/posts\/131953","targetHints":{"allow":["GET"]}}],"collection":[{"href":"https:\/\/www.europesays.com\/no\/wp-json\/wp\/v2\/posts"}],"about":[{"href":"https:\/\/www.europesays.com\/no\/wp-json\/wp\/v2\/types\/post"}],"author":[{"embeddable":true,"href":"https:\/\/www.europesays.com\/no\/wp-json\/wp\/v2\/users\/2"}],"replies":[{"embeddable":true,"href":"https:\/\/www.europesays.com\/no\/wp-json\/wp\/v2\/comments?post=131953"}],"version-history":[{"count":0,"href":"https:\/\/www.europesays.com\/no\/wp-json\/wp\/v2\/posts\/131953\/revisions"}],"wp:featuredmedia":[{"embeddable":true,"href":"https:\/\/www.europesays.com\/no\/wp-json\/wp\/v2\/media\/131954"}],"wp:attachment":[{"href":"https:\/\/www.europesays.com\/no\/wp-json\/wp\/v2\/media?parent=131953"}],"wp:term":[{"taxonomy":"category","embeddable":true,"href":"https:\/\/www.europesays.com\/no\/wp-json\/wp\/v2\/categories?post=131953"},{"taxonomy":"post_tag","embeddable":true,"href":"https:\/\/www.europesays.com\/no\/wp-json\/wp\/v2\/tags?post=131953"}],"curies":[{"name":"wp","href":"https:\/\/api.w.org\/{rel}","templated":true}]}}