{"id":131955,"date":"2026-01-08T10:36:18","date_gmt":"2026-01-08T10:36:18","guid":{"rendered":"https:\/\/www.europesays.com\/no\/131955\/"},"modified":"2026-01-08T10:36:18","modified_gmt":"2026-01-08T10:36:18","slug":"osteroy-hus-har-brent-ned","status":"publish","type":"post","link":"https:\/\/www.europesays.com\/no\/131955\/","title":{"rendered":"Oster\u00f8y: Hus har brent ned"},"content":{"rendered":"<p class=\"extendedContent hyperion-css-p6op2h\" data-test-tag=\"lead-text\">\u2013 Vi er ikke redd for at det skal v\u00e6re folk inne i huset, sier operasjonsleder Tatjana Knappen i politiet.<\/p>\n<p><img decoding=\"async\" class=\"image-asset hyperion-css-u06ts1\" data-test-tag=\"image-asset\" src=\"https:\/\/www.europesays.com\/no\/wp-content\/uploads\/2026\/01\/38eab3c3-1d55-4bfa-8f86-05761dba158e.jpeg\"  alt=\"N\u00f8detatene rykket ut til stedet. Bildet er tatt flere kilometer unna huset som har brent ned.\"  loading=\"eager\" fetchpriority=\"high\" style=\"aspect-ratio:917 \/ 646\"\/>N\u00f8detatene rykket ut til stedet. Bildet er tatt flere kilometer unna huset som har brent ned. Foto: Martin Larsen Hirth<a title=\"Hilde Heian\" aria-label=\"Hilde Heian\" href=\"http:\/\/www.bt.no\/av\/hilde-heian\" rel=\"nofollow noopener\" target=\"_blank\"><img decoding=\"async\" class=\"image-asset hyperion-css-u06ts1\" data-test-tag=\"image-asset\" src=\"https:\/\/www.europesays.com\/no\/wp-content\/uploads\/2026\/01\/04dc164d-ad63-4414-a9a2-5fbf06261c3a.png\"  alt=\"Hilde Heian\"  fetchpriority=\"auto\" style=\"aspect-ratio:1900 \/ 1900\"\/><\/a><a title=\"Martin Larsen Hirth\" aria-label=\"Martin Larsen Hirth\" href=\"http:\/\/www.bt.no\/av\/martin-larsen-hirth-2\" rel=\"nofollow noopener\" target=\"_blank\"><img decoding=\"async\" class=\"image-asset hyperion-css-u06ts1\" data-test-tag=\"image-asset\" src=\"https:\/\/www.europesays.com\/no\/wp-content\/uploads\/2026\/01\/09902ef7-0225-4e56-83b3-f45000d85dcb.png\"  alt=\"Martin Larsen Hirth\"  fetchpriority=\"auto\" style=\"aspect-ratio:1900 \/ 1900\"\/><\/a><\/p>\n<ul class=\"hyperion-css-w8vnca\">\n<li aria-label=\"link\" class=\"narrow-button hyperion-css-1sz7d3n\">bt-linkKopier lenke<\/li>\n<li aria-label=\"link\" class=\"wide-button hyperion-css-1sz7d3n\">bt-linkKopier lenke<\/li>\n<\/ul>\n<p>Publisert: Publisert: <\/p>\n<p>For mindre enn 2 timer siden<\/p>\n<p class=\"hyperion-css-zwo8lj\">Brannmannskaper rykket torsdag ut til Oster\u00f8y etter \u00e5 ha f\u00e5tt melding om et hus som skal v\u00e6re nedbrent.<\/p>\n<p class=\"hyperion-css-zwo8lj\">Det skal ikke v\u00e6re spredningsfare til andre bygg, opplyser vaktleder Shahrooz Lahooti ved 110-sentralen.<\/p>\n<p>I kontakt med huseier<\/p>\n<p class=\"hyperion-css-zwo8lj\">\u2013 Vi har v\u00e6rt i kontakt med huseier, og huset skal v\u00e6re tomt. Vi er ikke redd for at det skal v\u00e6re folk inne i huset, sier operasjonsleder Tatjana Knappen i politiet.<\/p>\n<p class=\"hyperion-css-zwo8lj\">Brannmannskaper arbeider med \u00e5 forhindre spredning til l\u00f8e og en campingvogn, opplyser Knappen.<\/p>\n<p>Var redd for fj\u00f8s<\/p>\n<p class=\"hyperion-css-zwo8lj\">\u2013 Vi var bekymret for at brannen skulle spre seg til et fj\u00f8s med sauer, s\u00e5 vi fikk en nabo til \u00e5 kj\u00f8re opp og sjekke. Men heldigvis hadde ikke brannen spredt seg til fj\u00f8set, sier Lahooti.<\/p>\n<p class=\"hyperion-css-zwo8lj\">En familie p\u00e5 fire bodde i huset som n\u00e5 er nedbrent. Ingen av dem skal ha v\u00e6rt i n\u00e6rheten da det begynte \u00e5 brenne.<\/p>\n<p class=\"hyperion-css-zwo8lj\">\u2013 Vi ble varslet av huseier om brannen via AMK. Vedkommende hadde f\u00e5tt telefon fra en nabo om at det brant, sier Lahooti.<\/p>\n<p>\u2013 Uskadet<\/p>\n<p class=\"hyperion-css-zwo8lj\">\u2013 Vi har f\u00e5tt bekreftet at alle fire som bodde i huset er OK, de var ikke hjemme. Driftsbygningen med sauene er uskadet. Huset ligger et stykke unna n\u00e6rmeste nabo, sier Knappen til BT ved 10.30-tiden.<\/p>\n<p class=\"hyperion-css-zwo8lj\">Da politiet ble varslet om brannen klokken 09.09 torsdag morgen var huset overtent. <\/p>\n<p class=\"hyperion-css-zwo8lj\">Brannmannskaper fra Oster\u00f8y og Vaksdal har rykket ut til brannen.<\/p>\n<p class=\"hyperion-css-zwo8lj\">De driver n\u00e5 med etterslukking p\u00e5 stedet.<\/p>\n<p class=\"hyperion-css-zwo8lj\">Politiet har opprettet sak.<\/p>\n<p>Publisert: <\/p>\n<p>Publisert: 8. januar 2026 09:49<\/p>\n<p>Oppdatert: 8. januar 2026 11:19<\/p>\n","protected":false},"excerpt":{"rendered":"\u2013 Vi er ikke redd for at det skal v\u00e6re folk inne i huset, sier operasjonsleder Tatjana Knappen&hellip;\n","protected":false},"author":2,"featured_media":131956,"comment_status":"","ping_status":"","sticky":false,"template":"","format":"standard","meta":{"footnotes":""},"categories":[10],"tags":[20,21,24,25,15,22,23,13,30,28,29,14,16,26,27],"class_list":{"0":"post-131955","1":"post","2":"type-post","3":"status-publish","4":"format-standard","5":"has-post-thumbnail","7":"category-norge","8":"tag-breaking-news","9":"tag-breakingnews","10":"tag-featured-news","11":"tag-featurednews","12":"tag-headlines","13":"tag-latest-news","14":"tag-latestnews","15":"tag-news","16":"tag-no","17":"tag-norge","18":"tag-norway","19":"tag-nyheter","20":"tag-overskrifter","21":"tag-top-stories","22":"tag-topstories"},"share_on_mastodon":{"url":"https:\/\/pubeurope.com\/@no\/115859042115474344","error":""},"_links":{"self":[{"href":"https:\/\/www.europesays.com\/no\/wp-json\/wp\/v2\/posts\/131955","targetHints":{"allow":["GET"]}}],"collection":[{"href":"https:\/\/www.europesays.com\/no\/wp-json\/wp\/v2\/posts"}],"about":[{"href":"https:\/\/www.europesays.com\/no\/wp-json\/wp\/v2\/types\/post"}],"author":[{"embeddable":true,"href":"https:\/\/www.europesays.com\/no\/wp-json\/wp\/v2\/users\/2"}],"replies":[{"embeddable":true,"href":"https:\/\/www.europesays.com\/no\/wp-json\/wp\/v2\/comments?post=131955"}],"version-history":[{"count":0,"href":"https:\/\/www.europesays.com\/no\/wp-json\/wp\/v2\/posts\/131955\/revisions"}],"wp:featuredmedia":[{"embeddable":true,"href":"https:\/\/www.europesays.com\/no\/wp-json\/wp\/v2\/media\/131956"}],"wp:attachment":[{"href":"https:\/\/www.europesays.com\/no\/wp-json\/wp\/v2\/media?parent=131955"}],"wp:term":[{"taxonomy":"category","embeddable":true,"href":"https:\/\/www.europesays.com\/no\/wp-json\/wp\/v2\/categories?post=131955"},{"taxonomy":"post_tag","embeddable":true,"href":"https:\/\/www.europesays.com\/no\/wp-json\/wp\/v2\/tags?post=131955"}],"curies":[{"name":"wp","href":"https:\/\/api.w.org\/{rel}","templated":true}]}}