{"id":131957,"date":"2026-01-08T10:37:18","date_gmt":"2026-01-08T10:37:18","guid":{"rendered":"https:\/\/www.europesays.com\/no\/131957\/"},"modified":"2026-01-08T10:37:18","modified_gmt":"2026-01-08T10:37:18","slug":"direktesending-av-age-hareides-bisettelse-fotballegender-samles-i-molde-2","status":"publish","type":"post","link":"https:\/\/www.europesays.com\/no\/131957\/","title":{"rendered":"Direktesending av \u00c5ge Hareides bisettelse: Fotballegender samles i Molde"},"content":{"rendered":"<p>\u00c5ge Hareide d\u00f8de 18. desember etter kort tids kreftsykdom. Fotballegenden ble 72 \u00e5r.\u00a0<\/p>\n<p>Bisettelsen i Molde Domkirke starter kl. 12. Flere store fotballpersonligheter fra Norge og Danmark er ventet.\u00a0<\/p>\n<p data-lab-font_weight=\"\">\u2013 I dag skal vi minnes en fantastisk fotballmann. En far og en bestefar. Det blir trist, men samtidig godt for mange. Det f\u00f8les bra \u00e5 ta farvel med ham i dag, sier tidligere landslagsstopper og Molde-profil Vegard Forren.\u00a0<\/p>\n<p>        <img class=\"image__img lazyload\" itemprop=\"image\" title=\"Foto: Arne Rovick \/ TV 2\" alt=\"HAREIDE-VENN: Vegard Forren. Foto: Arne Rovick \/ TV 2\" width=\"978\" height=\"656\" bad-src=\"https:\/\/www.europesays.com\/no\/wp-content\/uploads\/2026\/01\/18443641.webp.jpeg\" fetchpriority=\"auto\" \/><\/p>\n<p>      HAREIDE-VENN: Vegard Forren.<br \/>\n         Foto: Arne Rovick \/ TV 2<\/p>\n<p class=\"bold m-bold\" data-lab-font_weight=\"bold\">Av gjestene som str\u00f8mmer mot domkirken er navn som John Arne Riise, John Carew og Ola By Rise. Tidligere statsminister Kjell Magne Bondevik er ogs\u00e5 p\u00e5 plass.\u00a0<\/p>\n<p data-lab-font_weight=\"\">\u2013\u00a0 Det er nesten uvirkelig at han er borte, for han var en s\u00e5 livsglad mann helt til det siste, sier Bondevik.\u00a0<\/p>\n<p>        <img class=\"image__img lazyload\" itemprop=\"image\" title=\"Foto: Fredrik Varfjell \/ NTB\" alt=\" Foto: Fredrik Varfjell \/ NTB\" width=\"978\" height=\"656\" bad-src=\"https:\/\/www.europesays.com\/no\/wp-content\/uploads\/2026\/01\/18443829.webp.jpeg\" fetchpriority=\"auto\" \/><\/p>\n<p>         Foto: Fredrik Varfjell \/ NTB<\/p>\n<p data-lab-font_weight=\"\">\u2013\u00a0 Han var en av de eneste som lot meg v\u00e6re meg selv hele veien, og st\u00f8ttet meg i tykt og tynt. Men s\u00e5 er det ogs\u00e5 mennesket. Han var en jeg kunne ringe om alt, sier Riise.\u00a0\u00a0<\/p>\n<p>        <img class=\"image__img lazyload\" itemprop=\"image\" title=\"Foto: Arne Rovick \/ TV 2\" alt=\"MINNES HAREIDE: John Arne Riise spilte under Hareide p\u00e5 landslaget i flere \u00e5r. Foto: Arne Rovick \/ TV 2\" width=\"978\" height=\"656\" bad-src=\"https:\/\/www.europesays.com\/no\/wp-content\/uploads\/2026\/01\/18443804.webp.jpeg\" fetchpriority=\"auto\" \/><\/p>\n<p>      MINNES HAREIDE: John Arne Riise spilte under Hareide p\u00e5 landslaget i flere \u00e5r.<br \/>\n         Foto: Arne Rovick \/ TV 2<\/p>\n<p data-lab-font_weight=\"\">Brede Hangeland og Morten Gamst Pedersen spilte under Hareide p\u00e5 landslaget p\u00e5 midten av 2000-tallet.\u00a0<\/p>\n<p data-lab-font_weight=\"\">\u2013 \u00c5ge var en unik mann. Han var en veldig sterk leder. Selvf\u00f8lgelig var han fotballfaglig sterk, men det viktigste er kanskje det menneskelige n\u00e5r alt kommer til alt. Der synes jeg man b\u00f8r f\u00e5 bruke et uttrykk fra v\u00e5r bransje: Han var i verdensklasse, sier Hangeland.\u00a0<\/p>\n<p data-lab-font_weight=\"\">Den danske fotballstjernen Christian Eriksen og tidligere landslagskaptein Simon Kj\u00e6r er ogs\u00e5 p\u00e5 plass.\u00a0<\/p>\n<p>Det samme vil spisslegenden Jon Dal Tomasson og fotballdirekt\u00f8r i det danske fotballforbundet Peter M\u00f8ller.\u00a0<\/p>\n<p>        <img class=\"image__img lazyload\" itemprop=\"image\" title=\"Foto: Fredrik Varfjell \/ NTB\" alt=\"DANSK KOLLEGA. Den danske fotballegenden Jon Dal Tomasson. Han var assistenttrener under Hareide da han ladet det danske landslaget. Foto: Fredrik Varfjell \/ NTB\" width=\"675\" height=\"453\" bad-src=\"https:\/\/www.europesays.com\/no\/wp-content\/uploads\/2026\/01\/18443831.webp.jpeg\" fetchpriority=\"auto\" \/><\/p>\n<p>      DANSK KOLLEGA. Den danske fotballegenden Jon Dal Tomasson. Han var assistenttrener under Hareide da han ladet det danske landslaget.<br \/>\n         Foto: Fredrik Varfjell \/ NTB<\/p>\n<p>        <img class=\"image__img lazyload\" itemprop=\"image\" title=\"Foto: Arne Rovick \/ TV 2\" alt=\"LANDET: Det danske fotballforbundets fly p\u00e5 plass p\u00e5 Molde Lufthavn \u00c5r\u00f8. Foto: Arne Rovick \/ TV 2\" width=\"978\" height=\"656\" bad-src=\"https:\/\/www.europesays.com\/no\/wp-content\/uploads\/2026\/01\/1767868636_43_18443552.webp.jpeg\" fetchpriority=\"auto\" \/><\/p>\n<p>      LANDET: Det danske fotballforbundets fly p\u00e5 plass p\u00e5 Molde Lufthavn \u00c5r\u00f8.<br \/>\n         Foto: Arne Rovick \/ TV 2<\/p>\n<p>Fra det norske fotballforbundet kommer president Lise Klaveness, generalsekret\u00e6r Karl-Petter L\u00f8ken og landslagssjef St\u00e5le Solbakken.\u00a0<\/p>\n<p>        <img class=\"image__img lazyload\" itemprop=\"image\" title=\"Foto: Arne Rovick \/ TV 2\" alt=\"FOTBALLTOPPER: Fotballpresident Lise Klaveness og Egil \u00d8stenstad. Foto: Arne Rovick \/ TV 2\" width=\"978\" height=\"656\" bad-src=\"https:\/\/www.europesays.com\/no\/wp-content\/uploads\/2026\/01\/18443786.webp.jpeg\" fetchpriority=\"auto\" \/><\/p>\n<p>      FOTBALLTOPPER: Fotballpresident Lise Klaveness og Egil \u00d8stenstad.<br \/>\n         Foto: Arne Rovick \/ TV 2<\/p>\n<p>        <img class=\"image__img lazyload\" itemprop=\"image\" title=\"Foto: Arne Rovick \/ TV 2\" alt=\"GENERALSEKRET\u00c6R: Karl-Petter L\u00f8ken i NFF. Foto: Arne Rovick \/ TV 2\" width=\"675\" height=\"453\" bad-src=\"https:\/\/www.europesays.com\/no\/wp-content\/uploads\/2026\/01\/18443788.webp.jpeg\" fetchpriority=\"auto\" \/><\/p>\n<p>      GENERALSEKRET\u00c6R: Karl-Petter L\u00f8ken i NFF.<br \/>\n         Foto: Arne Rovick \/ TV 2<\/p>\n<p class=\"bold m-bold\" data-lab-font_weight=\"bold\">Bisettelsen sendes direkte p\u00e5 tv2.no fra kl. 11. Det gj\u00f8res i samr\u00e5d med familien.\u00a0\u00a0<\/p>\n<p data-lab-font_weight=\"\">\u2013 Vi er glade for at bisettelsen sendes direkte p\u00e5 NRK2, NRK TV og TV 2, slik at alle som \u00f8nsker \u00e5 ta et siste farvel, men som ikke har anledning til \u00e5 v\u00e6re i kirken, kan f\u00f8lge seremonien, skriver Bendik Hareide, \u00c5ge Hareides s\u00f8nn, i en pressemelding.\u00a0<\/p>\n<p>Etter bisettelsen vil det avholdes en privat minnestund p\u00e5 Aker Stadion.\u00a0<\/p>\n","protected":false},"excerpt":{"rendered":"\u00c5ge Hareide d\u00f8de 18. desember etter kort tids kreftsykdom. Fotballegenden ble 72 \u00e5r.\u00a0 Bisettelsen i Molde Domkirke starter&hellip;\n","protected":false},"author":2,"featured_media":131911,"comment_status":"","ping_status":"","sticky":false,"template":"","format":"standard","meta":{"footnotes":""},"categories":[5],"tags":[20,21,24,25,15,19,22,23,17,18,13,30,28,29,14,16,26,27],"class_list":{"0":"post-131957","1":"post","2":"type-post","3":"status-publish","4":"format-standard","5":"has-post-thumbnail","7":"category-overskrifter","8":"tag-breaking-news","9":"tag-breakingnews","10":"tag-featured-news","11":"tag-featurednews","12":"tag-headlines","13":"tag-hovedoppslag","14":"tag-latest-news","15":"tag-latestnews","16":"tag-main-news","17":"tag-mainnews","18":"tag-news","19":"tag-no","20":"tag-norge","21":"tag-norway","22":"tag-nyheter","23":"tag-overskrifter","24":"tag-top-stories","25":"tag-topstories"},"share_on_mastodon":{"url":"https:\/\/pubeurope.com\/@no\/115859045998085954","error":""},"_links":{"self":[{"href":"https:\/\/www.europesays.com\/no\/wp-json\/wp\/v2\/posts\/131957","targetHints":{"allow":["GET"]}}],"collection":[{"href":"https:\/\/www.europesays.com\/no\/wp-json\/wp\/v2\/posts"}],"about":[{"href":"https:\/\/www.europesays.com\/no\/wp-json\/wp\/v2\/types\/post"}],"author":[{"embeddable":true,"href":"https:\/\/www.europesays.com\/no\/wp-json\/wp\/v2\/users\/2"}],"replies":[{"embeddable":true,"href":"https:\/\/www.europesays.com\/no\/wp-json\/wp\/v2\/comments?post=131957"}],"version-history":[{"count":0,"href":"https:\/\/www.europesays.com\/no\/wp-json\/wp\/v2\/posts\/131957\/revisions"}],"wp:featuredmedia":[{"embeddable":true,"href":"https:\/\/www.europesays.com\/no\/wp-json\/wp\/v2\/media\/131911"}],"wp:attachment":[{"href":"https:\/\/www.europesays.com\/no\/wp-json\/wp\/v2\/media?parent=131957"}],"wp:term":[{"taxonomy":"category","embeddable":true,"href":"https:\/\/www.europesays.com\/no\/wp-json\/wp\/v2\/categories?post=131957"},{"taxonomy":"post_tag","embeddable":true,"href":"https:\/\/www.europesays.com\/no\/wp-json\/wp\/v2\/tags?post=131957"}],"curies":[{"name":"wp","href":"https:\/\/api.w.org\/{rel}","templated":true}]}}