{"id":131970,"date":"2026-01-08T10:54:14","date_gmt":"2026-01-08T10:54:14","guid":{"rendered":"https:\/\/www.europesays.com\/no\/131970\/"},"modified":"2026-01-08T10:54:14","modified_gmt":"2026-01-08T10:54:14","slug":"slik-ser-vegene-ut-i-dag-ostlendingen","status":"publish","type":"post","link":"https:\/\/www.europesays.com\/no\/131970\/","title":{"rendered":"Slik ser vegene ut i dag &#8211; \u00d8stlendingen"},"content":{"rendered":"<ol>\n<li><a href=\"https:\/\/news.google.com\/rss\/articles\/CBMikwFBVV95cUxPdmpSbEdnYmF5ZlotMHhxQndTbnRTYS1KVFdXZTREMVAzTmR4WHh5eDhKeFV6SjE2QkVhUGtDY2lBb0l1eGtHVW01eHQ1VlJaT1ZjWDlYUVdaVlFpNkNCWnlmSDhXNWRZSXpxa2RFNTBzbHdkYXhnU09LM2RCYVBOa2dEbmU2M2hRZkZuMWJtZDNkUkU?oc=5\" target=\"_blank\" rel=\"nofollow noopener\">Slik ser vegene ut i dag<\/a>&nbsp;&nbsp;\u00d8stlendingen<\/li>\n<li><a href=\"https:\/\/news.google.com\/rss\/articles\/CBMiX0FVX3lxTE10SzliSURrZVEzUTI5Q2JMdk51VlJyd1lwSVBpTDFmemh1ay1wY1NKQ2l4dlFfNjBibFYybFVmdUNnZGxqRkkzV3RPMmhrRTRXcDFJM2x5c3Z4Z3VqYk9r?oc=5\" target=\"_blank\" rel=\"nofollow noopener\">Nyheter, Trafikk | Slik er veiene n\u00e5<\/a>&nbsp;&nbsp;Romerikes Blad<\/li>\n<li><a href=\"https:\/\/news.google.com\/rss\/articles\/CBMic0FVX3lxTE03Y1FUWmt4aDh1Z0tzZ2xRVWJGVlo0Q09GempDRUdxMVU0MEtTQ0lFZ0xzZUluSjJTMTlaSUZkbXlwTFdwdXFDS0hycjBlRUtqblFIeWdMVzBkNjNtajZKWWdHVzJzSkRXT0RLVzBfNnhwcXM?oc=5\" target=\"_blank\" rel=\"nofollow noopener\">Br\u00f8drene Hansen Maskindrift, Sn\u00f8rydding | \u2013 Det blir nok en lang natt<\/a>&nbsp;&nbsp;Halden Arbeiderblad<\/li>\n<li><a href=\"https:\/\/news.google.com\/rss\/articles\/CBMi4wFBVV95cUxQRFBaMGhBYWtJSUhwZ0FucUhzNkx6ODZDenRuVUJybGRFRklqWlFQNzhYUWRFN3lBaDkzdTYwNTRyWGNTYjVPb2FHcTBMSkdNQ1NpanBFUkNzY3ZkU0xpRFA0cGJhZ3VxTkF6UUFWcU81N3FOb2E4NUVsWU1XbDN4WmJvd210clJwZmdBUEE4aG5xTVZ0a2JMOWhIcHFEZHA5S3YxSmgtV2NfUkNqakxlZ3piN2hQR3A1ZDl3bmp6WE5ZV1lWMVYzTTVBQ0VzZmhrLS1TVWdLbFF0SkFvMmx3cFVVdw?oc=5\" target=\"_blank\" rel=\"nofollow noopener\">God flyt langs veiene p\u00e5 \u00d8stlandet tross sn\u00f8v\u00e6r \u2013 men folk bes stadig beregne ekstra tid til jobb<\/a>&nbsp;&nbsp;adressa.no<\/li>\n<li><a href=\"https:\/\/news.google.com\/rss\/articles\/CBMilwFBVV95cUxPcEt1cjJVaXdmWVBrYnMzSXRnU1dmREJmVnlWYTJwa2JlMU1IVThXbEk4eHZxS1hNU2RlVnNKR0xzb19XdTh2ejAtNUdvWXdkbWRfbWY1VHgyYXlvZU43aTBTV055Uk5sdWk0YUF6ZHdvMjJLVG1FTEpySVFkeG8xd2ZTVW04aGRvbU1iZ0g3cldVZlUyeXNZ?oc=5\" target=\"_blank\" rel=\"nofollow noopener\">\u00d8stlandet v\u00e5kner til sn\u00f8 \u2013 Saltet biter ikke p\u00e5 veiene \u2013 Siste nytt<\/a>&nbsp;&nbsp;NRK<\/li>\n<\/ol>\n","protected":false},"excerpt":{"rendered":"Slik ser vegene ut i dag&nbsp;&nbsp;\u00d8stlendingen Nyheter, Trafikk | Slik er veiene n\u00e5&nbsp;&nbsp;Romerikes Blad Br\u00f8drene Hansen Maskindrift, Sn\u00f8rydding&hellip;\n","protected":false},"author":2,"featured_media":131971,"comment_status":"","ping_status":"","sticky":false,"template":"","format":"standard","meta":{"footnotes":""},"categories":[10],"tags":[20,21,24,25,15,22,23,13,30,28,29,14,16,26,27],"class_list":{"0":"post-131970","1":"post","2":"type-post","3":"status-publish","4":"format-standard","5":"has-post-thumbnail","7":"category-norge","8":"tag-breaking-news","9":"tag-breakingnews","10":"tag-featured-news","11":"tag-featurednews","12":"tag-headlines","13":"tag-latest-news","14":"tag-latestnews","15":"tag-news","16":"tag-no","17":"tag-norge","18":"tag-norway","19":"tag-nyheter","20":"tag-overskrifter","21":"tag-top-stories","22":"tag-topstories"},"share_on_mastodon":{"url":"https:\/\/pubeurope.com\/@no\/115859112907042503","error":""},"_links":{"self":[{"href":"https:\/\/www.europesays.com\/no\/wp-json\/wp\/v2\/posts\/131970","targetHints":{"allow":["GET"]}}],"collection":[{"href":"https:\/\/www.europesays.com\/no\/wp-json\/wp\/v2\/posts"}],"about":[{"href":"https:\/\/www.europesays.com\/no\/wp-json\/wp\/v2\/types\/post"}],"author":[{"embeddable":true,"href":"https:\/\/www.europesays.com\/no\/wp-json\/wp\/v2\/users\/2"}],"replies":[{"embeddable":true,"href":"https:\/\/www.europesays.com\/no\/wp-json\/wp\/v2\/comments?post=131970"}],"version-history":[{"count":0,"href":"https:\/\/www.europesays.com\/no\/wp-json\/wp\/v2\/posts\/131970\/revisions"}],"wp:featuredmedia":[{"embeddable":true,"href":"https:\/\/www.europesays.com\/no\/wp-json\/wp\/v2\/media\/131971"}],"wp:attachment":[{"href":"https:\/\/www.europesays.com\/no\/wp-json\/wp\/v2\/media?parent=131970"}],"wp:term":[{"taxonomy":"category","embeddable":true,"href":"https:\/\/www.europesays.com\/no\/wp-json\/wp\/v2\/categories?post=131970"},{"taxonomy":"post_tag","embeddable":true,"href":"https:\/\/www.europesays.com\/no\/wp-json\/wp\/v2\/tags?post=131970"}],"curies":[{"name":"wp","href":"https:\/\/api.w.org\/{rel}","templated":true}]}}