{"id":131974,"date":"2026-01-08T11:01:16","date_gmt":"2026-01-08T11:01:16","guid":{"rendered":"https:\/\/www.europesays.com\/no\/131974\/"},"modified":"2026-01-08T11:01:16","modified_gmt":"2026-01-08T11:01:16","slug":"bolig-husleie-grenland-med-hoyest-prisvekst-i-landet-det-er-noen-som-tror-de-sitter-pa-gull-telemarksavisa","status":"publish","type":"post","link":"https:\/\/www.europesays.com\/no\/131974\/","title":{"rendered":"Bolig, Husleie | Grenland med h\u00f8yest prisvekst i landet: \u2013 Det er noen som tror de sitter p\u00e5 gull &#8211; Telemarksavisa"},"content":{"rendered":"<ol>\n<li><a href=\"https:\/\/news.google.com\/rss\/articles\/CBMirwFBVV95cUxNRlRrWWJrR05wX29TTHdTVFNlZXFSOVQwMjdJQnZwRXM2SHpfYVZIam85c2Z6SzBUaDhRZGZ1QVFwM3ZEQWk5Z0tkejZidkhfVWV2Rk1Fd2E1SENaQmdXY1VBanlBd2dnTkx5QmVSSy1pdFlKcGp6ZjNfTXlwWlBvTHFrblItOXFST3FETTYzMzNuVG8yYmNGNVNpS1dvSUl4MnJjSUoxaTlNTVdDRnNB?oc=5\" target=\"_blank\" rel=\"nofollow noopener\">Bolig, Husleie | Grenland med h\u00f8yest prisvekst i landet: \u2013 Det er noen som tror de sitter p\u00e5 gull<\/a>&nbsp;&nbsp;Telemarksavisa<\/li>\n<li><a href=\"https:\/\/news.google.com\/rss\/articles\/CBMiogFBVV95cUxQT1N4dG5YaWNIRkpmOUszajk2eEk2Vnl1clM3bXItVlByTGxzeUgtRnJXd0xfMzJoZGVZQ3NwYURMdWl6VkVqbmV3RkhnbE5aMFctMHRjU2xQVlhYb2JsUXZPY3B1Y2JIZjZBelRiRWhaQWpMTnBTNGFnWk9yM0tKdmJ1STl3Q3JLc2RuaTdZaDhOZHZIVGhFd0cwLWRCSG1SVVE?oc=5\" target=\"_blank\" rel=\"nofollow noopener\">Leieprissjokk: Nesten 20.000 kroner i m\u00e5neden for Oslo-leilighet<\/a>&nbsp;&nbsp;NRK<\/li>\n<li><a href=\"https:\/\/news.google.com\/rss\/articles\/CBMif0FVX3lxTFBqc1k4TDhKaVpTWDE5dkxwekFucUc5MVJ3WFNCUm83WGdDRG9HekRZNEFpdXpBVUdKMDh2LVpMREg1UWtDNzlra3pfWVBSUy01MS1HTUlyZ0ZFUEpkLW1keWRqbC1CZjlfOTd2RTFqV1ZBUi13Q1dtNlFKOVJLd2s?oc=5\" target=\"_blank\" rel=\"nofollow noopener\">Urovekkende tall: \u2013 Renten m\u00e5 settes ned<\/a>&nbsp;&nbsp;TV2.no<\/li>\n<li><a href=\"https:\/\/news.google.com\/rss\/articles\/CBMinwFBVV95cUxNcXVJQzZnR3hkZ0g2XzNMTzhtRmtQTlNNOEhLOWJrejBLTEVqVl83QVVxaHlPOHd0YWY0RF9WdUtNZ3AtNkFwemxZemJGYkM3M0FlTTFsaUNheE93MUF1eHVaWXhVdmpaYjJzOTFpcEVMNDhGU3RmbTlmMWFMRDN4eFhVbHZPbnpyX3NPMWpBM3htanM1eE1VMUwtem5heUk?oc=5\" target=\"_blank\" rel=\"nofollow noopener\">Nesten tosifret vekst i leieprisene: \u2013 Utfordringer hvis man f\u00e5r for sterk vekst<\/a>&nbsp;&nbsp;Stavanger Aftenblad<\/li>\n<li><a href=\"https:\/\/news.google.com\/rss\/articles\/CBMiswFBVV95cUxOMlVERFRqRGM0eGYwdlotMFpIREtRNVF2V2dYM3NrWnBxQURaNVkyTU8xd0p5dVI4OTRaRHk5TDBSVVg0ckFCRDE1MDdZUlVlMWJla0J3aU9GVmg2RUEyZ3RVRkZXZzJGMlIyU0dxd3VZWTZsd2dRM3NfUUp0NC1MdE9NUVJWVzNIU3c4WkxLdFUzQlBFQzgxalBvUVR4Y1diUFo2RFZLMTFzS3o3cUdfMngyNA?oc=5\" target=\"_blank\" rel=\"nofollow noopener\">Bolig, Husleieindeksen | Prisene er h\u00f8yere enn noen gang f\u00f8r. Brian (32) m\u00e5tte flytte hjem: \u2013 Veldig kjipt<\/a>&nbsp;&nbsp;Nidaros<\/li>\n<\/ol>\n","protected":false},"excerpt":{"rendered":"Bolig, Husleie | Grenland med h\u00f8yest prisvekst i landet: \u2013 Det er noen som tror de sitter p\u00e5&hellip;\n","protected":false},"author":2,"featured_media":131975,"comment_status":"","ping_status":"","sticky":false,"template":"","format":"standard","meta":{"footnotes":""},"categories":[10],"tags":[20,21,24,25,15,22,23,13,30,28,29,14,16,26,27],"class_list":{"0":"post-131974","1":"post","2":"type-post","3":"status-publish","4":"format-standard","5":"has-post-thumbnail","7":"category-norge","8":"tag-breaking-news","9":"tag-breakingnews","10":"tag-featured-news","11":"tag-featurednews","12":"tag-headlines","13":"tag-latest-news","14":"tag-latestnews","15":"tag-news","16":"tag-no","17":"tag-norge","18":"tag-norway","19":"tag-nyheter","20":"tag-overskrifter","21":"tag-top-stories","22":"tag-topstories"},"share_on_mastodon":{"url":"https:\/\/pubeurope.com\/@no\/115859140511354519","error":""},"_links":{"self":[{"href":"https:\/\/www.europesays.com\/no\/wp-json\/wp\/v2\/posts\/131974","targetHints":{"allow":["GET"]}}],"collection":[{"href":"https:\/\/www.europesays.com\/no\/wp-json\/wp\/v2\/posts"}],"about":[{"href":"https:\/\/www.europesays.com\/no\/wp-json\/wp\/v2\/types\/post"}],"author":[{"embeddable":true,"href":"https:\/\/www.europesays.com\/no\/wp-json\/wp\/v2\/users\/2"}],"replies":[{"embeddable":true,"href":"https:\/\/www.europesays.com\/no\/wp-json\/wp\/v2\/comments?post=131974"}],"version-history":[{"count":0,"href":"https:\/\/www.europesays.com\/no\/wp-json\/wp\/v2\/posts\/131974\/revisions"}],"wp:featuredmedia":[{"embeddable":true,"href":"https:\/\/www.europesays.com\/no\/wp-json\/wp\/v2\/media\/131975"}],"wp:attachment":[{"href":"https:\/\/www.europesays.com\/no\/wp-json\/wp\/v2\/media?parent=131974"}],"wp:term":[{"taxonomy":"category","embeddable":true,"href":"https:\/\/www.europesays.com\/no\/wp-json\/wp\/v2\/categories?post=131974"},{"taxonomy":"post_tag","embeddable":true,"href":"https:\/\/www.europesays.com\/no\/wp-json\/wp\/v2\/tags?post=131974"}],"curies":[{"name":"wp","href":"https:\/\/api.w.org\/{rel}","templated":true}]}}