{"id":131976,"date":"2026-01-08T11:02:10","date_gmt":"2026-01-08T11:02:10","guid":{"rendered":"https:\/\/www.europesays.com\/no\/131976\/"},"modified":"2026-01-08T11:02:10","modified_gmt":"2026-01-08T11:02:10","slug":"grat-for-sivert-guttorm-bakken-for-sprinten","status":"publish","type":"post","link":"https:\/\/www.europesays.com\/no\/131976\/","title":{"rendered":"Gr\u00e5t for Sivert Guttorm Bakken f\u00f8r sprinten"},"content":{"rendered":"\n<p class=\"_lead_o9xde_2 _lead_xtcu6_50 layout-component text-serif-m layout-normal text-serif-l layout-component layout-wide layout-padded _wide_17hqh_1 layout-padded\">Hele skiskyttermilj\u00f8et hedret Sivert Guttorm Bakken (27) i et f\u00f8lelsesladd minutt f\u00f8r sprinten torsdag. Tidligere konkurrenter og lagkamerater knakk sammen i gr\u00e5t. <\/p>\n<p><img alt=\"HYLLET: Sivert Guttom Bakken p\u00e5 plakat i Oberhof.  Foto: Hendrik Schmidt \/ AP \/ NTB\" class=\"_image_qp4xg_65 layout-component layout-wide\" data-fullscreen- data-track-element-type=\"Article image fullscreen\" data-track-name=\"ImageFullscreen\" fetchpriority=\"high\" decoding=\"sync\" loading=\"eager\" height=\"2943\" itemprop=\"image\"  src=\"https:\/\/www.europesays.com\/no\/wp-content\/uploads\/2026\/01\/4ec42f5f-602d-4769-a447-0f03bd559b39.jpeg\"  style=\"object-position:0% 0%\" width=\"4968\"\/>HYLLET: Sivert Guttom Bakken p\u00e5 plakat i Oberhof.  Foto: Hendrik Schmidt \/ AP \/ NTB<\/p>\n<ul aria-hidden=\"true\" class=\"_images_ntbth_112\">\n<li><a class=\"_link_ntbth_117\" href=\"https:\/\/www.vg.no\/forfatter\/jens-friberg\" style=\"z-index:2\" title=\"Jens Friberg\" rel=\"nofollow noopener\" target=\"_blank\"><img alt=\"Bilde av Jens Friberg\" class=\"_image_ntbth_93\" fetchpriority=\"low\" loading=\"lazy\" decoding=\"async\" itemprop=\"image\"  src=\"https:\/\/www.europesays.com\/no\/wp-content\/uploads\/2026\/01\/d5a4433c-4b68-4c86-a3bf-a19d98457272.jpeg\"  width=\"480\"\/><\/a><\/li>\n<li><a class=\"_link_ntbth_117\" href=\"https:\/\/www.vg.no\/forfatter\/camilla-vesteng\" style=\"z-index:1\" title=\"Camilla Vesteng\" rel=\"nofollow noopener\" target=\"_blank\"><img alt=\"Bilde av Camilla Vesteng\" class=\"_image_ntbth_93\" fetchpriority=\"low\" loading=\"lazy\" decoding=\"async\" itemprop=\"image\"  src=\"https:\/\/www.europesays.com\/no\/wp-content\/uploads\/2026\/01\/ab49df32-fc16-44e1-a56a-ce5ad5bd90d2.jpeg\"  width=\"480\"\/><\/a><\/li>\n<\/ul>\n<p>p\u00e5 stadion i Oberhof Oppdatert torsdag 8. januar kl. 12:00     <\/p>\n<p class=\"_paragraph_o9xde_4 _paragraph_xtcu6_10 layout-component text-serif-m layout-normal text-serif-m layout-padded\">Med tykk t\u00e5ke som ramme, 17 dager etter Bakkens bortgang, ble 27-\u00e5ringen hedret med startnummer, en tom plass og applaus i Oberhof torsdag formiddag. <\/p>\n<p class=\"_paragraph_o9xde_4 _paragraph_xtcu6_10 layout-component text-serif-m layout-normal text-serif-m layout-padded\">\u2013 Jeg gruer meg noe j\u00e6vlig. Det blir fint, men vanskelig, sa Vetle Sj\u00e5stad Christiansen til TV 2 f\u00f8r start. <\/p>\n<p><img alt=\"SORG: Tidligere konkurrenter og lagkamerater s\u00f8rger over tapet av Sivert Guttorm Bakken.  Johannes Dale-Skjevdal, Vetle Sj\u00e5stad Christiansen og Tommaso Giacomel   knakk sammen.   Foto: Jens Friberg\/VG\" class=\"_image_qp4xg_65 layout-component layout-normal\" data-fullscreen- data-track-element-type=\"Article image fullscreen\" data-track-name=\"ImageFullscreen\" decoding=\"async\" loading=\"lazy\" height=\"363\" itemprop=\"image\"  src=\"https:\/\/www.europesays.com\/no\/wp-content\/uploads\/2026\/01\/ad84b845-0e19-44b4-827e-346d361fec74.jpeg\"  style=\"object-position:0% 0%\" width=\"438\"\/>SORG: Tidligere konkurrenter og lagkamerater s\u00f8rger over tapet av Sivert Guttorm Bakken.  Johannes Dale-Skjevdal, Vetle Sj\u00e5stad Christiansen og Tommaso Giacomel   knakk sammen.   Foto: Jens Friberg\/VG<\/p>\n<p class=\"_paragraph_o9xde_4 _paragraph_xtcu6_10 layout-component text-serif-m layout-normal text-serif-m layout-padded\">Et stort bilde av Bakken i sorthvitt var satt opp p\u00e5 stadion. <\/p>\n<p class=\"_paragraph_o9xde_4 _paragraph_xtcu6_10 layout-component text-serif-m layout-normal text-serif-m layout-padded\"><strong class=\"_strong_o9xde_25\">De norske l\u00f8perne hadde p\u00e5 seg s\u00f8rgebind. De sto side om side ved startstreken, sammen med sine utenlandske konkurrenter. <\/strong><\/p>\n<p class=\"_paragraph_o9xde_4 _paragraph_xtcu6_10 layout-component text-serif-m layout-normal text-serif-m layout-padded\">L\u00f8perne holdt rundt hverandre og klemte f\u00f8r start. Johannes Dale-Skjevdal, Vetle Sj\u00e5stad Christiansen og Tommaso Giacomel holdt startnummeret til Bakken, og knakk sammen f\u00f8r start. <\/p>\n<p><img alt=\"MED S\u00d8RGEBIND: Johannes Dale-Skjevdal p\u00e5 innskyting torsdag.   Foto: Hendrik Schmidt \/ AP \/ NTB\" class=\"_image_qp4xg_65 layout-component layout-normal\" data-fullscreen- data-track-element-type=\"Article image fullscreen\" data-track-name=\"ImageFullscreen\" decoding=\"async\" loading=\"lazy\" height=\"3456\" itemprop=\"image\"  src=\"https:\/\/www.europesays.com\/no\/wp-content\/uploads\/2026\/01\/3a1a1b7e-550b-4eaf-8510-eb0d471bd52b.png\"  style=\"object-position:0% 0%\" width=\"5144\"\/>MED S\u00d8RGEBIND: Johannes Dale-Skjevdal p\u00e5 innskyting torsdag.   Foto: Hendrik Schmidt \/ AP \/ NTB<\/p>\n<p class=\"_paragraph_o9xde_4 _paragraph_xtcu6_10 layout-component text-serif-m layout-normal text-serif-m layout-padded\">Publikum og ut\u00f8vere klappet rolig i respekt. <\/p>\n<p class=\"_paragraph_o9xde_4 _paragraph_xtcu6_10 layout-component text-serif-m layout-normal text-serif-m layout-padded\">\u2013 Jeg aner ikke hvordan \u00f8yeblikket blir. Det blir veldig spesielt, sier Martin Uldal til TV 2 f\u00f8r start. <\/p>\n<p><img alt=\"P\u00c5 PLASS I OBERHOF: Martin Uldal skal g\u00e5 sprint torsdag. Her fra et tidligere renn.   Foto: Bj\u00f6rn Larsson Rosvall\/TT \/ TT Nyhetsbyr\u00e5n \/ NTB\" class=\"_image_qp4xg_65 layout-component layout-normal\" data-fullscreen- data-track-element-type=\"Article image fullscreen\" data-track-name=\"ImageFullscreen\" decoding=\"async\" loading=\"lazy\" height=\"3744\" itemprop=\"image\"  src=\"https:\/\/www.europesays.com\/no\/wp-content\/uploads\/2026\/01\/f98a01db-e2a2-446f-8d4b-40d83fbf10ae.png\"  style=\"object-position:0% 0%\" width=\"5616\"\/>P\u00c5 PLASS I OBERHOF: Martin Uldal skal g\u00e5 sprint torsdag. Her fra et tidligere renn.   Foto: Bj\u00f6rn Larsson Rosvall\/TT \/ TT Nyhetsbyr\u00e5n \/ NTB<\/p>\n<p class=\"_paragraph_o9xde_4 _paragraph_xtcu6_10 layout-component text-serif-m layout-normal text-serif-m layout-padded\">Det ble vist en video av Bakken p\u00e5 stadion. Det bl\u00e5ste godt med solid kraft i kastene i Oberhof. <\/p>\n<p class=\"_paragraph_o9xde_4 _paragraph_xtcu6_10 layout-component text-serif-m layout-normal text-serif-m layout-padded\">\u00abEtter hans tragiske bortgang 23. desember vil skiskytterfamilien hylle<a href=\"https:\/\/www.vg.no\/tag\/sivert-guttorm-bakken?utm_source=vg-article&amp;utm_medium=auto-tagger&amp;utm_campaign=9pv9a5\" class=\"_link_o9xde_39\" rel=\"nofollow noopener\" target=\"_blank\"> Sivert Guttorm Bakken<\/a> f\u00f8r herresprinten p\u00e5 torsdag\u00bb, skrev det Internasjonale skiskytterforbundet i en pressemelding denne uken. <\/p>\n<p class=\"_paragraph_o9xde_4 _paragraph_xtcu6_10 layout-component text-serif-m layout-normal text-serif-m layout-padded\"><strong class=\"_strong_o9xde_25\">\u2013 Det er litt vanskelig \u00e5 kjenne hva man f\u00f8ler. Det er trist. Det er mye forskjellig, sier Uldal til TV 2 foran rennet.<\/strong><\/p>\n<p><img alt=\"S\u00d8RGEBIND: Tommaso Giacomel under sprinten i Oberhof torsdag.   Foto: FILIP SINGER \/ EPA \/ NTB\" class=\"_image_qp4xg_65 layout-component layout-normal\" data-fullscreen- data-track-element-type=\"Article image fullscreen\" data-track-name=\"ImageFullscreen\" decoding=\"async\" loading=\"lazy\" height=\"3413\" itemprop=\"image\"  src=\"https:\/\/www.europesays.com\/no\/wp-content\/uploads\/2026\/01\/b5f45287-c5c5-42a0-a818-39bf20a535f1.png\"  style=\"object-position:0% 0%\" width=\"5119\"\/>S\u00d8RGEBIND: Tommaso Giacomel under sprinten i Oberhof torsdag.   Foto: FILIP SINGER \/ EPA \/ NTB<\/p>\n<p class=\"_paragraph_o9xde_4 _paragraph_xtcu6_10 layout-component text-serif-m layout-normal text-serif-m layout-padded\">Skiskytterforbundets generalsekret\u00e6r Emilie Nordskar opplyste at Bakken ville f\u00e5 startnummer 1, og at nummer 2 dermed blir den f\u00f8rste startende.<\/p>\n<p class=\"_paragraph_o9xde_4 _paragraph_xtcu6_10 layout-component text-serif-m layout-normal text-serif-m layout-padded\">Videre blir det ogs\u00e5 ett minutts applaus.<\/p>\n<p class=\"_paragraph_o9xde_4 _paragraph_xtcu6_10 layout-component text-serif-m layout-normal text-serif-m layout-padded\"><a href=\"https:\/\/www.vg.no\/sport\/i\/vrQ6q4\/skiskytter-funnet-doed\" data-track-element-type=\"Link\" data-track-id=\"link:vrQ6q4\" class=\"_link_o9xde_39\" rel=\"nofollow noopener\" target=\"_blank\">Sivert Guttorm Bakken ble funnet d\u00f8d<\/a> p\u00e5 sitt hotellrom i Lavaz\u00e9 i Italia lille julaften. D\u00f8ds\u00e5rsaken er ikke kjent. Bakken ble 27 \u00e5r.<\/p>\n<p class=\"_paragraph_o9xde_4 _paragraph_xtcu6_10 layout-component text-serif-m layout-normal text-serif-m layout-padded\">Johan-Olav Botn og Sturla Holm L\u00e6greid har meldt forfall til rennet p\u00e5 grunn av sykdom. <\/p>\n<p class=\"_paragraph_o9xde_4 _paragraph_xtcu6_10 layout-component text-serif-m layout-normal layout-padded\"><a href=\"https:\/\/www.vg.no\/sport\/i\/rrAq5R\/johan-olav-botn-kjoepte-samme-hoeydeutstyr-som-sivert-bakken-foer-doedsfallet\" data-track-element-type=\"Link\" data-track-id=\"link:rrAq5R\" class=\"_link_o9xde_39\" rel=\"nofollow noopener\" target=\"_blank\">Botn kj\u00f8pte samme h\u00f8ydeutstyr som Sivert Bakken f\u00f8r d\u00f8dsfallet<\/a><\/p>\n","protected":false},"excerpt":{"rendered":"Hele skiskyttermilj\u00f8et hedret Sivert Guttorm Bakken (27) i et f\u00f8lelsesladd minutt f\u00f8r sprinten torsdag. Tidligere konkurrenter og lagkamerater&hellip;\n","protected":false},"author":2,"featured_media":131977,"comment_status":"","ping_status":"","sticky":false,"template":"","format":"standard","meta":{"footnotes":""},"categories":[5],"tags":[20,21,24,25,15,19,22,23,17,18,13,30,28,29,14,16,13042,769,26,27,399],"class_list":{"0":"post-131976","1":"post","2":"type-post","3":"status-publish","4":"format-standard","5":"has-post-thumbnail","7":"category-overskrifter","8":"tag-breaking-news","9":"tag-breakingnews","10":"tag-featured-news","11":"tag-featurednews","12":"tag-headlines","13":"tag-hovedoppslag","14":"tag-latest-news","15":"tag-latestnews","16":"tag-main-news","17":"tag-mainnews","18":"tag-news","19":"tag-no","20":"tag-norge","21":"tag-norway","22":"tag-nyheter","23":"tag-overskrifter","24":"tag-sivert-guttorm-bakken","25":"tag-skiskyting","26":"tag-top-stories","27":"tag-topstories","28":"tag-vintersport"},"share_on_mastodon":{"url":"https:\/\/pubeurope.com\/@no\/115859144322576839","error":""},"_links":{"self":[{"href":"https:\/\/www.europesays.com\/no\/wp-json\/wp\/v2\/posts\/131976","targetHints":{"allow":["GET"]}}],"collection":[{"href":"https:\/\/www.europesays.com\/no\/wp-json\/wp\/v2\/posts"}],"about":[{"href":"https:\/\/www.europesays.com\/no\/wp-json\/wp\/v2\/types\/post"}],"author":[{"embeddable":true,"href":"https:\/\/www.europesays.com\/no\/wp-json\/wp\/v2\/users\/2"}],"replies":[{"embeddable":true,"href":"https:\/\/www.europesays.com\/no\/wp-json\/wp\/v2\/comments?post=131976"}],"version-history":[{"count":0,"href":"https:\/\/www.europesays.com\/no\/wp-json\/wp\/v2\/posts\/131976\/revisions"}],"wp:featuredmedia":[{"embeddable":true,"href":"https:\/\/www.europesays.com\/no\/wp-json\/wp\/v2\/media\/131977"}],"wp:attachment":[{"href":"https:\/\/www.europesays.com\/no\/wp-json\/wp\/v2\/media?parent=131976"}],"wp:term":[{"taxonomy":"category","embeddable":true,"href":"https:\/\/www.europesays.com\/no\/wp-json\/wp\/v2\/categories?post=131976"},{"taxonomy":"post_tag","embeddable":true,"href":"https:\/\/www.europesays.com\/no\/wp-json\/wp\/v2\/tags?post=131976"}],"curies":[{"name":"wp","href":"https:\/\/api.w.org\/{rel}","templated":true}]}}