{"id":131980,"date":"2026-01-08T11:07:10","date_gmt":"2026-01-08T11:07:10","guid":{"rendered":"https:\/\/www.europesays.com\/no\/131980\/"},"modified":"2026-01-08T11:07:10","modified_gmt":"2026-01-08T11:07:10","slug":"fem-grep-som-kan-sikre-trump-gronland-e24","status":"publish","type":"post","link":"https:\/\/www.europesays.com\/no\/131980\/","title":{"rendered":"Fem grep som kan sikre Trump Gr\u00f8nland \u2013 E24"},"content":{"rendered":"<p class=\"fullWidthDesktop hyperion-css-71ztg2\" data-test-tag=\"lead-text\">Kj\u00f8p, avtaler, press eller maktbruk. \u2013 Det er ikke grenser for hvor mange muligheter man kan snakke om, sier tidligere toppdiplomat. <\/p>\n<p><img decoding=\"async\" class=\"image-asset hyperion-css-u06ts1\" data-test-tag=\"image-asset\" src=\"https:\/\/www.europesays.com\/no\/wp-content\/uploads\/2026\/01\/de102012-a8fd-49f3-b7f5-0ebbef818a22.jpeg\"  alt=\"Gr\u00f8nland er igjen p\u00e5 alles lepper etter at Donald Trump har sagt at han trenger \u00f8yen. \"  loading=\"eager\" fetchpriority=\"high\" style=\"aspect-ratio:1900 \/ 1267\"\/>Gr\u00f8nland er igjen p\u00e5 alles lepper etter at Donald Trump har sagt at han trenger \u00f8yen. Foto: ODD ANDERSEN \/ AFP \/ NTBPublisert: Publisert: <\/p>\n<p>For mindre enn 20 minutter siden<\/p>\n<p>Kortversjonen<\/p>\n<ul class=\"hyperion-css-pkq1ci\" data-test-tag=\"list\">\n<li class=\"hyperion-css-12h2ush\">Trump vil ha kontroll over Gr\u00f8nland og utelukker ikke bruk av milit\u00e6rmakt for \u00e5 n\u00e5 m\u00e5let.<\/li>\n<li class=\"hyperion-css-12h2ush\">USA vurderer alt fra \u00e5 kj\u00f8pe \u00f8ya, f\u00e5 til nye avtaler, p\u00e5virkningskampanjer og legge press p\u00e5 Europa.<\/li>\n<li class=\"hyperion-css-12h2ush\">Toppdiplomat mener Europa har f\u00e5 virkemidler \u00e5 ta i bruk overfor USA. <\/li>\n<\/ul>\n<p class=\"hyperion-css-10lbhat\">Oppsummeringen er laget av AI-verkt\u00f8yet ChatGPT og kvalitetssikret av E24s journalister<\/p>\n<p>Vis mer <\/p>\n<ul class=\"hyperion-css-pte5x0\">\n<li aria-label=\"link\" class=\"narrow-button hyperion-css-1sz7d3n\">Kopier lenke<\/li>\n<li aria-label=\"link\" class=\"wide-button hyperion-css-1sz7d3n\">Kopier lenke<\/li>\n<li aria-label=\"facebook\" class=\"narrow-button hyperion-css-1sz7d3n\">Del p\u00e5 Facebook<\/li>\n<li aria-label=\"facebook\" class=\"wide-button hyperion-css-1sz7d3n\">Del p\u00e5 Facebook<\/li>\n<li aria-label=\"email\" class=\"narrow-button hyperion-css-1sz7d3n\">Del med e-post<\/li>\n<li aria-label=\"email\" class=\"wide-button hyperion-css-1sz7d3n\">Del med e-post<\/li>\n<\/ul>\n<p class=\"hyperion-css-1lemvax\">Trumps interesse for Gr\u00f8nland har f\u00e5tt fornyet oppmerksomhet etter USAs milit\u00e6re aksjon i Venezuela. I flere intervjuer har Trump uttalt at USA \u00abtrenger\u00bb den arktiske \u00f8ya \u2013 og at han ikke utelukker bruk av milit\u00e6rmakt.<\/p>\n<p class=\"hyperion-css-1lemvax\">Tirsdag bekreftet Det hvite hus at administrasjonen vurderer \u00abflere ulike alternativer\u00bb for \u00e5 n\u00e5 det som omtales som et sentralt utenrikspolitisk m\u00e5l. <\/p>\n<p class=\"hyperion-css-1lemvax\">S\u00e5 hvilke andre strategier kan USA ta i bruk for \u00e5 f\u00e5 kontroll over Gr\u00f8nland?<\/p>\n<p class=\"hyperion-css-1lemvax\">\u2013 Det er ikke grenser for hvor mange muligheter man kan snakke om, sier den tidligere toppdiplomaten K\u00e5re Aas til E24. <\/p>\n<p class=\"hyperion-css-1lemvax\">\u2013 Det er det som er farlig med denne Trump-administrasjonen, de er troende til det meste, sier han.<\/p>\n<p><a data-test-tag=\"teaser-small:link-internal\" href=\"https:\/\/e24.no\/internasjonal-oekonomi\/i\/XMg14n\/en-ny-konsensus-etter-nyliberalismen\" class=\"imagePosition-top inline hyperion-css-6238vu\" rel=\"nofollow noopener\" target=\"\" aria-label=\"En ny konsensus etter nyliberalismen\"><\/p>\n<p>Les p\u00e5 E24+<\/p>\n<p>En ny konsensus etter nyliberalismen<\/p>\n<p><\/a><\/p>\n<p class=\"hyperion-css-1lemvax\">Aas har tidligere v\u00e6rt Norges ambassad\u00f8r til Israel, Afghanistan og USA \u2013 senest under Trumps f\u00f8rste presidentperiode \u2013 og er i dag strategisk r\u00e5dgiver i kommunikasjonsselskapet Kruse Larsen.<\/p>\n<p>1. Kj\u00f8pe Gr\u00f8nland <\/p>\n<p class=\"hyperion-css-1lemvax\">En av de mindre konfronterende \u2013 men fortsatt kontroversielle \u2013 mulighetene USA vurderer er \u00e5 kj\u00f8pe Gr\u00f8nland. Mandag uttalte utenriksminister Marco Rubio at Trump \u00f8nsker \u00e5 kj\u00f8pe \u00f8ya, ikke invadere den, skriver <a aria-label=\"New York Times\" class=\"default hyperion-css-1rezu2g\" href=\"https:\/\/www.nytimes.com\/2026\/01\/06\/us\/politics\/rubio-trump-greenland.html\" rel=\"noopener nofollow noreferrer\" data-test-tag=\"external-link\" target=\"_blank\">New York Times<\/a>. <\/p>\n<p class=\"hyperion-css-1lemvax\">K\u00e5re Aas sammenligner det med da Russland solgte Alaska til USA i 1867 for 7,2 millioner dollar. F\u00f8rst i 1959 ble Alaska en amerikansk delstat. <\/p>\n<p class=\"hyperion-css-1lemvax\">\u2013 Hvem er det da som vil f\u00e5 pengene?<\/p>\n<p class=\"hyperion-css-1lemvax\">\u2013 F\u00f8rst m\u00e5 man ha en som selger, og Gr\u00f8nland vil ikke selge. Og det er jo potensielt bare en kj\u00f8per. At Gr\u00f8nland skulle bli solgt virker helt uvirkelig. Skulle det skje vil kj\u00f8pesummen m\u00e5tte g\u00e5 til danske myndigheter, og s\u00e5 m\u00e5 de finne ut hvordan de skal dele den summen, sier Aas. <\/p>\n<p class=\"hyperion-css-1lemvax\"><strong>\u2013 En mulighet er jo \u00e5 tilby en pris, og deretter sette makt bak kravet. Hvis dere ikke selger det, s\u00e5 tar vi det. <\/strong><\/p>\n<p><img decoding=\"async\" class=\"image-asset hyperion-css-n6kkq1\" data-test-tag=\"image-asset\" src=\"https:\/\/www.europesays.com\/no\/wp-content\/uploads\/2026\/01\/5548639e-c1b9-4011-b455-0e14f116727c.jpeg\"  alt=\"\"  fetchpriority=\"auto\" style=\"aspect-ratio:1900 \/ 1268\"\/>K\u00e5re Aas<\/p>\n<p class=\"hyperion-css-1lemvax\">Tidligere toppdiplomat og Norges ambassad\u00f8r til USA<\/p>\n<p>2. Sikre en avtale<\/p>\n<p class=\"hyperion-css-1lemvax\">Siden mai i fjor har det v\u00e6rt snakk om at Trump-administrasjonen \u00f8nsker \u00e5 inng\u00e5 en fri assosiasjonsavtale, en s\u00e5kalt COFA, med Gr\u00f8nland. Det skriver en rekke internasjonale medier, blant annet <a aria-label=\"The Economist\" class=\"default hyperion-css-1rezu2g\" href=\"https:\/\/www.economist.com\/the-americas\/2026\/01\/05\/the-white-house-weighs-how-to-acquire-greenland?giftId=YmJiNTE4MjQtZjc0ZS00MjJjLWFmNTYtMTczMTI3YmNjOWJk&amp;utm_campaign=gifted_article\" rel=\"noopener nofollow noreferrer\" data-test-tag=\"external-link\" target=\"_blank\">The Economist<\/a>. <\/p>\n<p class=\"hyperion-css-1lemvax\">USA har slike avtaler med blant annet Marshall\u00f8yene og Palau, to \u00f8ystater i Stillehavet. Avtalene inneb\u00e6rer at USA tilbyr grunnleggende tjenester, sikkerhetsgarantier og frihandel, mot at amerikanske milit\u00e6re styrker kan operere uten begrensninger p\u00e5 disse landenes territorium.<\/p>\n<p class=\"hyperion-css-1lemvax\">Iver B. Neumann, direkt\u00f8r ved Fridtjof Nansens Institutt (FNI), er kritisk til en slik l\u00f8sning. <\/p>\n<p class=\"hyperion-css-1lemvax\">\u2013 Dette er ikke noe gode avtaler. Innbyggerne f\u00e5r hverken stemmerett i USA eller fulle borgerrettigheter. Med en slik ordning havner man i et ingenmannsland \u2013 som et appendiks til en suveren stat \u2013 og det er ikke noe s\u00e6rlig, sier han. <\/p>\n<p class=\"hyperion-css-1lemvax\">Han nevner ogs\u00e5 Puerto Rico, som i \u00e5revis har arbeidet for \u00e5 bli en amerikansk delstat, uten \u00e5 lykkes.<\/p>\n<p><img decoding=\"async\" class=\"image-asset hyperion-css-u06ts1\" data-test-tag=\"image-asset\" src=\"https:\/\/www.europesays.com\/no\/wp-content\/uploads\/2026\/01\/12e02a7a-fde3-4150-8424-8fdce90eabcb.jpeg\"  alt=\"Danmarks utenriksminister Lars L\u00f8kke Rasmussen og forsvarsminister Truels Lund Poulsen m\u00f8ter pressen etter tirsdagens hastem\u00f8te om landets forhold til USA. \"  loading=\"eager\" fetchpriority=\"high\" style=\"aspect-ratio:1900 \/ 1267\"\/>Danmarks utenriksminister Lars L\u00f8kke Rasmussen og forsvarsminister Truels Lund Poulsen m\u00f8ter pressen etter tirsdagens hastem\u00f8te om landets forhold til USA. Foto: Emil Nicolai Helms \/ Reuters \/ NTB<\/p>\n<p class=\"hyperion-css-1lemvax\">Samtidig har Kuno Fencker, en uavhengighetsvennlig gr\u00f8nlandsk opposisjonspolitiker, tidligere sagt at han ikke \u00f8nsker at Gr\u00f8nland skal bli et amerikansk territorium som Puerto Rico, men at han er \u00e5pen for \u00e5 diskutere andre typer avtaler, som COFA, if\u00f8lge <a aria-label=\"Politico\" class=\"default hyperion-css-1rezu2g\" href=\"https:\/\/www.politico.eu\/article\/donald-trump-greenland-easy-steps-nato-policy-deal-military\/\" rel=\"noopener nofollow noreferrer\" data-test-tag=\"external-link\" target=\"_blank\">Politico<\/a>.<\/p>\n<p class=\"hyperion-css-1lemvax\">\u2013 La dem komme til forhandlingsbordet, og s\u00e5 skal gr\u00f8nlenderne avgj\u00f8re det i en folkeavstemning, har han sagt if\u00f8lge avisen. <\/p>\n<p class=\"hyperion-css-1lemvax\">K\u00e5re Aas tror imidlertid det forel\u00f8pig er lite konkret dialog om en slik avtale.<\/p>\n<p class=\"hyperion-css-1lemvax\">\u2013 Jeg tror ikke det har v\u00e6rt s\u00e5 mye kontakt mellom danske og gr\u00f8nlandske og amerikanske myndigheter. Det var m\u00f8tet i desember, og n\u00e5 har Danmark og Gr\u00f8nland bedt om \u00e5 f\u00e5 m\u00f8te Rubio. <\/p>\n<p class=\"hyperion-css-1lemvax\">Aas stiller ogs\u00e5 sp\u00f8rsm\u00e5l ved om \u00f8kt milit\u00e6r tilstedev\u00e6relse p\u00e5 Gr\u00f8nland egentlig er Trumps hovedm\u00e5l.<\/p>\n<p class=\"hyperion-css-1lemvax\">\u2013 Danskene har jo tidligere tilbudt at amerikanerne som en del av NATO kan styrke sitt milit\u00e6re n\u00e6rv\u00e6r p\u00e5 Gr\u00f8nland. Men det har jo ikke Det hvite hus eller USA svart positivt p\u00e5. Det samme gjelder interesser for utvinning av kritiske mineraler. <\/p>\n<p class=\"hyperion-css-1lemvax\">Hvorfor Trump vil ha Gr\u00f8nland,<a data-test-tag=\"internal-link\" href=\"https:\/\/e24.no\/internasjonal-oekonomi\/i\/6qj7ko\/derfor-vil-trump-ha-groenland-gir-svaert-lite-mening\" class=\"hyperion-css-1rezu2g\" rel=\"nofollow noopener\" target=\"\"> kan du lese mer om her<\/a>. <\/p>\n<p class=\"hyperion-css-1lemvax\">\u2013 Dette er sp\u00f8rsm\u00e5l det m\u00e5 forhandles om. USA kan ikke bare diktere hva de \u00f8nsker seg, understreker han. <\/p>\n<p>3. P\u00e5virkningskampanjer og provokasjoner<\/p>\n<p class=\"hyperion-css-1lemvax\">Men dersom en formell avtale viser seg politisk vanskelig, finnes det ogs\u00e5 andre \u2013 og mindre synlige \u2013 virkemidler.<\/p>\n<p class=\"hyperion-css-1lemvax\">I august rapporterte <a aria-label=\"danske DR\" class=\"default hyperion-css-1rezu2g\" href=\"https:\/\/www.politico.eu\/article\/covert-operations-greenland-prompt-denmark-summon-top-us-envoy-donald-trump\/\" rel=\"noopener nofollow noreferrer\" data-test-tag=\"external-link\" target=\"_blank\">danske DR<\/a> at personer med tilknytning til Donald Trump skal ha st\u00e5tt bak skjulte p\u00e5virkningsoperasjoner p\u00e5 Gr\u00f8nland.<\/p>\n<p class=\"hyperion-css-1lemvax\">\u2013 Dette bekymrer meg stort, fordi man spionerer ikke p\u00e5 venner, sa Danmarks utenriksminister Lars L\u00f8kke Rasmussen til <a aria-label=\"Wall Street Journal\" class=\"default hyperion-css-1rezu2g\" href=\"https:\/\/www.wsj.com\/world\/greenland-spying-us-intelligence-809c4ef2?mod=hp_lead_pos3\" rel=\"noopener nofollow noreferrer\" data-test-tag=\"external-link\" target=\"_blank\">Wall Street Journal<\/a> etter avsl\u00f8ringene. <\/p>\n<p class=\"hyperion-css-1lemvax\">Ogs\u00e5 Danmarks etterretningstjeneste, PET, har <a aria-label=\"advart\" class=\"default hyperion-css-1rezu2g\" href=\"https:\/\/www.dr.dk\/nyheder\/indland\/moerklagt\/mystik-om-amerikanske-maend-i-groenland-det-er-meget-bekymrende\" rel=\"noopener nofollow noreferrer\" data-test-tag=\"external-link\" target=\"_blank\">advart<\/a> om at Gr\u00f8nland er et m\u00e5l for \u00abp\u00e5virkningskampanjer av ulik art\u00bb. If\u00f8lge tjenesten kan m\u00e5let v\u00e6re \u00e5 \u00abskape splid mellom Gr\u00f8nland og Danmark\u00bb, eller \u00e5 \u00abfremme bestemte synspunkter knyttet til USA eller andre land\u00bb.<\/p>\n<p class=\"hyperion-css-1lemvax\">K\u00e5re Aas mener dette er noe man m\u00e5 regne med at skjer. <\/p>\n<p class=\"hyperion-css-1lemvax\">\u2013 I den verden vi lever i, s\u00e5 er det p\u00e5virkningsoperasjoner fra alle verdens kanter, ogs\u00e5 p\u00e5 sosiale medier. Det m\u00e5 vi bare ta for gitt, sier Aas. <\/p>\n<p class=\"hyperion-css-1lemvax\">\u2013 Og det trenger ikke n\u00f8dvendigvis \u00e5 v\u00e6re amerikanerne som driver p\u00e5virkningskampanjene p\u00e5 Gr\u00f8nland, det kan v\u00e6re russere, kinesere, iranere &#8230; noen som pr\u00f8ver \u00e5 skape ustabilitet p\u00e5 Gr\u00f8nland og \u00e5 styrke saken om at Gr\u00f8nland skal bli en del av USA.<\/p>\n<p>4. Press p\u00e5 Europa<\/p>\n<p class=\"hyperion-css-1lemvax\">En annen mulighet er \u00e5 legge press p\u00e5 Europa for \u00e5 f\u00e5 gr\u00f8nt lys til at USA tar kontroll over Gr\u00f8nland.<\/p>\n<p class=\"hyperion-css-1lemvax\">\u2013 USA har mange pressmidler \u00e5 bruke mot Europa, sier Aas og ramser opp mulige scenarioer:<\/p>\n<p class=\"hyperion-css-1lemvax\">USA kan true med \u00e5 forlate Nato. De kan kutte det forsvarspolitiske samarbeidet med Danmark. De kan trekke hjem amerikansk milit\u00e6rt personell som i dag er stasjonert rundt om i Europa. De kan \u00f8ke tollsatsene hvis europeerne ikke h\u00f8rer etter. <\/p>\n<p class=\"hyperion-css-1lemvax\">Fredsforhandlingene i Ukraina kan ogs\u00e5 bli brukt, ved at Ukraina f\u00e5r sterkere sikkerhetsgarantier i bytte mot at USA f\u00e5r en st\u00f8rre rolle p\u00e5 Gr\u00f8nland, skriver Politico. <\/p>\n<p class=\"hyperion-css-1lemvax\">If\u00f8lge Aas er maktubalansen i forholdet mellom USA og Europa betydelig.<\/p>\n<p class=\"hyperion-css-1lemvax\">\u2013 Ubalansen er b\u00e5de milit\u00e6r og \u00f8konomisk. Det gj\u00f8r at det er veldig vanskelig \u00e5 se for seg hvilke virkemidler Europa har overfor USA \u2013 utover \u00e5 si at \u00abdette er galt\u00bb. <\/p>\n<p class=\"hyperion-css-1lemvax\">\u2013 Dessverre er Europa en underdog. Vi kan si mye, men vi kan ikke gj\u00f8re s\u00e5 mye. <\/p>\n<p class=\"hyperion-css-1lemvax\">Han mener det er viktig at Europa bygger allianser med amerikanske kongressmedlemmer og n\u00e6ringsliv, som forst\u00e5r at USA vil ha mye \u00e5 tape p\u00e5 \u00e5 fortsette l\u00f8pet med \u00e5 f\u00e5 kontroll over Gr\u00f8nland.<\/p>\n<p><img decoding=\"async\" class=\"image-asset hyperion-css-u06ts1\" data-test-tag=\"image-asset\" src=\"https:\/\/www.europesays.com\/no\/wp-content\/uploads\/2026\/01\/a8e4f6a4-eac1-4bff-89bc-32939e0f00e4.jpeg\"  alt=\"Donald Trump Jr. bes\u00f8kte Gr\u00f8nland i januar 2025. Bildet viser Trump Jr. sammen med blant andre Charlie Kirk. \"  loading=\"eager\" fetchpriority=\"high\" style=\"aspect-ratio:1900 \/ 1267\"\/>Donald Trump Jr. bes\u00f8kte Gr\u00f8nland i januar 2025. Bildet viser Trump Jr. sammen med blant andre Charlie Kirk. Foto: EMIL STACH \/ AFP \/ NTB<\/p>\n<p class=\"hyperion-css-1lemvax\">Ogs\u00e5 Iver B. Neumann peker p\u00e5 at USA kan bruke politiske provokasjoner for \u00e5 legge press p\u00e5 Gr\u00f8nland og Danmark \u2013 handlinger som er ment \u00e5 fremprovosere reaksjoner.<\/p>\n<p class=\"hyperion-css-1lemvax\">Han viser blant annet til Donald Trump juniors uoffisielle bes\u00f8k p\u00e5 Gr\u00f8nland i begynnelsen av januar i fjor, der presidentens s\u00f8nn blant annet delte ut Maga-capser.<\/p>\n<p class=\"hyperion-css-1lemvax\">Neumann mener flere av de nevnte strategiene allerede er i bruk \u2013 og at de neppe vil bli brukt hver for seg.<\/p>\n<p class=\"hyperion-css-1lemvax\">\u2013 Disse virkemidlene utelukker ikke hverandre, sier han.<\/p>\n<p>5. Milit\u00e6r makt<\/p>\n<p class=\"hyperion-css-1lemvax\">Dersom de mer diplomatiske tiln\u00e6rmingene mislykkes, kan USAs siste utvei v\u00e6re bruk av makt.<\/p>\n<p class=\"hyperion-css-1lemvax\">Det vil i s\u00e5 fall ikke v\u00e6re vanskelig, skriver Politico.<\/p>\n<p class=\"hyperion-css-1lemvax\">\u2013 Det amerikanske milit\u00e6ret er i stand til \u00e5 sette inn et hvilket som helst antall styrker p\u00e5 Gr\u00f8nland, enten via luft eller sj\u00f8, og deretter hevde at det er amerikansk territorium, sier Thomas Crosbie, f\u00f8rsteamanuensis ved Royal Danish Defence College, til avisen.<\/p>\n<p class=\"hyperion-css-1lemvax\">K\u00e5re Aas er imidlertid i tvil om USA i det hele tatt trenger \u00e5 bruke regul\u00e6re milit\u00e6re styrker.<\/p>\n<p class=\"hyperion-css-1lemvax\">\u2013 Man kan ogs\u00e5 se for seg en mer begrenset aksjon, for eksempel i form av en politioperasjon, sier han.<\/p>\n","protected":false},"excerpt":{"rendered":"Kj\u00f8p, avtaler, press eller maktbruk. \u2013 Det er ikke grenser for hvor mange muligheter man kan snakke om,&hellip;\n","protected":false},"author":2,"featured_media":131981,"comment_status":"","ping_status":"","sticky":false,"template":"","format":"standard","meta":{"footnotes":""},"categories":[12],"tags":[20,21,24,25,15,22,23,13,30,28,29,14,16,26,27,42,43,44,45],"class_list":{"0":"post-131980","1":"post","2":"type-post","3":"status-publish","4":"format-standard","5":"has-post-thumbnail","7":"category-verden","8":"tag-breaking-news","9":"tag-breakingnews","10":"tag-featured-news","11":"tag-featurednews","12":"tag-headlines","13":"tag-latest-news","14":"tag-latestnews","15":"tag-news","16":"tag-no","17":"tag-norge","18":"tag-norway","19":"tag-nyheter","20":"tag-overskrifter","21":"tag-top-stories","22":"tag-topstories","23":"tag-verden","24":"tag-world","25":"tag-world-news","26":"tag-worldnews"},"share_on_mastodon":{"url":"https:\/\/pubeurope.com\/@no\/115859164009832162","error":""},"_links":{"self":[{"href":"https:\/\/www.europesays.com\/no\/wp-json\/wp\/v2\/posts\/131980","targetHints":{"allow":["GET"]}}],"collection":[{"href":"https:\/\/www.europesays.com\/no\/wp-json\/wp\/v2\/posts"}],"about":[{"href":"https:\/\/www.europesays.com\/no\/wp-json\/wp\/v2\/types\/post"}],"author":[{"embeddable":true,"href":"https:\/\/www.europesays.com\/no\/wp-json\/wp\/v2\/users\/2"}],"replies":[{"embeddable":true,"href":"https:\/\/www.europesays.com\/no\/wp-json\/wp\/v2\/comments?post=131980"}],"version-history":[{"count":0,"href":"https:\/\/www.europesays.com\/no\/wp-json\/wp\/v2\/posts\/131980\/revisions"}],"wp:featuredmedia":[{"embeddable":true,"href":"https:\/\/www.europesays.com\/no\/wp-json\/wp\/v2\/media\/131981"}],"wp:attachment":[{"href":"https:\/\/www.europesays.com\/no\/wp-json\/wp\/v2\/media?parent=131980"}],"wp:term":[{"taxonomy":"category","embeddable":true,"href":"https:\/\/www.europesays.com\/no\/wp-json\/wp\/v2\/categories?post=131980"},{"taxonomy":"post_tag","embeddable":true,"href":"https:\/\/www.europesays.com\/no\/wp-json\/wp\/v2\/tags?post=131980"}],"curies":[{"name":"wp","href":"https:\/\/api.w.org\/{rel}","templated":true}]}}