{"id":131992,"date":"2026-01-08T11:23:09","date_gmt":"2026-01-08T11:23:09","guid":{"rendered":"https:\/\/www.europesays.com\/no\/131992\/"},"modified":"2026-01-08T11:23:09","modified_gmt":"2026-01-08T11:23:09","slug":"floskler-og-slagord","status":"publish","type":"post","link":"https:\/\/www.europesays.com\/no\/131992\/","title":{"rendered":"&#8211; Floskler og slagord"},"content":{"rendered":"<p>Halvannen uke f\u00f8r jul presenterte statsminister Jonas Gahr St\u00f8re regjeringens plan for Norge.<\/p>\n<p>Denne planen kommer i stedet for en regjeringsplattform, og er i f\u00f8lge St\u00f8re en ny m\u00e5te \u00e5 organisere arbeidet p\u00e5.<\/p>\n<p>    Regjeringens Plan for Norge<\/p>\n<p>Trygghet for \u00f8konomien:<\/p>\n<ul>\n<li>Folk skal f\u00e5 bedre r\u00e5d<\/li>\n<li>150 000 flere i jobb<\/li>\n<li>Stille krav og stille opp i integreringen<\/li>\n<li>130 000 nye boliger<\/li>\n<li>Fornye, forsterke og forbedre offentlig sektor<\/li>\n<\/ul>\n<p>Trygghet for \u00f8konomien:<\/p>\n<ul>\n<li>Styrke konkurransekraften<\/li>\n<li>Skattereform for fremtiden<\/li>\n<li>St\u00e5 opp for norsk n\u00e6ringslivs interesser<\/li>\n<li>Et trygt og organisert arbeidsliv<\/li>\n<li>Skape muligheter og trygge rammer for kunstig intelligens<\/li>\n<\/ul>\n<p>Trygghet for barn og unge:<\/p>\n<ul>\n<li>Mer og bedre l\u00e6ring i skolen<\/li>\n<li>Ungdomsl\u00f8ftet<\/li>\n<li>Bekjempe barne- og ungdomskriminaliteten<\/li>\n<li>Av og p\u00e5 \u2013 bedre skjermbalanse<\/li>\n<li>Kultur for alle<\/li>\n<\/ul>\n<p>Trygghet for helsa:<\/p>\n<ul>\n<li>En friskere befolkning<\/li>\n<li>Raskere helsehjelp<\/li>\n<li>Eldrel\u00f8ftet<\/li>\n<li>Helsereform for fremtidens helsetjeneste<\/li>\n<\/ul>\n<p>Trygghet for landet:<\/p>\n<ul>\n<li>Raskt styrke forsvarsevnen<\/li>\n<li>Et mer motstandsdyktig Norge<\/li>\n<li>Styrke Norges \u00f8konomiske sikkerhet<\/li>\n<li>Forsvare Norges interesser i en farligere og mer uforutsigbar verden<\/li>\n<li>\u00a0Bekjempe mot kriminelle nettverk<\/li>\n<li>En kontrollert, rettferdig og b\u00e6rekraftig innvandringspolitikk<\/li>\n<\/ul>\n<p>      Vis mer<br \/>\n      Vis mindre<\/p>\n<p>I planen skisserer regjeringen sine m\u00e5l for det neste \u00e5ret, og n\u00f8kkelordet er trygghet. M\u00e5let er \u00e5 oppdatere planen hvert \u00e5r.<\/p>\n<p>I dag m\u00f8ter St\u00f8re i Stortinget for \u00e5 redegj\u00f8re for planen.\u00a0<\/p>\n<p>&#8211; Arbeiderpartiet har regjeringsansvaret alene. Med respekt og \u00e5penhet skal vi m\u00f8te de andre partiene p\u00e5 Stortinget for \u00e5 sikre flertallsl\u00f8sninger. Det gjelder de fire som har pekt p\u00e5 Arbeiderpartiet, og det gjelder alle partiene. Vi er \u00e5pne for \u00e5 finne brede l\u00f8sninger, sier St\u00f8re.<\/p>\n<p>        <img loading=\"lazy\" decoding=\"async\" src=\"https:\/\/www.europesays.com\/no\/wp-content\/uploads\/2026\/01\/84071451.webp.webp\" width=\"980\" height=\"559\" title=\"REDEGJORDE: Jonas Gahr St\u00f8re redegjorde for regjeringens plan for Norge torsdag. Foto: J\u00f8rn H. Moen \/ Dagbladet\" alt=\"\" class=\"\" style=\"--aspect-ratio-image: 1.75; \"\/><\/p>\n<p>\n        REDEGJORDE: Jonas Gahr St\u00f8re redegjorde for regjeringens plan for Norge torsdag. Foto: J\u00f8rn H. Moen \/ Dagbladet\n    <\/p>\n<p>Statsministeren viser til at norske regjeringer de siste \u00e5rene har lagt fram regjeringsplattformer med enormt mange punkter. De borgerlige hadde tett p\u00e5 3000 over tre plattformer. Hurdalsplattformen, som Ap og Sp la fram etter valget i 2021 hadde 900.<\/p>\n<p>&#8211; Vi har valgt \u00e5 gj\u00f8re det p\u00e5 en annen m\u00e5te. Det er en erkjennelse fra forrige periode. Det skjedde mye etter at vi hadde lagt fram plattformen, som formet den perioden. Med denne planen blir det lettere \u00e5 justere kursen, uten \u00e5 mister retning, sier St\u00f8re.<\/p>\n<p>&#8211; Floskler og slagord\t<\/p>\n<p>Allerede da planen ble lagt fram f\u00f8r jul kom det kritiske bemerkninger fra opposisjonen, og Frp-leder Sylvi Listhaug legger lite i mellom fra Stortingets talerstol.<\/p>\n<p class=\"font-weight-bold m-font-weight-bold\" data-lab-font_weight=\"font-weight-bold\">&#8211; St\u00f8res regjering har lagt fram sin plan for Norge. Den inneholder en mengde flosker og slagord fra Aps program, men den l\u00f8ser ikke problemer regjeringen har<br \/>\nforsterket eller skapt selv, sier Listhaug.<\/p>\n<p>&#8211; De m\u00e5 erkjenne at tryggheten er svekka p\u00e5 Aps vakt. De m\u00e5<br \/>\nhandle i stedet for \u00e5 planlegge handling.\u00a0<\/p>\n<p>        <img loading=\"lazy\" decoding=\"async\" src=\"https:\/\/www.europesays.com\/no\/wp-content\/uploads\/2026\/01\/84071458.webp.webp\" width=\"980\" height=\"559\" title=\"KRITISK: Frp-leder Sylvi Listhaug er kritisk til regjeringens plan. Hun mener den best\u00e5r av floskler fra Arbeiderpartiets program. Foto: J\u00f8rn H. Moen \/ Dagbladet\" alt=\"\" class=\"\" style=\"--aspect-ratio-image: 1.75; \"\/><\/p>\n<p>\n        KRITISK: Frp-leder Sylvi Listhaug er kritisk til regjeringens plan. Hun mener den best\u00e5r av floskler fra Arbeiderpartiets program. Foto: J\u00f8rn H. Moen \/ Dagbladet\n    <\/p>\n<p>If\u00f8lge Listhaug er det lite i regjeringens plan som kommer til \u00e5 styrke tryggheten for folk flest.<\/p>\n<p>&#8211; Trygghet er nevnt over 20 ganger i denne planen, men det er ingen l\u00f8sninger, sier Listhaug.<\/p>\n<p>Vage l\u00f8fter\t<\/p>\n<p>Hun anklager regjeringen for \u00e5 komme med vage l\u00f8fter, som gir inntrykk av at de vil endre kurs.<\/p>\n<p class=\"font-weight-bold m-font-weight-bold\" data-lab-font_weight=\"font-weight-bold\">&#8211; De vil ha \u00f8kt produktivitet og \u00f8kt velstand, men det skulle bare mangle. Trenger vi flere slagord, mens flere opplever \u00f8kt utrygghet i hverdagen, sier Listhaug.<\/p>\n<p>Frp-lederen benyttet ogs\u00e5 anledningen til \u00e5 gi til uttrykk for skepsis til regjeringens skattekommisjon, der m\u00e5let er \u00e5 f\u00e5 et bredt skatteforlik.<\/p>\n<p>&#8211; Finansministeren kaller det en god norsk tradisjon \u00e5 nedsette kommisjoner. De siste \u00e5ra har 113 ulike utvalg kostet 671 millioner kroner. Det blir masse prat, men vi trenger de som viser handlekraft, sier Listhaug, og legger til:<\/p>\n<p class=\"font-weight-bold m-font-weight-bold\" data-lab-font_weight=\"font-weight-bold\">&#8211; Finansministeren kunne like godt sagt at det er god Ap-tradisjon \u00e5 skyve problemene foran seg.<\/p>\n<p>&#8211; Det viktigste skjer i Ukraina\t<\/p>\n<p data-lab-font_weight=\"\">Parlamentarisk leder for H\u00f8yre, Ine Eriksen S\u00f8reide, vender blikket i st\u00f8rre grad utover, og sier at starten p\u00e5 \u00e5ret dessverre illustrerer\u00a0\u00abdet dype alvoret\u00bb.<\/p>\n<p data-lab-font_weight=\"\">Hun trekker fram kidnappingen av Nicolas Maduro, hvis regime hun ikke har noe sympati med, men p\u00e5peker at den er i strid med folkeretten.<\/p>\n<p data-lab-font_weight=\"\">Videre peker hun p\u00e5 den anspente samtalen om Gr\u00f8nland i kj\u00f8lvannet av Trump-administrasjonens uttalelser.<\/p>\n<p data-lab-font_weight=\"\">&#8211; Selv om oppmerksomheten lett trekkes mot det siste i nyhetsbildet, s\u00e5 er det viktigste som skjer det som skjer p\u00e5 bakken i Ukraina, sier S\u00f8reide.\u00a0<\/p>\n<p data-lab-font_weight=\"\">Hun sier at felles for alt vi har sett er at internasjonale kj\u00f8reregler settes til side og brytes, og at flere land snakker \u00e5pent om rett til interessesf\u00e6rer og innflytelsessf\u00e6rer.<\/p>\n<p data-lab-font_weight=\"\">&#8211; Med dette alvoret er det to viktige ting: Norge trenger gode venner, trygge alierte og sterkere allianser. Vi m\u00e5 styrke Nato og det transatlantiske samarbeidet med USA. Nato er ryggraden i v\u00e5r sikkerhet, sier S\u00f8reide.<\/p>\n<p>Peker mot EU-medlemsskap\t<\/p>\n<p data-lab-font_weight=\"\">H\u00f8yre-toppen trekker ogs\u00e5 fram Norges forhold til EU, der vi har stadig mer samarbeid.\u00a0<\/p>\n<p data-lab-font_weight=\"\">&#8211; Konsekvensen av utenforskapet blir st\u00f8rre, og det er krevende \u00e5 ivareta norske interesser, sier S\u00f8reide, og fortsetter:<\/p>\n<p data-lab-font_weight=\"font-weight-bold\" class=\"font-weight-bold m-font-weight-bold\">&#8211; Vi m\u00e5 ta veldig godt vare p\u00e5 E\u00d8S-avtalen, og norsk sikkerhet og \u00f8konomi vil v\u00e6re best tjent med \u00e5 v\u00e6re medlem av EU.<\/p>\n<p>Regjeringens plan for Norge betyr i praksis \u00e5 prioritere og fortsette i samme bane som f\u00f8r, if\u00f8lge S\u00f8reide.<\/p>\n<p>&#8211; Vi vil ta jobben for \u00e5 omstille \u00e5 trygge Norge. Norge har alle forutsetninger for \u00e5 strekke seg lenger, sier S\u00f8reide.<\/p>\n","protected":false},"excerpt":{"rendered":"Halvannen uke f\u00f8r jul presenterte statsminister Jonas Gahr St\u00f8re regjeringens plan for Norge. Denne planen kommer i stedet&hellip;\n","protected":false},"author":2,"featured_media":131993,"comment_status":"","ping_status":"","sticky":false,"template":"","format":"standard","meta":{"footnotes":""},"categories":[10],"tags":[20,21,24,25,15,201,22,23,13,30,28,29,14,16,3166,333,26,27],"class_list":{"0":"post-131992","1":"post","2":"type-post","3":"status-publish","4":"format-standard","5":"has-post-thumbnail","7":"category-norge","8":"tag-breaking-news","9":"tag-breakingnews","10":"tag-featured-news","11":"tag-featurednews","12":"tag-headlines","13":"tag-jonas-gahr-store","14":"tag-latest-news","15":"tag-latestnews","16":"tag-news","17":"tag-no","18":"tag-norge","19":"tag-norway","20":"tag-nyheter","21":"tag-overskrifter","22":"tag-regjeringen","23":"tag-stortinget","24":"tag-top-stories","25":"tag-topstories"},"share_on_mastodon":{"url":"https:\/\/pubeurope.com\/@no\/115859226859538984","error":""},"_links":{"self":[{"href":"https:\/\/www.europesays.com\/no\/wp-json\/wp\/v2\/posts\/131992","targetHints":{"allow":["GET"]}}],"collection":[{"href":"https:\/\/www.europesays.com\/no\/wp-json\/wp\/v2\/posts"}],"about":[{"href":"https:\/\/www.europesays.com\/no\/wp-json\/wp\/v2\/types\/post"}],"author":[{"embeddable":true,"href":"https:\/\/www.europesays.com\/no\/wp-json\/wp\/v2\/users\/2"}],"replies":[{"embeddable":true,"href":"https:\/\/www.europesays.com\/no\/wp-json\/wp\/v2\/comments?post=131992"}],"version-history":[{"count":0,"href":"https:\/\/www.europesays.com\/no\/wp-json\/wp\/v2\/posts\/131992\/revisions"}],"wp:featuredmedia":[{"embeddable":true,"href":"https:\/\/www.europesays.com\/no\/wp-json\/wp\/v2\/media\/131993"}],"wp:attachment":[{"href":"https:\/\/www.europesays.com\/no\/wp-json\/wp\/v2\/media?parent=131992"}],"wp:term":[{"taxonomy":"category","embeddable":true,"href":"https:\/\/www.europesays.com\/no\/wp-json\/wp\/v2\/categories?post=131992"},{"taxonomy":"post_tag","embeddable":true,"href":"https:\/\/www.europesays.com\/no\/wp-json\/wp\/v2\/tags?post=131992"}],"curies":[{"name":"wp","href":"https:\/\/api.w.org\/{rel}","templated":true}]}}