{"id":131996,"date":"2026-01-08T11:25:07","date_gmt":"2026-01-08T11:25:07","guid":{"rendered":"https:\/\/www.europesays.com\/no\/131996\/"},"modified":"2026-01-08T11:25:07","modified_gmt":"2026-01-08T11:25:07","slug":"han-fortjener-noe-bedre-itromso-no","status":"publish","type":"post","link":"https:\/\/www.europesays.com\/no\/131996\/","title":{"rendered":"Han fortjener noe bedre &#8211; itromso.no"},"content":{"rendered":"<p><strong>SKARPHALLEN (iTroms\u00f8): <\/strong>De siste ukene har man knapt lest om annet enn hvor mange millioner TIL har brukt p\u00e5 nye spillere. Fire navn inn til en kostnad p\u00e5 n\u00e6rmere 40 millioner kroner, er noe som vekker oppsikt. Hva TIL gj\u00f8r og ikke gj\u00f8r er igjen blitt noe \u00e5 diskutere i sosiale medier og rundt kaffebordet \u2013 ogs\u00e5 utover det helt lokale.<\/p>\n<p>Fans og supportere n\u00e6rmest elsker det, n\u00e5r klubben de f\u00f8lger, handler spillere og det til og med for rekordstore summer. Det kommer til \u00e5 bli fulgt med argus\u00f8yne hvordan Mathias T\u00f8nnessen (13 millioner), Jesper Grundt (10 millioner), Troy Nyhammer (10 millioner) og Lars Olden Larsen (3,5 millioner) gj\u00f8r det.<\/p>\n<p>Allerede p\u00e5 TILs f\u00f8rste trenings\u00f8kt i 2026, inne i den iskalde Skarphallen, var det lett \u00e5 snakke om disse nye guttene. Noen f\u00e5 skuelystne hadde tatt turen for \u00e5 se hvordan laget s\u00e5 ut, p\u00e5 dagen n\u00f8yaktig to m\u00e5neder f\u00f8r sesongen starter. Her fikk de ingen svar av betydning om hvor dette b\u00e6rer, annet enn at alle salgsobjektene, representert ved Tobias Guddal, Jens Hjert\u00f8-Dahl, Sedi Kinteh og Ieltsin Cam\u00f6es er inntil videre i TIL. Hvem av disse som selges f\u00f8rst, og n\u00e5r, kan man bruke dager og uker p\u00e5 \u00e5 snakke om. Spesielt Kinteh fremst\u00e5r n\u00e6rt \u00e5 dra.<\/p>\n<p><strong>F\u00f8r vi, og TIL, <\/strong>kommer dit er det verdt \u00e5 snakke om en profil som onsdag ogs\u00e5 kom tr\u00e5kkende inn i hallen. Tidligere har han v\u00e6rt en av TILs viktigste spillere \u2013 p\u00e5 og utenfor banen. Med sin forfriskende \u00e6rlighet utenfor og n\u00e5del\u00f8se stil p\u00e5 banen, har \u00abKenta\u00bb blitt en favoritt gjennom \u00e5rene.<\/p>\n<p>Tross alt har det blitt noen \u00e5r siden sommeren 2011, da han som ten\u00e5ring flyttet fra Storsteinnes til Troms\u00f8, for \u00e5 kunne leve av fotballen. Helt inntil han i august i fjor dro til svenske V\u00e4rnamo, hadde han v\u00e6rt 15 \u00e5r i klubben, 13 av dem p\u00e5 A-laget.<\/p>\n<p>Han har overlevd Per-Mathias H\u00f8gmo, Agnar Christensen, Steinar Nilsen, B\u00e5rd Flovik, Simo Valakari og Gaute Helstrup som hovedtrenere, og selv om han langt fra alltid har v\u00e6rt den som har ropt h\u00f8yest, har de ikke beholdt ham over s\u00e5 lang tid p\u00e5 grunn av veldedighet eller for \u00e5 v\u00e6re grei.<\/p>\n<p><strong>Nye kontrakter har blitt <\/strong>skrevet, den siste bare dager etter at Helstrup og spillerkollega Jostein Gundersen dro til Glimt, for to \u00e5r siden. Siden da, med J\u00f8rgen Vik som sjef, har det sakte, men sikkert blitt mer og mer klart at Antonsen ikke ser ut til \u00e5 v\u00e6re tiltenkt en sentral rolle.<\/p>\n<p>\u2013 Kent-Are er i en utfordrerposisjon, sa hovedtreneren onsdag, som med en fersk tredjeplass i Eliteserien i bagasjen, har ekstra god tyngde bak sine sportslige avgj\u00f8relser.<\/p>\n<p>Samtidig er det verken nytt eller dramatisk at voksne spillere blir vraket etter mange \u00e5r. Laguttak er alltid en kime til diskusjon.<\/p>\n<p>Det som ikke har v\u00e6rt bra i TIL, er m\u00e5ten de har behandlet enkelte kulturb\u00e6rere, som det Antonsen representerer i avslutningen av karrieren. Om han skal benkes eller ikke, er en annen sak, men jeg synes klubben skal vise litt ekstra respekt for en som ham. Dette er ikke hvem som helst, med sine 338 kamper for TIL, nummer fire i klubbhistorien.<\/p>\n<p><strong>Gjennom \u00e5rene har det<\/strong> b\u00e5de gjennom enkeltepisoder og over tid v\u00e6rt lokale profiler som har opplevd uverdig behandling. Ole Martin \u00c5rst og Hans \u00c5ge Yndestad ble vraket i cupfinalen i 2012, noe som til den dag i dag merkes i dem. Det hjalp heller ikke p\u00e5 at TIL tapte mot et 1.-divisjonslag den gangen, tidenes sjokk i en cupfinale.<\/p>\n<p>Morten Gamst Pedersen ga tydelig beskjed om at han ikke likte m\u00e5ten han ble behandlet p\u00e5, da Simo Valakari valgte annerledes f\u00f8r 2019-sesongen. Like h\u00f8ylytt var ikke Magnus Andersen, men \u00e5 signere den \u00e6rekj\u00e6re finnmarkingen p\u00e5 en ett\u00e5rsavtale, for s\u00e5 \u00e5 sette ham p\u00e5 tribunen omtrent i hele 2021, var uverdig.<\/p>\n<p>Lasse Nilsens vei ut av TIL ble litt av samme historien som Andersen, der han ble meget stemoderlig behandlet, og til slutt knapt nok var en parentes.<\/p>\n<p><strong>N\u00e5r vi da kommer<\/strong> til Kent-Are Antonsen, f\u00e5r jeg litt av den samme f\u00f8lelsen. Han trente periodevis p\u00e5 onsdagens \u00f8kt i Skarphallen sammen med andre man kan f\u00e5 inntrykk av ikke har noen fremtid i TIL, som Heine \u00c5sen Larsen. Det trenger man sikkert ikke \u00e5 tolke for mye utav, men er et godt bilde, som det heter, p\u00e5 hvor han ligger i l\u00f8ypa. Andre spillere, ta for eksempel Jesper Grundt, er yngre og hentet inn for mye penger. Flere andre er per n\u00e5 ogs\u00e5 foran i l\u00f8ypa.<\/p>\n<p>Jeg synes ingenting om at Antonsen skal g\u00e5 rundt i korridorene i sitt siste kontrakts\u00e5r som en som knapt h\u00f8rer hjemme i en 20-mannstropp inn i en eliteseriekamp. Han er ingen junior.<\/p>\n<p><a href=\"https:\/\/www.itromso.no\/meninger\/i\/AvxQWr\/han-kommer-til-aa-overleve-dem-alle\" rel=\"noopener nofollow\" target=\"_blank\">\u00abDet ser ikke ut som noen klarer \u00e5 konkurrere deg ut\u00bb spurte jeg han senh\u00f8sten 2024, da vi snakket om de rundt 150 lagkameratene han p\u00e5 det tidspunktet hadde hatt i TIL gjennom \u00e5rene.<\/a><\/p>\n<p>\u2013 Nei, heldigvis ikke, var svaret.<\/p>\n<p><strong>14 m\u00e5neder senere er<\/strong> forutsetningene annerledes. Her b\u00f8r TIL v\u00e6re voksne og la ham g\u00e5 gratis til den klubben han vil. P\u00e5 den m\u00e5ten vil de verken kaste bort 2026 for hans, eller klubbens del. Det gikk s\u00e5pass ok i h\u00f8st i Sverige at han beviste at han kan f\u00e5 en ny start borte fra Alfheim, selv om det er mest nostalgisk \u00e5 tenke at \u00abKenta\u00bb kun skulle v\u00e6rt TIL-spiller hele profflivet sitt. I ytterste konsekvens burde de om s\u00e5 kj\u00f8pe ham ut av kontrakten, selv om jeg forst\u00e5r at en slik beslutning sitter lengre inne.<\/p>\n<p>Han fortjener, i motsetning til flere av forgjengerne sine, noe bedre. Det gj\u00f8r strengt talt ogs\u00e5 TIL.<\/p>\n","protected":false},"excerpt":{"rendered":"SKARPHALLEN (iTroms\u00f8): De siste ukene har man knapt lest om annet enn hvor mange millioner TIL har brukt&hellip;\n","protected":false},"author":2,"featured_media":131997,"comment_status":"","ping_status":"","sticky":false,"template":"","format":"standard","meta":{"footnotes":""},"categories":[59],"tags":[30,28,29,355,83,82],"class_list":{"0":"post-131996","1":"post","2":"type-post","3":"status-publish","4":"format-standard","5":"has-post-thumbnail","7":"category-sport","8":"tag-no","9":"tag-norge","10":"tag-norway","11":"tag-rune-robertsen","12":"tag-sport","13":"tag-sports"},"share_on_mastodon":{"url":"https:\/\/pubeurope.com\/@no\/115859234679297906","error":""},"_links":{"self":[{"href":"https:\/\/www.europesays.com\/no\/wp-json\/wp\/v2\/posts\/131996","targetHints":{"allow":["GET"]}}],"collection":[{"href":"https:\/\/www.europesays.com\/no\/wp-json\/wp\/v2\/posts"}],"about":[{"href":"https:\/\/www.europesays.com\/no\/wp-json\/wp\/v2\/types\/post"}],"author":[{"embeddable":true,"href":"https:\/\/www.europesays.com\/no\/wp-json\/wp\/v2\/users\/2"}],"replies":[{"embeddable":true,"href":"https:\/\/www.europesays.com\/no\/wp-json\/wp\/v2\/comments?post=131996"}],"version-history":[{"count":0,"href":"https:\/\/www.europesays.com\/no\/wp-json\/wp\/v2\/posts\/131996\/revisions"}],"wp:featuredmedia":[{"embeddable":true,"href":"https:\/\/www.europesays.com\/no\/wp-json\/wp\/v2\/media\/131997"}],"wp:attachment":[{"href":"https:\/\/www.europesays.com\/no\/wp-json\/wp\/v2\/media?parent=131996"}],"wp:term":[{"taxonomy":"category","embeddable":true,"href":"https:\/\/www.europesays.com\/no\/wp-json\/wp\/v2\/categories?post=131996"},{"taxonomy":"post_tag","embeddable":true,"href":"https:\/\/www.europesays.com\/no\/wp-json\/wp\/v2\/tags?post=131996"}],"curies":[{"name":"wp","href":"https:\/\/api.w.org\/{rel}","templated":true}]}}