{"id":132029,"date":"2026-01-08T12:00:07","date_gmt":"2026-01-08T12:00:07","guid":{"rendered":"https:\/\/www.europesays.com\/no\/132029\/"},"modified":"2026-01-08T12:00:07","modified_gmt":"2026-01-08T12:00:07","slug":"bor-ha-lav-terskel-for-a-kontakte-lege","status":"publish","type":"post","link":"https:\/\/www.europesays.com\/no\/132029\/","title":{"rendered":"\u2013 B\u00f8r ha lav terskel for \u00e5 kontakte lege"},"content":{"rendered":"\n<p class=\"_lead_o9xde_2 _lead_xtcu6_50 layout-component text-serif-m layout-normal text-serif-l layout-component layout-wide layout-padded _wide_17hqh_1 layout-padded\">FHI ber foreldre som har gitt spedbarn de tilbakekalte morsmelkerstatningene fra Nestl\u00e9, om \u00e5 kontakte lege hvis barna f\u00e5r magebesv\u00e6r. <\/p>\n<p><img alt=\"Nestl\u00e9 har tilbakekalt en rekke ulike morsmelkerstatninger.  Foto: Javad Parsa \/ NTB\" class=\"_image_qp4xg_65 layout-component layout-wide\" data-fullscreen- data-track-element-type=\"Article image fullscreen\" data-track-name=\"ImageFullscreen\" fetchpriority=\"high\" decoding=\"sync\" loading=\"eager\" height=\"5268\" itemprop=\"image\"  src=\"https:\/\/www.europesays.com\/no\/wp-content\/uploads\/2026\/01\/16ef6314-21c4-4870-99f9-13480c0a2a51.jpeg\"  style=\"object-position:0% 0%\" width=\"7901\"\/>Nestl\u00e9 har tilbakekalt en rekke ulike morsmelkerstatninger.  Foto: Javad Parsa \/ NTB<\/p>\n<ul aria-hidden=\"true\" class=\"_images_ntbth_112\">\n<li><a class=\"_link_ntbth_117\" href=\"https:\/\/www.vg.no\/forfatter\/ntb\" style=\"z-index:1\" title=\"NTB\" rel=\"nofollow noopener\" target=\"_blank\"><img alt=\"Bilde av NTB\" class=\"_image_ntbth_93\" fetchpriority=\"low\" loading=\"lazy\" decoding=\"async\" itemprop=\"image\"  src=\"https:\/\/www.europesays.com\/no\/wp-content\/uploads\/2026\/01\/1767873607_408_c33980b0-5d07-4027-84a1-813f90a7c8d6.png\"  width=\"480\"\/><\/a><\/li>\n<\/ul>\n<p> Oppdatert torsdag 8. januar kl. 12:18     <\/p>\n<p class=\"_paragraph_o9xde_4 _paragraph_xtcu6_10 layout-component text-serif-m layout-normal text-serif-m layout-padded\">Nestl\u00e9 tilbakekalte denne uken morsmelkerstatning i Norge og en rekke andre land etter funn av toksinet cereulide.<\/p>\n<p class=\"_paragraph_o9xde_4 _paragraph_xtcu6_10 layout-component text-serif-m layout-normal text-serif-m layout-padded\">Tilbakekallingen gjelder enkelte batcher av Nan og Alfamino.<\/p>\n<p class=\"_paragraph_o9xde_4 _paragraph_xtcu6_10 layout-component text-serif-m layout-normal text-serif-m layout-padded\">Toksiner fra bakterien Bacillus cereus kan gi forbig\u00e5ende oppkast, magesmerter og diar\u00e9 hos barna, skriver Folkehelseinstituttet (FHI) p\u00e5 sine <a href=\"https:\/\/www.fhi.no\/nyheter\/2026\/toksiner-i-morsmelkerstatning-og-produkter-for-spesielle-medisinske-formal-fra-nestle\/\" class=\"_link_o9xde_39\" rel=\"nofollow noopener\" target=\"_blank\">nettsider<\/a>.<\/p>\n<p class=\"_paragraph_o9xde_4 _paragraph_xtcu6_10 layout-component text-serif-m layout-normal text-serif-m layout-padded\">\u2013 Spedbarn er s\u00e5rbare for dehydrering, og foreldre b\u00f8r ha lav terskel for \u00e5 kontakte fastlege eller legevakt dersom barnet f\u00e5r oppkast, magesmerter eller diar\u00e9 i l\u00f8pet av det f\u00f8rste d\u00f8gnet etter inntak, sier seniorforsker Solveig Jore ved FHI.<\/p>\n<p class=\"_paragraph_o9xde_4 _paragraph_xtcu6_10 layout-component text-serif-m layout-normal text-serif-m layout-padded\">Symptomer oppst\u00e5r vanligvis innen 30 minutter til 6 timer etter inntak. Barn som ikke har symptomer, trenger ikke oppf\u00f8lging hos lege.<\/p>\n<p class=\"_paragraph_o9xde_4 _paragraph_xtcu6_10 layout-component text-serif-m layout-normal text-serif-m layout-padded\">\u2013 Vanlig rengj\u00f8ring av flasker og annet utstyr som har inneholdt produktene, er tilstrekkelig f\u00f8r videre bruk, sier Jore.<\/p>\n<p class=\"_paragraph_o9xde_4 _paragraph_xtcu6_10 layout-component text-serif-m layout-normal text-serif-m layout-padded\">Produktene ble trukket tilbake som et f\u00f8re-var-tiltak etter at bakterietoksinet cereulide ble funnet i en oljeingrediens som tilsettes disse produktene.<\/p>\n<p class=\"_paragraph_o9xde_4 _paragraph_xtcu6_10 layout-component text-serif-m layout-normal text-serif-m layout-padded\">VG har denne uken snakket med nybakt mor Victoria Senkpiel fra B\u00e6rum, som er bekymret for sin ni uker gamle s\u00f8nn. <\/p>\n<p class=\"_paragraph_o9xde_4 _paragraph_xtcu6_10 layout-component text-serif-m layout-normal text-serif-m layout-padded\">S\u00f8nnen Leopold p\u00e5 ni uker har f\u00e5tt tre bokser med et av produktene som n\u00e5 er tilbakekalt, og med samme batchnummer som det ber\u00f8rte partiet.<\/p>\n<p class=\"_paragraph_o9xde_4 _paragraph_xtcu6_10 layout-component text-serif-m layout-normal text-serif-m layout-padded\">\u2013 S\u00f8nnen min har slitt med l\u00f8s mage i to uker. Jeg begynte \u00e5 mistenke at det kunne v\u00e6re melkeallergi, for jeg syntes det har vart s\u00e5 lenge, sa Senkpiel til VG.<\/p>\n<ul class=\"_list_o9xde_3 _list_xtcu6_9 _unordered_o9xde_106 layout-component text-serif-m layout-normal text-serif-m layout-padded\">\n<li class=\"_item_o9xde_30\"><strong class=\"_strong_o9xde_25\">Les ogs\u00e5: <a href=\"https:\/\/www.vg.no\/helse\/i\/q6L56E\/morsmelkerstatning-fra-nestle-tilbakekalt-etter-funn-av-toksin\" data-track-element-type=\"Link\" data-track-id=\"link:q6L56E\" class=\"_link_o9xde_39\" rel=\"nofollow noopener\" target=\"_blank\">Morsmelkerstatning tilbakekalles &#8211; bekymret for s\u00f8nnen<\/a><\/strong><\/li>\n<\/ul>\n<p class=\"_paragraph_o9xde_4 _paragraph_xtcu6_10 layout-component text-serif-m layout-normal text-serif-m layout-padded\">If\u00f8lge FHI er det s\u00e5 langt ikke rapportert om sykdom hos spedbarn i Norge eller resten av Europa som kan knyttes til disse produktene.<\/p>\n","protected":false},"excerpt":{"rendered":"FHI ber foreldre som har gitt spedbarn de tilbakekalte morsmelkerstatningene fra Nestl\u00e9, om \u00e5 kontakte lege hvis barna&hellip;\n","protected":false},"author":2,"featured_media":132030,"comment_status":"","ping_status":"","sticky":false,"template":"","format":"standard","meta":{"footnotes":""},"categories":[10],"tags":[20,21,24,25,15,22,23,13,30,28,29,14,16,26,27],"class_list":{"0":"post-132029","1":"post","2":"type-post","3":"status-publish","4":"format-standard","5":"has-post-thumbnail","7":"category-norge","8":"tag-breaking-news","9":"tag-breakingnews","10":"tag-featured-news","11":"tag-featurednews","12":"tag-headlines","13":"tag-latest-news","14":"tag-latestnews","15":"tag-news","16":"tag-no","17":"tag-norge","18":"tag-norway","19":"tag-nyheter","20":"tag-overskrifter","21":"tag-top-stories","22":"tag-topstories"},"share_on_mastodon":{"url":"https:\/\/pubeurope.com\/@no\/115859372442199772","error":""},"_links":{"self":[{"href":"https:\/\/www.europesays.com\/no\/wp-json\/wp\/v2\/posts\/132029","targetHints":{"allow":["GET"]}}],"collection":[{"href":"https:\/\/www.europesays.com\/no\/wp-json\/wp\/v2\/posts"}],"about":[{"href":"https:\/\/www.europesays.com\/no\/wp-json\/wp\/v2\/types\/post"}],"author":[{"embeddable":true,"href":"https:\/\/www.europesays.com\/no\/wp-json\/wp\/v2\/users\/2"}],"replies":[{"embeddable":true,"href":"https:\/\/www.europesays.com\/no\/wp-json\/wp\/v2\/comments?post=132029"}],"version-history":[{"count":0,"href":"https:\/\/www.europesays.com\/no\/wp-json\/wp\/v2\/posts\/132029\/revisions"}],"wp:featuredmedia":[{"embeddable":true,"href":"https:\/\/www.europesays.com\/no\/wp-json\/wp\/v2\/media\/132030"}],"wp:attachment":[{"href":"https:\/\/www.europesays.com\/no\/wp-json\/wp\/v2\/media?parent=132029"}],"wp:term":[{"taxonomy":"category","embeddable":true,"href":"https:\/\/www.europesays.com\/no\/wp-json\/wp\/v2\/categories?post=132029"},{"taxonomy":"post_tag","embeddable":true,"href":"https:\/\/www.europesays.com\/no\/wp-json\/wp\/v2\/tags?post=132029"}],"curies":[{"name":"wp","href":"https:\/\/api.w.org\/{rel}","templated":true}]}}