{"id":132031,"date":"2026-01-08T12:01:36","date_gmt":"2026-01-08T12:01:36","guid":{"rendered":"https:\/\/www.europesays.com\/no\/132031\/"},"modified":"2026-01-08T12:01:36","modified_gmt":"2026-01-08T12:01:36","slug":"knallar-pa-norsk-sokkel-hoyeste-oljeproduksjon-siden-2009-dagens-naeringsliv","status":"publish","type":"post","link":"https:\/\/www.europesays.com\/no\/132031\/","title":{"rendered":"Knall\u00e5r p\u00e5 norsk sokkel: H\u00f8yeste oljeproduksjon siden 2009 &#8211; Dagens N\u00e6ringsliv"},"content":{"rendered":"<ol>\n<li><a href=\"https:\/\/news.google.com\/rss\/articles\/CBMivgFBVV95cUxNX2Nickd3VUJ0emRsbUxvNkJTTEtHRjFiMGpRd0ZVdVRjdC1MbkVGc3hOSWkwblJSSFAwWWdRVUE2NkhOQ2I5MUdYMW1vcWdEbFFRVktUVTJIc0pWU3o5S3laenM4N1g4SzRuSGVJbDI5NzZKQWZNRW5JRnU2NWYzN01BZDI4aDdBUW5wQWF3NkticXQ3cS1WeDQ2eklaSHpBc3d0dl94UVk5cDd6R0tuTmJab3Qzb2huNWR2aG1n?oc=5\" target=\"_blank\" rel=\"nofollow noopener\">Knall\u00e5r p\u00e5 norsk sokkel: H\u00f8yeste oljeproduksjon siden 2009<\/a>&nbsp;&nbsp;Dagens N\u00e6ringsliv<\/li>\n<li><a href=\"https:\/\/news.google.com\/rss\/articles\/CBMilAFBVV95cUxQQzFPN1Q5enIwWEQ1bVdjcjA0TUExN1paTzhiWHI2Z2piaGFLVy13TzFNQ18xdjlOSTN5Yi0xNkV1SzMzX3VJRjh0STIyaWlTb0o3RGF5YW85UVVYWGU3U184dk9FaU5QUFB6TUotTHA3aWhCTDhXUFN6NFlWdlNETzMwUk93NkdyX3VsSW9Ua0pzRkdm?oc=5\" target=\"_blank\" rel=\"nofollow noopener\">Sokkel\u00e5ret 2025: \u2013 Fortsatt et historisk h\u00f8yt niv\u00e5<\/a>&nbsp;&nbsp;E24<\/li>\n<li><a href=\"https:\/\/news.google.com\/rss\/articles\/CBMijgFBVV95cUxPazNMb055bDI4YmJoQ0JjdEkwZl9FSXFvMHZheHdJN1NBTDl2aEtGTE9ELThlZEFVcU8yNHI1bG5JWHJxazgyZER4RVdvTE82V3JPNjZHaDR6blFPX3BwMEtIZ1pjbXp0MTBrVVVTYlV2aG5nZ2EyOFBDUF9qbUgtX1ZyTFpBV3RLNmQ3X2d3?oc=5\" target=\"_blank\" rel=\"nofollow noopener\">Rekordh\u00f8y produksjon i olja \u2013 investerer tungt<\/a>&nbsp;&nbsp;NRK<\/li>\n<li><a href=\"https:\/\/news.google.com\/rss\/articles\/CBMijwFBVV95cUxQNm92LVlFLV9FeGhfazVhR05vN2pRQ3JEYlpPUWJWTDlfbGlFTG5DS3Z1eEZqNk5nMFB2a0tRcWFScndnckpjcFV4dTlpNTRrZEk5eXphOUlublB5QVU3bDZOem96UzJzN2trM3RZbktmRDBUMGdfcFFBSGVUWFpJSWZZbHZjMWNSTG11dmdNYw?oc=5\" target=\"_blank\" rel=\"nofollow noopener\">(+) Beste leteresultat p\u00e5 flere \u00e5r \u2013 men forventer fall<\/a>&nbsp;&nbsp;ht.no<\/li>\n<li><a href=\"https:\/\/news.google.com\/rss\/articles\/CBMiugFBVV95cUxNRGJHQ2ZFdU9zcVV3ODR0bGg0T2ZJZ1hESzdmTXFLQjJyVGtYcXE0Z1ZsR045QnVidS1kdlJ5VWpCVkd6N0VnRC03WXhralNxQ01nVXdOM0l0XzE3QUJ6OEtEZWpBX203VHlTdWxDZlJmT2ttMmRCTFJGNWZ3UTkwdDBHa0kzM3ktN1BxeGtjUUIwMGJ0Tm1LNExmZVNzYmdCNy1Kb1lTWjNRb21qak43ZllXT2hrOHhMQ1E?oc=5\" target=\"_blank\" rel=\"nofollow noopener\">Sokkeldirektoratet venter over seks prosent nedgang i investeringer p\u00e5 sokkelen i \u00e5r<\/a>&nbsp;&nbsp;Teknisk Ukeblad<\/li>\n<\/ol>\n","protected":false},"excerpt":{"rendered":"Knall\u00e5r p\u00e5 norsk sokkel: H\u00f8yeste oljeproduksjon siden 2009&nbsp;&nbsp;Dagens N\u00e6ringsliv Sokkel\u00e5ret 2025: \u2013 Fortsatt et historisk h\u00f8yt niv\u00e5&nbsp;&nbsp;E24 Rekordh\u00f8y&hellip;\n","protected":false},"author":2,"featured_media":132032,"comment_status":"","ping_status":"","sticky":false,"template":"","format":"standard","meta":{"footnotes":""},"categories":[5],"tags":[20,21,24,25,15,19,22,23,17,18,13,30,28,29,14,16,26,27],"class_list":{"0":"post-132031","1":"post","2":"type-post","3":"status-publish","4":"format-standard","5":"has-post-thumbnail","7":"category-overskrifter","8":"tag-breaking-news","9":"tag-breakingnews","10":"tag-featured-news","11":"tag-featurednews","12":"tag-headlines","13":"tag-hovedoppslag","14":"tag-latest-news","15":"tag-latestnews","16":"tag-main-news","17":"tag-mainnews","18":"tag-news","19":"tag-no","20":"tag-norge","21":"tag-norway","22":"tag-nyheter","23":"tag-overskrifter","24":"tag-top-stories","25":"tag-topstories"},"share_on_mastodon":{"url":"https:\/\/pubeurope.com\/@no\/115859376318360032","error":""},"_links":{"self":[{"href":"https:\/\/www.europesays.com\/no\/wp-json\/wp\/v2\/posts\/132031","targetHints":{"allow":["GET"]}}],"collection":[{"href":"https:\/\/www.europesays.com\/no\/wp-json\/wp\/v2\/posts"}],"about":[{"href":"https:\/\/www.europesays.com\/no\/wp-json\/wp\/v2\/types\/post"}],"author":[{"embeddable":true,"href":"https:\/\/www.europesays.com\/no\/wp-json\/wp\/v2\/users\/2"}],"replies":[{"embeddable":true,"href":"https:\/\/www.europesays.com\/no\/wp-json\/wp\/v2\/comments?post=132031"}],"version-history":[{"count":0,"href":"https:\/\/www.europesays.com\/no\/wp-json\/wp\/v2\/posts\/132031\/revisions"}],"wp:featuredmedia":[{"embeddable":true,"href":"https:\/\/www.europesays.com\/no\/wp-json\/wp\/v2\/media\/132032"}],"wp:attachment":[{"href":"https:\/\/www.europesays.com\/no\/wp-json\/wp\/v2\/media?parent=132031"}],"wp:term":[{"taxonomy":"category","embeddable":true,"href":"https:\/\/www.europesays.com\/no\/wp-json\/wp\/v2\/categories?post=132031"},{"taxonomy":"post_tag","embeddable":true,"href":"https:\/\/www.europesays.com\/no\/wp-json\/wp\/v2\/tags?post=132031"}],"curies":[{"name":"wp","href":"https:\/\/api.w.org\/{rel}","templated":true}]}}