{"id":132037,"date":"2026-01-08T12:08:10","date_gmt":"2026-01-08T12:08:10","guid":{"rendered":"https:\/\/www.europesays.com\/no\/132037\/"},"modified":"2026-01-08T12:08:10","modified_gmt":"2026-01-08T12:08:10","slug":"strompris-norgespris-historisk-stromrekord-na-skyter-ogsa-prisen-til-himmels","status":"publish","type":"post","link":"https:\/\/www.europesays.com\/no\/132037\/","title":{"rendered":"Str\u00f8mpris, Norgespris | Historisk str\u00f8mrekord: N\u00e5 skyter ogs\u00e5 prisen til himmels"},"content":{"rendered":"\n<p>Onsdag kom Statnett med melding om at Norge har satt ny rekord i str\u00f8mforbruk.<\/p>\n<p>I l\u00f8pet av \u00e9n time ble det brukt 25.309 MWh &#8211; tilsvarende 25,3 millioner vanlige panelovner. Det er 79 MWh mer enn den gamle rekorden fra 2021.<\/p>\n<p>En ny rekord kan komme allerede i ettermiddag.<\/p>\n<p>\u2013 Det kalde v\u00e6ret over store deler av Norge medf\u00f8rer at vi n\u00e5 bruker mer str\u00f8m p\u00e5 oppvarming og det er nok hovedforklaringen p\u00e5 den nye rekorden, sier Peer Olav \u00d8stli konserndirekt\u00f8r for systemdrift og marked i Statnett.<\/p>\n<p>Str\u00f8mprisen rett til himmels<\/p>\n<p>Kort tid etter kommer meldingen fra str\u00f8mb\u00f8rsen at str\u00f8mprisen torsdag skyter rett til himmels.<\/p>\n<p>Str\u00f8mprisene ligger rundt 1,20 kroner per kWh gjennom hele natten, men fra morgen av klatrer, og klatrer, og klatrer prisene.<\/p>\n<p>Aller dyrest blir det p\u00e5 \u00d8stlandet, som f\u00e5r en voldsom pristopp p\u00e5 ettermiddagen.<\/p>\n<p>Str\u00f8mselskapene m\u00e5 faktisk betale hele 5,05 kroner per kWh i det siste kvarteret f\u00f8r klokken 17 p\u00e5 ettermiddagen. Men fordi str\u00f8mkundene <a rel=\"Follow nofollow noopener\" href=\"https:\/\/www.nettavisen.no\/okonomi\/na-skal-stromprisen-endres-96-ganger-i-dognet\/s\/5-95-2335091\" target=\"_blank\">bare m\u00e5 betale prisen for gjennomsnittet av de fire kvarterene i en time<\/a>, blir snittprisen mellom 16 og 17 \u00abbare\u00bb 4,29 kroner per kWh.<\/p>\n<p>Langt over Norgespris<\/p>\n<p>Lignende priser f\u00e5r man b\u00e5de i S\u00f8rvest-Norge og p\u00e5 Vestlandet, med gjennomsnittlige str\u00f8mpriser gjennom d\u00f8gnet p\u00e5 mer enn fire ganger Norgespris.<\/p>\n<p>Str\u00f8mprisen vil ligge over innslagspunktet for str\u00f8mst\u00f8tte gjennom hele d\u00f8gnet i de tre s\u00f8rlige prisomr\u00e5dene. Med Norgespris er prisen stabil p\u00e5 50 \u00f8re.<\/p>\n<p>I Midt-Norge f\u00e5r litt lavere priser, men med en snittpris p\u00e5 1,25 kroner kWh gjennom d\u00f8gnet, blir ogs\u00e5 Norgespris der en godt hjelp.<\/p>\n<p>Les ogs\u00e5: <a class=\"simple-relation related-teaser article--c-eRUmMG article--c-eRUmMG-fZoQSp-design-nettavisen article--c-eRUmMG-gwthdJ-cv\" href=\"https:\/\/www.nettavisen.no\/ba-folk-vakne-98-4-prosent-har-ignorert-radet\/s\/5-95-2809589\" rel=\"nofollow noopener\" target=\"_blank\">Ba folk v\u00e5kne: 98,4 prosent har ignorert r\u00e5det<\/a><\/p>\n<p>Prisen i Nord-Norge er derimot p\u00e5 betydelig lavere niv\u00e5er, etter noen dager der prisen har v\u00e6rt nesten identisk i hele landet.<\/p>\n","protected":false},"excerpt":{"rendered":"Onsdag kom Statnett med melding om at Norge har satt ny rekord i str\u00f8mforbruk. I l\u00f8pet av \u00e9n&hellip;\n","protected":false},"author":2,"featured_media":132038,"comment_status":"","ping_status":"","sticky":false,"template":"","format":"standard","meta":{"footnotes":""},"categories":[5],"tags":[20,21,24,25,15,19,22,23,17,18,13,30,28,29,14,16,26,27],"class_list":{"0":"post-132037","1":"post","2":"type-post","3":"status-publish","4":"format-standard","5":"has-post-thumbnail","7":"category-overskrifter","8":"tag-breaking-news","9":"tag-breakingnews","10":"tag-featured-news","11":"tag-featurednews","12":"tag-headlines","13":"tag-hovedoppslag","14":"tag-latest-news","15":"tag-latestnews","16":"tag-main-news","17":"tag-mainnews","18":"tag-news","19":"tag-no","20":"tag-norge","21":"tag-norway","22":"tag-nyheter","23":"tag-overskrifter","24":"tag-top-stories","25":"tag-topstories"},"share_on_mastodon":{"url":"https:\/\/pubeurope.com\/@no\/115859403760233351","error":""},"_links":{"self":[{"href":"https:\/\/www.europesays.com\/no\/wp-json\/wp\/v2\/posts\/132037","targetHints":{"allow":["GET"]}}],"collection":[{"href":"https:\/\/www.europesays.com\/no\/wp-json\/wp\/v2\/posts"}],"about":[{"href":"https:\/\/www.europesays.com\/no\/wp-json\/wp\/v2\/types\/post"}],"author":[{"embeddable":true,"href":"https:\/\/www.europesays.com\/no\/wp-json\/wp\/v2\/users\/2"}],"replies":[{"embeddable":true,"href":"https:\/\/www.europesays.com\/no\/wp-json\/wp\/v2\/comments?post=132037"}],"version-history":[{"count":0,"href":"https:\/\/www.europesays.com\/no\/wp-json\/wp\/v2\/posts\/132037\/revisions"}],"wp:featuredmedia":[{"embeddable":true,"href":"https:\/\/www.europesays.com\/no\/wp-json\/wp\/v2\/media\/132038"}],"wp:attachment":[{"href":"https:\/\/www.europesays.com\/no\/wp-json\/wp\/v2\/media?parent=132037"}],"wp:term":[{"taxonomy":"category","embeddable":true,"href":"https:\/\/www.europesays.com\/no\/wp-json\/wp\/v2\/categories?post=132037"},{"taxonomy":"post_tag","embeddable":true,"href":"https:\/\/www.europesays.com\/no\/wp-json\/wp\/v2\/tags?post=132037"}],"curies":[{"name":"wp","href":"https:\/\/api.w.org\/{rel}","templated":true}]}}