{"id":132039,"date":"2026-01-08T12:10:11","date_gmt":"2026-01-08T12:10:11","guid":{"rendered":"https:\/\/www.europesays.com\/no\/132039\/"},"modified":"2026-01-08T12:10:11","modified_gmt":"2026-01-08T12:10:11","slug":"blitt-mamma-for-forste-gang","status":"publish","type":"post","link":"https:\/\/www.europesays.com\/no\/132039\/","title":{"rendered":"Blitt mamma for f\u00f8rste gang"},"content":{"rendered":"<p class=\"kicker \" style=\"\">Sara Montazami:<\/p>\n<p>    Influenser og kjendisdatter Sara Montazami har blitt mor for f\u00f8rste gang. N\u00e5 deler hun bilder &#8211; og r\u00f8per navnet p\u00e5 den nyf\u00f8dte.\u00a0<\/p>\n<p>\n    BLITT MOR: Sara Montazami, datter av den svenske hollywoodfruen Maria Montazami (60), har blitt mor for f\u00f8rste gang. N\u00e5 r\u00f8per hun detaljer rundt det nyf\u00f8dte barnet. Foto: Skjermbilde: @saramontazami \/ Instagram\n  <\/p>\n<p>Influenser og TV-personlighet Sara Montazami (35) og ektemannen Diego Valdivia (25) har blitt foreldre.<\/p>\n<p class=\"font-weight-bold m-font-weight-bold\" data-lab-font_weight=\"font-weight-bold\">Det melder Montazami <a href=\"https:\/\/www.instagram.com\/p\/DTN1X9zDtV8\/?igsh=MTVpOGhhd2YyY2h2aA%3D%3D\" rel=\"nofollow noopener\" target=\"_blank\">p\u00e5 Instagram<\/a>\u00a0torsdag.<\/p>\n<p>    <a itemprop=\"url\" href=\"https:\/\/www.seher.no\/kjendis\/har-sluttet-a-prove\/84067679\" rel=\"nofollow noopener\" target=\"_blank\"><\/p>\n<p>        <img loading=\"lazy\" decoding=\"async\" src=\"https:\/\/www.europesays.com\/no\/wp-content\/uploads\/2026\/01\/1767874209_760_81571897.webp.webp\" width=\"980\" height=\"441\" title=\"- Har sluttet \u00e5 pr\u00f8ve\" alt=\"\" class=\"lazyload\" style=\"--aspect-ratio-image: 2.22; \"\/><\/p>\n<p>        &#8211; Har sluttet \u00e5 pr\u00f8ve<\/p>\n<p>    <\/a><\/p>\n<p>\u00abVelkommen til verden, min lille kj\u00e6re\u00bb, skriver 35-\u00e5ringen i et innlegg, etterfulgt av et bilde av det lille nurket.<\/p>\n<p> Videre r\u00f8per influenseren at gutten har f\u00e5tt navnet Rio Wilder Valdivia. <\/p>\n<p>Kjendis-mamma\t<\/p>\n<p>Sara Montazami er datteren til TV-personlighet Maria Montazami.\u00a0<\/p>\n<p>60-\u00e5ringen er blant annet kjent fra TV-suksessen \u00abSvenske Hollywoodfruer\u00bb, hvor seerne fikk f\u00f8lge hennes lukseri\u00f8se liv i Los Angeles med ektemannen Kamran og deres fire barn. <\/p>\n<p>    <a itemprop=\"url\" href=\"https:\/\/www.seher.no\/kjendis\/greys-anatomy-stjerne-roper-sjelden-diagnose\/84061072\" rel=\"nofollow noopener\" target=\"_blank\"><\/p>\n<p>        <img loading=\"lazy\" decoding=\"async\" src=\"https:\/\/www.europesays.com\/no\/wp-content\/uploads\/2026\/01\/84061627.webp.webp\" width=\"980\" height=\"441\" title=\"\u00abGrey's Anatomy\u00bb-stjerne r\u00f8per sjelden diagnose\" alt=\"\" class=\"lazyload\" style=\"--aspect-ratio-image: 2.22; \"\/><\/p>\n<p>        \u00abGrey&#8217;s Anatomy\u00bb-stjerne r\u00f8per sjelden diagnose<\/p>\n<p>    <\/a><\/p>\n<p> Maria Montazami har deltatt i flere TV-programmer og reklamer, og er en kjent blogger og mediepersonlighet i Skandinavia. Hun har ogs\u00e5 v\u00e6rt med i programmer som svenske \u00abSkal vi danse\u00bb og \u00abForr\u00e6der\u00bb, og ikke minst det norske TV-programmet \u00abCamp Kulinaris\u00bb.\u00a0<\/p>\n<p>        <img loading=\"lazy\" decoding=\"async\" src=\"https:\/\/www.europesays.com\/no\/wp-content\/uploads\/2026\/01\/84070809.webp.webp\" width=\"667\" height=\"567\" title=\"BESTEMOR FOR F\u00d8RSTE GANG: Maria Montazami har n\u00e5 blitt bestemor for f\u00f8rste gang. Foto: Skjermdump\/Instagram.\" alt=\"\" class=\"\" style=\"--aspect-ratio-image: 1.18; \"\/><\/p>\n<p>\n        BESTEMOR FOR F\u00d8RSTE GANG: Maria Montazami har n\u00e5 blitt bestemor for f\u00f8rste gang. Foto: Skjermdump\/Instagram.\n    <\/p>\n<p>&#8211; S\u00e5 moro\t<\/p>\n<p>Da datteren Sara i fjor sommer annonserte at hun ventet sitt f\u00f8rste barn, ble Maria Montazami sjeleglad.\u00a0<\/p>\n<p>Den svenske hollywoodfruen tok til orde p\u00e5 Instagram, hvor hun skrev at hun gledet seg stort:<\/p>\n<p class=\"font-weight-bold m-font-weight-bold\" data-lab-font_weight=\"font-weight-bold\">\u00abS\u00e5 moro \u00e5 skulle bli bestemor, eller hva jeg skal kalle meg. Dere kommer til \u00e5 bli de beste foreldrene, og jeg elsker dere s\u00e5 h\u00f8yt\u00bb, skrev hun den gang.\u00a0<\/p>\n<p>        FEIRING: De forskjellige kongehusene har mye p\u00e5 tapeten i 2026, men det er ikke sikkert at alt g\u00e5r som planlagt for kronprinsesse Mette-Marit og kronprins Haakon. Video: Swedish Press Agency \/ H\u00e5vard Bj\u00f8rnerem &#8211; Se og H\u00f8r \/\/ Foto: NTB<\/p>\n<p>Str\u00f8mmer inn\t<\/p>\n<p>N\u00e5 som Maria Montazamis f\u00f8rste barnebarn har blitt f\u00f8dt, sparer hun ikke p\u00e5 kruttet i kommentarfeltet denne gangen heller:\u00a0\u00a0<\/p>\n<p>\u00abSara og Diego, gratulerer med det lille mirakelet dere har gitt familien v\u00e5r!! Han er s\u00e5\u00e5\u00e5 s\u00f8t. Vi elsker ham s\u00e5 h\u00f8yt\u00bb, skriver den tidligere Hollywood-kona og TV-personligheten.\u00a0<\/p>\n<p>        ROMANSERYKTER: Sondre Sundby har endelig f\u00e5tt seg kj\u00e6reste, men r\u00f8per at dama kan bli sjalu p\u00e5 forholdet hans til \u00abFarmen kjendis\u00bb-kollegaen. Reporter: Thea Hope\/Nora Skavhaug. Video: Sanne Holt\/ TV 2\/ R\u00f8d L\u00f8per<\/p>\n<p>I skrivende stund str\u00f8mmer det inn med gratulasjoner og lovord til Sara Montazami og ektemannen fra b\u00e5de nasjonale og internasjonale f\u00f8lgere.<\/p>\n<p>De gratuleres ogs\u00e5 av kjendiser som Gunilla Persson, Ida Warg og Angelica Blick.\u00a0<\/p>\n<p><script async src=\"\/\/www.instagram.com\/embed.js\"><\/script><\/p>\n","protected":false},"excerpt":{"rendered":"Sara Montazami: Influenser og kjendisdatter Sara Montazami har blitt mor for f\u00f8rste gang. N\u00e5 deler hun bilder &#8211;&hellip;\n","protected":false},"author":2,"featured_media":132040,"comment_status":"","ping_status":"","sticky":false,"template":"","format":"standard","meta":{"footnotes":""},"categories":[58],"tags":[71,479,2543,15279,30,28,29,72],"class_list":{"0":"post-132039","1":"post","2":"type-post","3":"status-publish","4":"format-standard","5":"has-post-thumbnail","7":"category-underholdning","8":"tag-entertainment","9":"tag-kjendis","10":"tag-kjendisdesken","11":"tag-maria-montazami","12":"tag-no","13":"tag-norge","14":"tag-norway","15":"tag-underholdning"},"share_on_mastodon":{"url":"https:\/\/pubeurope.com\/@no\/115859411701269559","error":""},"_links":{"self":[{"href":"https:\/\/www.europesays.com\/no\/wp-json\/wp\/v2\/posts\/132039","targetHints":{"allow":["GET"]}}],"collection":[{"href":"https:\/\/www.europesays.com\/no\/wp-json\/wp\/v2\/posts"}],"about":[{"href":"https:\/\/www.europesays.com\/no\/wp-json\/wp\/v2\/types\/post"}],"author":[{"embeddable":true,"href":"https:\/\/www.europesays.com\/no\/wp-json\/wp\/v2\/users\/2"}],"replies":[{"embeddable":true,"href":"https:\/\/www.europesays.com\/no\/wp-json\/wp\/v2\/comments?post=132039"}],"version-history":[{"count":0,"href":"https:\/\/www.europesays.com\/no\/wp-json\/wp\/v2\/posts\/132039\/revisions"}],"wp:featuredmedia":[{"embeddable":true,"href":"https:\/\/www.europesays.com\/no\/wp-json\/wp\/v2\/media\/132040"}],"wp:attachment":[{"href":"https:\/\/www.europesays.com\/no\/wp-json\/wp\/v2\/media?parent=132039"}],"wp:term":[{"taxonomy":"category","embeddable":true,"href":"https:\/\/www.europesays.com\/no\/wp-json\/wp\/v2\/categories?post=132039"},{"taxonomy":"post_tag","embeddable":true,"href":"https:\/\/www.europesays.com\/no\/wp-json\/wp\/v2\/tags?post=132039"}],"curies":[{"name":"wp","href":"https:\/\/api.w.org\/{rel}","templated":true}]}}