{"id":132043,"date":"2026-01-08T12:12:08","date_gmt":"2026-01-08T12:12:08","guid":{"rendered":"https:\/\/www.europesays.com\/no\/132043\/"},"modified":"2026-01-08T12:12:08","modified_gmt":"2026-01-08T12:12:08","slug":"naeringsliv-skien-store-endringer-pa-herkules","status":"publish","type":"post","link":"https:\/\/www.europesays.com\/no\/132043\/","title":{"rendered":"N\u00e6ringsliv, Skien | Store endringer p\u00e5 Herkules"},"content":{"rendered":"\n<p>&#8211; Det skjer veldig mange endringer hos oss denne v\u00e5ren, nye butikker kommer inn og eksisterende butikker bygger om eller flytter p\u00e5 seg for \u00e5 f\u00e5 mer plass \u2013 det blir et hektisk og spennende \u00e5r, uttaler senterleder p\u00e5 Herkules Bent Rosenberg.<\/p>\n<p>Torsdag kunne han avsl\u00f8re tre nye signeringer.<\/p>\n<p><b>&#8211; Vi kan informere om at Sport Outlet, Bohus og Lampehuset skal \u00e5pne nye butikker hos oss i l\u00f8pet av v\u00e5ren.<\/b><\/p>\n<p>    Vil du se neste video?<\/p>\n<p>    <a href=\"https:\/\/www.ta.no\/her-forsyner-den-frekke-tyven-seg\/v\/5-50-2255188\" class=\"recommend-poster\" data-adp-clicklabel=\"video-recommend\" data-adp-clickvalue=\"poster\" rel=\"nofollow noopener\" target=\"_blank\"><br \/>\n      <img decoding=\"async\" width=\"200\" height=\"200\" loading=\"lazy\" src=\"https:\/\/www.europesays.com\/no\/wp-content\/uploads\/2026\/01\/v-i-ef20ec5d-a59c-483d-b0e0-805272d0aaee-1.jpg\" alt=\"\" class=\"brick-c-cFOWSL\" style=\"--brick-image-ratio: 200 \/ 200;\"\/><\/p>\n<p>Her forsyner den frekke tyven seg0:37<\/p>\n<p>    <\/a><\/p>\n<p>Starter byggingen<\/p>\n<p>Byggingen av butikkene starter om f\u00e5 dager. Det er cirka 2.500 kvadratmeter med butikkareal som skal gj\u00f8res klar f\u00f8r \u00e5pningene kan skje i tidsrommet april \u2013 juni 2026.<\/p>\n<p>Disse nye butikkene gir kundene til Herkules ytterligere valgmuligheter innen bransjene hjem og sport, som allerede utgj\u00f8r cirka 39% av senterets omsetning.<\/p>\n<p>&#8211; Vi \u00f8nsker \u00e5 friste v\u00e5re kunder til \u00e5 bes\u00f8ke oss, komme for \u00e5 se nye butikker, ta og kjenne p\u00e5 varer for \u00e5 f\u00e5 inspirasjon \u2013 sitte igjen med f\u00f8lelsen av en god opplevelse og gode kj\u00f8p, sier Rosenberg.<\/p>\n<p>Store endringer<\/p>\n<p>Dette er bare tre av en rekke endringer p\u00e5 Herkules i tiden fremover.<\/p>\n<p>Lekebutikken Sprell \u00e5pner i de tidligere lokalene til Kremmerhuset. Ringo har flyttet ut og Feel flytter sin butikk til dette lokalet.<\/p>\n<p>Der Feel ligger i dag \u00e5pner Lampehuset.<\/p>\n<p>Telenor \u00e5pner en ny st\u00f8rre butikk der fris\u00f8rkjeden Cutters har holdt til, mens Cutters har flyttet til de tidligere lokalene til Body shop.<\/p>\n<p>Skokjeden Skoringen flytter inn der Normal og Telenor-butikken er i dag, mens Normal skal \u00e5pne en ny og st\u00f8rre butikk der Jernia l\u00e5 tidligere.<\/p>\n<p>Jernia p\u00e5 sin side flytter ned til underetasjen der Lampehuset holdt til f\u00f8r.<\/p>\n","protected":false},"excerpt":{"rendered":"&#8211; Det skjer veldig mange endringer hos oss denne v\u00e5ren, nye butikker kommer inn og eksisterende butikker bygger&hellip;\n","protected":false},"author":2,"featured_media":132044,"comment_status":"","ping_status":"","sticky":false,"template":"","format":"standard","meta":{"footnotes":""},"categories":[56],"tags":[36,60,61,4095,62,30,28,29,393,1510],"class_list":{"0":"post-132043","1":"post","2":"type-post","3":"status-publish","4":"format-standard","5":"has-post-thumbnail","7":"category-naeringsliv","8":"tag-art","9":"tag-business","10":"tag-economy","11":"tag-herkules","12":"tag-naeringsliv","13":"tag-no","14":"tag-norge","15":"tag-norway","16":"tag-skien","17":"tag-story"},"share_on_mastodon":{"url":"https:\/\/pubeurope.com\/@no\/115859419498862359","error":""},"_links":{"self":[{"href":"https:\/\/www.europesays.com\/no\/wp-json\/wp\/v2\/posts\/132043","targetHints":{"allow":["GET"]}}],"collection":[{"href":"https:\/\/www.europesays.com\/no\/wp-json\/wp\/v2\/posts"}],"about":[{"href":"https:\/\/www.europesays.com\/no\/wp-json\/wp\/v2\/types\/post"}],"author":[{"embeddable":true,"href":"https:\/\/www.europesays.com\/no\/wp-json\/wp\/v2\/users\/2"}],"replies":[{"embeddable":true,"href":"https:\/\/www.europesays.com\/no\/wp-json\/wp\/v2\/comments?post=132043"}],"version-history":[{"count":0,"href":"https:\/\/www.europesays.com\/no\/wp-json\/wp\/v2\/posts\/132043\/revisions"}],"wp:featuredmedia":[{"embeddable":true,"href":"https:\/\/www.europesays.com\/no\/wp-json\/wp\/v2\/media\/132044"}],"wp:attachment":[{"href":"https:\/\/www.europesays.com\/no\/wp-json\/wp\/v2\/media?parent=132043"}],"wp:term":[{"taxonomy":"category","embeddable":true,"href":"https:\/\/www.europesays.com\/no\/wp-json\/wp\/v2\/categories?post=132043"},{"taxonomy":"post_tag","embeddable":true,"href":"https:\/\/www.europesays.com\/no\/wp-json\/wp\/v2\/tags?post=132043"}],"curies":[{"name":"wp","href":"https:\/\/api.w.org\/{rel}","templated":true}]}}