{"id":132049,"date":"2026-01-08T12:25:21","date_gmt":"2026-01-08T12:25:21","guid":{"rendered":"https:\/\/www.europesays.com\/no\/132049\/"},"modified":"2026-01-08T12:25:21","modified_gmt":"2026-01-08T12:25:21","slug":"flere-beboere-vil-flytte-ut-her-far-retten-se-leilighetene-fvn-no","status":"publish","type":"post","link":"https:\/\/www.europesays.com\/no\/132049\/","title":{"rendered":"(+) Flere beboere vil flytte ut. Her f\u00e5r retten se leilighetene. &#8211; fvn.no"},"content":{"rendered":"<ol>\n<li><a href=\"https:\/\/news.google.com\/rss\/articles\/CBMimwFBVV95cUxQVGdUS19XZEZCVFNvZmVBX1BIZEczel9ySkVUejJ1SXRoMTZWNTQyN2dSQ3pvcXAyV3pWN01ka2FaS21NaFAyMmRCc0tkQjJ1R0hybXlMaGxTZVJUZEoxSkR1OTJTb3lmZVNRbDJOR1l0QkdneXQxdG5Eb0xCUVcweHFLbEw3OFFVWHM0bkxoR3BJTkJwSnRaZzE2WQ?oc=5\" target=\"_blank\" rel=\"nofollow noopener\">(+) Flere beboere vil flytte ut. Her f\u00e5r retten se leilighetene.<\/a>&nbsp;&nbsp;fvn.no<\/li>\n<li><a href=\"https:\/\/news.google.com\/rss\/articles\/CBMirgFBVV95cUxNYkpwUDhNWS0tQWFUZGxoX28wZHNPYWVacko2ajU3Rk0zc0hqWGtFa2RUT083eWxDMGhPZnFMbGYzSUNnQWNlS2pNZjZ1TUhNVC1peUVIYUhILTZyS2NvY0E5cXp1bnhBVUtnQ2ljME15NDlqQ3FDQjhmbFRacGJ6QnhpZ2JCcHJleFNEZ0toMXpQYl9oSi1ENnJQNDZIR3FFek5Xc09MejVSa1VQbWc?oc=5\" target=\"_blank\" rel=\"nofollow noopener\">Vidar Aamodt: \u2013 Det ble tidlig vanskelig<\/a>&nbsp;&nbsp;KRS &#8211; Avisen Kristiansand<\/li>\n<li><a href=\"https:\/\/news.google.com\/rss\/articles\/CBMitgFBVV95cUxOR09VWENkdnNFRUp6XzdQem1BWjJZRWtKam5jYUhuSndjMGM4TXN4cExBYUZ3Y202TmpCSUtJM1NEcEQ1eEVsby1JSXJUTUJCQWtSaE9WcGctZF9abFlRT3N6c1pWaXZIaVNTSGh3RTBpTUNiWmdqV3NvTmJtci1JZWdQazFmeXlTU2NRdFBzbFRyYmgyNzNzLTVmaTVtdGVXdXVNdUhwRFBJVjF3MDhQLU5NWXlVdw?oc=5\" target=\"_blank\" rel=\"nofollow noopener\">Krever 24 millioner i prisavslag for feil i leilighetsbygget: \u2013 Det er stor avstand<\/a>&nbsp;&nbsp;venneslatidende.no<\/li>\n<li><a href=\"https:\/\/news.google.com\/rss\/articles\/CBMijAFBVV95cUxNWWdiWG41TWtmRGQ5M1RmWVJjNFBkYmg0cmhTaVdaeDNuQVRnbnRwdFZuNWhTU2Naalg1dkZtZThDSDIzVmk1cDhxMHNnbjFwcVkxYnVHczFWQkNaRWhmUTNRa0RWeFJ1QndFdnVOYWE0R050WGFsUlhYMVJPLVFYUVJ4WVhYcXVIZ2E4MQ?oc=5\" target=\"_blank\" rel=\"nofollow noopener\">(+) \u2013 Vi har frosset fra vi flyttet inn. Det t\u00e6rer s\u00e5 p\u00e5.<\/a>&nbsp;&nbsp;fvn.no<\/li>\n<li><a href=\"https:\/\/news.google.com\/rss\/articles\/CBMilgFBVV95cUxQR1BoamF3ajhwVUZFRUt1VEhDM3BKMmNUS09Hc2RpT2lPbkxBSndzWmRXX3YzeTlOUG42WkJWNmJGbkZ6emdhUTFvUk4xMzN1RV84cWNwcGZWUUJEbTVpaWt2Y1BrZW9vcEg1dkY0dzdRa3UwaFBwcl9leGZ3dmFIWldKNGpxWF8tUmlDcldmeTVqYjYxZkE?oc=5\" target=\"_blank\" rel=\"nofollow noopener\">\u2013 Jeg banner ikke. Men det har v\u00e6rt et sant helvete \u00e5 bo der<\/a>&nbsp;&nbsp;KRS &#8211; Avisen Kristiansand<\/li>\n<\/ol>\n","protected":false},"excerpt":{"rendered":"(+) Flere beboere vil flytte ut. Her f\u00e5r retten se leilighetene.&nbsp;&nbsp;fvn.no Vidar Aamodt: \u2013 Det ble tidlig vanskelig&nbsp;&nbsp;KRS&hellip;\n","protected":false},"author":2,"featured_media":132050,"comment_status":"","ping_status":"","sticky":false,"template":"","format":"standard","meta":{"footnotes":""},"categories":[10],"tags":[20,21,15280,24,25,15,22,23,2620,13,30,28,29,14,16,572,26,27,4807],"class_list":{"0":"post-132049","1":"post","2":"type-post","3":"status-publish","4":"format-standard","5":"has-post-thumbnail","7":"category-norge","8":"tag-breaking-news","9":"tag-breakingnews","10":"tag-cathy-quist","11":"tag-featured-news","12":"tag-featurednews","13":"tag-headlines","14":"tag-latest-news","15":"tag-latestnews","16":"tag-leiligheter","17":"tag-news","18":"tag-no","19":"tag-norge","20":"tag-norway","21":"tag-nyheter","22":"tag-overskrifter","23":"tag-okonomi","24":"tag-top-stories","25":"tag-topstories","26":"tag-vennesla"},"share_on_mastodon":{"url":"https:\/\/pubeurope.com\/@no\/115859470751764116","error":""},"_links":{"self":[{"href":"https:\/\/www.europesays.com\/no\/wp-json\/wp\/v2\/posts\/132049","targetHints":{"allow":["GET"]}}],"collection":[{"href":"https:\/\/www.europesays.com\/no\/wp-json\/wp\/v2\/posts"}],"about":[{"href":"https:\/\/www.europesays.com\/no\/wp-json\/wp\/v2\/types\/post"}],"author":[{"embeddable":true,"href":"https:\/\/www.europesays.com\/no\/wp-json\/wp\/v2\/users\/2"}],"replies":[{"embeddable":true,"href":"https:\/\/www.europesays.com\/no\/wp-json\/wp\/v2\/comments?post=132049"}],"version-history":[{"count":0,"href":"https:\/\/www.europesays.com\/no\/wp-json\/wp\/v2\/posts\/132049\/revisions"}],"wp:featuredmedia":[{"embeddable":true,"href":"https:\/\/www.europesays.com\/no\/wp-json\/wp\/v2\/media\/132050"}],"wp:attachment":[{"href":"https:\/\/www.europesays.com\/no\/wp-json\/wp\/v2\/media?parent=132049"}],"wp:term":[{"taxonomy":"category","embeddable":true,"href":"https:\/\/www.europesays.com\/no\/wp-json\/wp\/v2\/categories?post=132049"},{"taxonomy":"post_tag","embeddable":true,"href":"https:\/\/www.europesays.com\/no\/wp-json\/wp\/v2\/tags?post=132049"}],"curies":[{"name":"wp","href":"https:\/\/api.w.org\/{rel}","templated":true}]}}