{"id":132051,"date":"2026-01-08T12:26:36","date_gmt":"2026-01-08T12:26:36","guid":{"rendered":"https:\/\/www.europesays.com\/no\/132051\/"},"modified":"2026-01-08T12:26:36","modified_gmt":"2026-01-08T12:26:36","slug":"strompriser-norgespris-hundrelappene-flyr-fikk-aha-opplevelse-pa-norgespris","status":"publish","type":"post","link":"https:\/\/www.europesays.com\/no\/132051\/","title":{"rendered":"Str\u00f8mpriser, Norgespris | Hundrelappene flyr \u2013 fikk aha-opplevelse p\u00e5 Norgespris"},"content":{"rendered":"\n<p><a href=\"https:\/\/www.tk.no\/hundrelappene-flyr-hva-gjor-vi-med-norgespris-na\/o\/5-51-1794074\" rel=\"Follow nofollow noopener\" target=\"_blank\">(Tidens Krav)<\/a>: Vi nordmenn vurderer sjelden fastrente p\u00e5 boligl\u00e5net. Vi regner med at det er det bare banken som vil tjene p\u00e5, og det unner vi den ikke. Men b\u00f8r vi tenke likedan om Norgespris?<\/p>\n<p>Ved 17-tiden mandag denne uken m\u00e5tte du betale 120 \u00f8re for en kilowattime \u2013 og det er etter str\u00f8mst\u00f8tte. Snittprisen f\u00f8r str\u00f8mst\u00f8tte passerer to kroner. Er pendelen med \u00e5 droppe fastprisavtalen til 50 \u00f8re i ferd med \u00e5 svinge over mot tap \u2013 ogs\u00e5 p\u00e5 Nordm\u00f8re?<\/p>\n<p>Det er ikke f\u00f8rste gang prisene g\u00e5r i v\u00e6ret i forbindelse med at det er varslet en kuldeperiode i januar. S\u00e5nn sett er det ingen grunn til \u00e5 ta kortsiktige beslutninger i panikk over hundrelapper som daglig suges inn i sikringsskapet.<\/p>\n<p>1. nytt\u00e5rsdag fikk du og jeg fasiten for hva vi betalte i 2025 p\u00e5 elhub.no. Etter fratrekk av str\u00f8mst\u00f8tte, og f\u00f8r p\u00e5slag fra str\u00f8mselskapet, slapp vi med 8.439 kroner for v\u00e5re knapt 25.000 kWh, mot 12.339 kroner om vi hadde hatt Norgespris hele \u00e5ret. Det er en av grunnene til at vi har f\u00e5tt h\u00f8re fra ekspertene at Norgespris neppe vil l\u00f8nne seg i Midt-Norge \u2013 og at bare \u00e9n prosent av Neas-kundene hadde tegnet Norgesprisavtale i desember.<\/p>\n<p>Med str\u00f8mst\u00f8tten som sikkerhet skulle man tro at det fortsatt er st\u00f8rre muligheter for en lavere \u00e5rsregning med variabel str\u00f8mpris enn risiko for tap.<\/p>\n<p>Eller?<\/p>\n<p><b>N\u00e5 er det noen tegn som peker i en annen retning.<\/b><\/p>\n<p>Vi er nettopp ferdig med en relativt mild desember. Likevel \u00f8kte prisen fra 28 \u00f8re i 2024 til 73 \u00f8re i 2025, en \u00f8kning p\u00e5 260 prosent. De to m\u00e5nedene hvor Norgespris var tilgjengelig f\u00f8r dette, viste samme tendens. I oktober \u00f8kte kWh-prisen fra 20 til 36 \u00f8re (80 prosent) og i en kald november fra 20 til 68 \u00f8re (340 prosent).<\/p>\n<p>De prosentvis skyh\u00f8ye pris\u00f8kningene skyldes ikke spesielt h\u00f8ye kWh-priser, men viser f\u00f8rst og fremst at utgangspunktet for l\u00f8nnsomhetsberegningene er sjeldent billige \u00e5r for str\u00f8mforbrukerne p\u00e5 Nordm\u00f8re, med relativt milde vintre og varme somre.<\/p>\n<p>Hva med \u00e5 sammenlikne med 2023? Det \u00e5ret hadde v\u00e5r husstand et h\u00f8yere str\u00f8mforbruk enn vanlig p\u00e5 grunn av kalde vinterm\u00e5neder. Det \u00e5ret ville vi tapt nesten 4.000 kroner p\u00e5 ikke \u00e5 tegne Norgespris, hvis tilbudet hadde eksistert.<\/p>\n<p>Ekspertene har flere forklaringer p\u00e5 pris\u00f8kningene vi har sett siden i h\u00f8st.<\/p>\n<ul>\n<li>God tilgang p\u00e5 variabel vindkraftkapasitet har historisk holdt prisene nede i Midt-Norge.<\/li>\n<li>Stabilt kaldt v\u00e6r gir mindre vind.<\/li>\n<li>Deler av 2024 og 2025 var preget av til dels rekordfulle vannmagasiner, som reduserte den s\u00e5kalte vannverdien og dro prisforventningene ned. Med kulde og relativt lite nedb\u00f8r tappes de raskere ned mot normalen.<\/li>\n<li>Vi har ogs\u00e5 f\u00e5tt en ny kabel mellom oss og Vestlandet, som bidrar til \u00e5 utjevne prisforskjeller mellom de to prisomr\u00e5dene. Analyseselskapet Volue har kalkulert den langsiktige effekten p\u00e5 prisene til en \u00f8kning p\u00e5 20\u201325 \u00f8re pr. kWh i Midt-Norge.<\/li>\n<\/ul>\n<p><b>Les ogs\u00e5:<\/b> <a href=\"https:\/\/www.nettavisen.no\/norsk-debatt\/hoye-strompriser-ingen-hjelp-for-arbeidsplassene\/s\/5-95-2808746\" rel=\"Follow nofollow noopener\" target=\"_blank\">Jobben din taper p\u00e5 de h\u00f8ye str\u00f8mprisene <\/a><\/p>\n<p>\u00c5 sp\u00e5 str\u00f8mprisen er som \u00e5 sp\u00e5 renten, selv ekspertene tar feil fordi forutsetningene stadig endrer seg. Ved inngangen til \u00e5ret opererte for eksempel Nasdaq-b\u00f8rsen med en snittpris p\u00e5 53 \u00f8re inkludert moms for Midt-Norge i 2026.<\/p>\n<p>Sp\u00f8rsm\u00e5let man b\u00f8r stille seg er derfor hva man er villig til \u00e5 risikere. Det sentrale \u00e5 ta rede p\u00e5 her, er fordelingen av ditt str\u00f8mforbruk gjennom \u00e5ret. Kan du dekke inn det du betaler \u00abfor mye\u00bb n\u00e5 med lavere priser enn 50 \u00f8re til sommeren? Her har jeg personlig noen aha-opplevelser \u00e5 dele.<\/p>\n<p>I 2025 ble nemlig 12.000 av v\u00e5re 25.000 kilowattimer forbrukt i de fire kaldeste m\u00e5nedene desember, januar, februar og mars. Str\u00f8mst\u00f8tten i 2026 sl\u00e5r inn f\u00f8rst ved 93,75 \u00f8re inkludert moms. Tenker vi oss et worst case med denne snittprisen etter str\u00f8mst\u00f8tte i de fire kaldeste m\u00e5nedene, vil det alene koste oss 11.250 kroner, alts\u00e5 flere tusen kroner mer enn vi betalte i hele 2025. Da har jeg vel \u00e5 merke lagt til grunn at str\u00f8mforbruket ikke vil \u00f8ke.<\/p>\n<p><b>Da kommer den f\u00f8rste a-ha-opplevelsen: Da kan snittprisen for de \u00e5tte andre m\u00e5nedene i s\u00e5 fall ikke overstige 9,6 \u00f8re pr. kWh hvis jeg ikke skal g\u00e5 i tap.<\/b><\/p>\n<p>Det er selvsagt \u00f8nsketenkning. Ender snittet for resten av \u00e5ret p\u00e5 for eksempel mer realistiske 35 \u00f8re, g\u00e5r vi p\u00e5 et tap p\u00e5 ca. 3.300 kroner ved \u00e5 ikke tegne Norgesprisavtale.<\/p>\n<p>Jada, dette er skrekkcaset, men denne mandagen er prisen etter str\u00f8mst\u00f8tte oppe i 120 \u00f8re, og man skal alts\u00e5 ikke lenger tilbake enn til 2023 for \u00e5 finne en faktisk snittpris p\u00e5 ca. 80 \u00f8re for alle de fire vinterm\u00e5nedene.<\/p>\n<p>Hva om vinterprisen for eksempel blir 73 \u00f8re etter fratrekk av str\u00f8mst\u00f8tte? Vel, da m\u00e5 vi i snitt under 35 \u00f8re i de andre \u00e5tte m\u00e5nedene for ikke \u00e5 g\u00e5 ut i tap sammenliknet med Norgespris.<\/p>\n<p>Prisene pleier da \u00e5 v\u00e6re mye lavere enn dette om sommeren, argumenterer du? Vel, her kommer min a-ha-opplevelse nummer to:<\/p>\n<p><b>En str\u00f8mpris p\u00e5 73 \u00f8re b\u00e5de i januar, februar og mars gir v\u00e5r husstand en merkostnad p\u00e5 ca. 2.000 kroner sammenliknet med Norgespris. Skal vi hente inn det tapet i de tre sommerm\u00e5nedene med lavest forbruk, m\u00e5 str\u00f8mprisen falle til 4 \u00f8re i snitt.<\/b><\/p>\n<p>Det er ikke bare \u00f8nsketenkning, det er utopi.<\/p>\n<p>Man trenger ikke fem i matte for \u00e5 gj\u00f8re sin egen sammenlikning. De historiske prisene kan du for eksempel finne <a rel=\"Follow nofollow noopener\" href=\"https:\/\/www.fjordkraft.no\/strom\/strompriser\/historiske-strompriser\/\" target=\"_blank\">her<\/a>, mens du p\u00e5 <a rel=\"Follow nofollow noopener\" href=\"https:\/\/elhub.no\/\" target=\"_blank\">elhub.no<\/a> kan finne forbruket ditt (innlogging med bank-id). Det holder \u00e5 sette opp et regnestykke med dine vanligste forbruk m\u00e5ned for m\u00e5ned og s\u00e5 multiplisere med en ansl\u00e5tt str\u00f8mpris etter str\u00f8mst\u00f8tte som faller gradvis fram mot sommeren og \u00f8ker gradvis igjen mot vinteren.<\/p>\n<p>P\u00e5slag til str\u00f8mselskapet kan du holde utenfor, da det er likt for begge alternativer. Da kan du i det minste f\u00e5 en f\u00f8ling med mulig risiko og gevinst med \u00e5 fortsette \u00e5 droppe Norgespris.<\/p>\n<p><b>Her er det en viktig rammebetingelse \u00e5 v\u00e6re klar over:<\/b><\/p>\n<p>Tegner du Norgespris, er det for sent \u00e5 angre om prisene senere g\u00e5r til bunns. Du er bundet til 50 \u00f8re ut \u00e5ret. Men venter du til du f\u00e5r fasiten, kan det ogs\u00e5 v\u00e6re for sent, fordi de st\u00f8rste regningene faktureres n\u00e5 i vinter.<\/p>\n<p>Regner du risikoen til \u00e5 leve med, kan konklusjonen v\u00e6re \u00e5 fortsette med flytende markedspris og i stedet h\u00e5pe p\u00e5 gevinst, slik de fleste av oss gj\u00f8r n\u00e5r vi forkaster et fastrentetilbud. Til forskjell for fastrente er imidlertid ikke Norgespris motivert av et kalkulert \u00f8nske om \u00e5 tjene penger p\u00e5 oss. For Neas og andre str\u00f8mleverand\u00f8rer spiller det ingen rolle hva du velger.<\/p>\n<p>Norgespris var et grep fra en utskjelt Ap-regjering for \u00e5 bli gjenvalgt. Det du betaler \u00abfor mye\u00bb for en Norgespris-avtale havner i statskassa, men netto er ordningen ansl\u00e5tt \u00e5 koste staten atskillige milliarder kroner over statsbudsjettet.<\/p>\n<p><b>Jeg skal ikke si hva jeg har landet p\u00e5, da dette er en vurdering som hver enkelt m\u00e5 gj\u00f8re ut fra sin \u00f8konomi og sitt forbruk. Men det er uansett gratis \u00e5 finne fram kalkulatoren i kulda.<\/b><\/p>\n","protected":false},"excerpt":{"rendered":"(Tidens Krav): Vi nordmenn vurderer sjelden fastrente p\u00e5 boligl\u00e5net. Vi regner med at det er det bare banken&hellip;\n","protected":false},"author":2,"featured_media":132052,"comment_status":"","ping_status":"","sticky":false,"template":"","format":"standard","meta":{"footnotes":""},"categories":[5],"tags":[20,21,24,25,15,19,22,23,17,18,13,30,28,29,14,16,26,27],"class_list":{"0":"post-132051","1":"post","2":"type-post","3":"status-publish","4":"format-standard","5":"has-post-thumbnail","7":"category-overskrifter","8":"tag-breaking-news","9":"tag-breakingnews","10":"tag-featured-news","11":"tag-featurednews","12":"tag-headlines","13":"tag-hovedoppslag","14":"tag-latest-news","15":"tag-latestnews","16":"tag-main-news","17":"tag-mainnews","18":"tag-news","19":"tag-no","20":"tag-norge","21":"tag-norway","22":"tag-nyheter","23":"tag-overskrifter","24":"tag-top-stories","25":"tag-topstories"},"share_on_mastodon":{"url":"https:\/\/pubeurope.com\/@no\/115859474530434073","error":""},"_links":{"self":[{"href":"https:\/\/www.europesays.com\/no\/wp-json\/wp\/v2\/posts\/132051","targetHints":{"allow":["GET"]}}],"collection":[{"href":"https:\/\/www.europesays.com\/no\/wp-json\/wp\/v2\/posts"}],"about":[{"href":"https:\/\/www.europesays.com\/no\/wp-json\/wp\/v2\/types\/post"}],"author":[{"embeddable":true,"href":"https:\/\/www.europesays.com\/no\/wp-json\/wp\/v2\/users\/2"}],"replies":[{"embeddable":true,"href":"https:\/\/www.europesays.com\/no\/wp-json\/wp\/v2\/comments?post=132051"}],"version-history":[{"count":0,"href":"https:\/\/www.europesays.com\/no\/wp-json\/wp\/v2\/posts\/132051\/revisions"}],"wp:featuredmedia":[{"embeddable":true,"href":"https:\/\/www.europesays.com\/no\/wp-json\/wp\/v2\/media\/132052"}],"wp:attachment":[{"href":"https:\/\/www.europesays.com\/no\/wp-json\/wp\/v2\/media?parent=132051"}],"wp:term":[{"taxonomy":"category","embeddable":true,"href":"https:\/\/www.europesays.com\/no\/wp-json\/wp\/v2\/categories?post=132051"},{"taxonomy":"post_tag","embeddable":true,"href":"https:\/\/www.europesays.com\/no\/wp-json\/wp\/v2\/tags?post=132051"}],"curies":[{"name":"wp","href":"https:\/\/api.w.org\/{rel}","templated":true}]}}