{"id":132053,"date":"2026-01-08T12:28:08","date_gmt":"2026-01-08T12:28:08","guid":{"rendered":"https:\/\/www.europesays.com\/no\/132053\/"},"modified":"2026-01-08T12:28:08","modified_gmt":"2026-01-08T12:28:08","slug":"festival-avbooker-ai-band","status":"publish","type":"post","link":"https:\/\/www.europesays.com\/no\/132053\/","title":{"rendered":"Festival avbooker AI-band"},"content":{"rendered":"\n<p class=\"_lead_o9xde_2 _lead_xtcu6_50 layout-component text-serif-m layout-normal text-serif-l layout-component layout-wide layout-padded _wide_17hqh_1 layout-padded\">Countryfestivalen i Skj\u00e5k trekker tilbake bookingen av Vestavind.<\/p>\n<p><img alt=\"Bandet har nesten 1,5 millioner lyttinger p\u00e5 l\u00e5ten \u00abLigga\u00bb. Foto: Thomas Andreassen \/ VG\" class=\"_image_qp4xg_65 layout-component layout-wide\" data-fullscreen- data-track-element-type=\"Article image fullscreen\" data-track-name=\"ImageFullscreen\" fetchpriority=\"high\" decoding=\"sync\" loading=\"eager\" height=\"2996\" itemprop=\"image\"  src=\"https:\/\/www.europesays.com\/no\/wp-content\/uploads\/2026\/01\/82a82e8e-b2ce-42dd-893e-360b03160f60.png\"  style=\"object-position:0% 0%\" width=\"3995\"\/>Bandet har nesten 1,5 millioner lyttinger p\u00e5 l\u00e5ten \u00abLigga\u00bb. Foto: Thomas Andreassen \/ VG<\/p>\n<ul aria-hidden=\"true\" class=\"_images_ntbth_112\">\n<li><a class=\"_link_ntbth_117\" href=\"https:\/\/www.vg.no\/forfatter\/bastian-lunde-hvitmyhr\" style=\"z-index:1\" title=\"Bastian Lunde Hvitmyhr\" rel=\"nofollow noopener\" target=\"_blank\"><img alt=\"Bilde av Bastian Lunde Hvitmyhr\" class=\"_image_ntbth_93\" fetchpriority=\"low\" loading=\"lazy\" decoding=\"async\" itemprop=\"image\"  src=\"https:\/\/www.europesays.com\/no\/wp-content\/uploads\/2026\/01\/150baf2c-85af-47f9-b506-d8189e6820a4.jpeg\"  width=\"480\"\/><\/a><\/li>\n<\/ul>\n<p> Oppdatert torsdag 8. januar kl. 13:02    <\/p>\n<ul class=\"_list_o9xde_3 _list_64s2r_85 _unordered_o9xde_106 text-sans-m\">\n<li class=\"_item_o9xde_30\">Countryfestivalen Skj\u00e5k avlyser bookingen av bandet Vestavind etter kraftige reaksjoner.<\/li>\n<li class=\"_item_o9xde_30\">Vestavind lager musikk ved hjelp av kunstig intelligens.<\/li>\n<li class=\"_item_o9xde_30\">Festivalen beklager og f\u00e5r positive tilbakemeldinger fra gjester og artister.<\/li>\n<\/ul>\n<p>Vis mer <\/p>\n<p class=\"_paragraph_o9xde_4 _paragraph_xtcu6_10 layout-component text-serif-m layout-normal text-serif-m layout-padded\">Bandet Vestavind, som lager musikk ved hjelp av kunstig intelligens, har f\u00e5tt sin f\u00f8rste avbooking. <\/p>\n<p class=\"_paragraph_o9xde_4 _paragraph_xtcu6_10 layout-component text-serif-m layout-normal text-serif-m layout-padded\">Countryfestivalen i <a href=\"https:\/\/www.vg.no\/tag\/skjaak?utm_source=vg-article&amp;utm_medium=auto-tagger&amp;utm_campaign=oEp01K\" class=\"_link_o9xde_39\" rel=\"nofollow noopener\" target=\"_blank\">Skj\u00e5k<\/a> trekker tilbake bookingen etter kraftige reaksjoner.<\/p>\n<p class=\"_paragraph_o9xde_4 _paragraph_xtcu6_10 layout-component text-serif-m layout-normal text-serif-m layout-padded\">\u2013 Vi beklager, skriver festivalen p\u00e5<a href=\"https:\/\/www.facebook.com\/countryfestivalskjaak\/posts\/pfbid0NeJRaEw99GxcawtLdLbGBMn72M8z9dvpxrG3yLFzrhZ4KFrfmAsXBFwBMxV6Uzmzl\" class=\"_link_o9xde_39\" rel=\"nofollow noopener\" target=\"_blank\"> Facebook denne uken.<\/a><\/p>\n<p class=\"_paragraph_o9xde_4 _paragraph_xtcu6_10 layout-component text-serif-m layout-normal text-serif-m layout-padded\">Lena Jenny Melby, daglig leder for Countryfestivalen Skj\u00e5k, forteller til VG at de har f\u00e5tt positive tilbakemeldinger fra b\u00e5de gjester og artister etter avgj\u00f8relsen. <\/p>\n<p class=\"_paragraph_o9xde_4 _paragraph_xtcu6_10 layout-component text-serif-m layout-normal text-serif-m layout-padded\">Bandet var egentlig annonsert til \u00e5 opptre sommeren 2026.<\/p>\n<p class=\"_paragraph_o9xde_4 _paragraph_xtcu6_10 layout-component text-serif-m layout-normal text-serif-m layout-padded\">\u2013 Vi f\u00f8ler at vi f\u00e5r god st\u00f8tte i avgj\u00f8relsen v\u00e5r, og tenker at det var det eneste riktige \u00e5 gj\u00f8re, skriver hun i en e-post til VG.<\/p>\n<p class=\"_paragraph_o9xde_4 _paragraph_xtcu6_10 layout-component text-serif-m layout-normal text-serif-m layout-padded\"><a href=\"https:\/\/www.nrk.no\/innlandet\/festival-avslutter-samarbeid-med-_ki-band_-etter-kritikk-1.17716489\" class=\"_link_o9xde_39\" rel=\"nofollow noopener\" target=\"_blank\">NRK<\/a> omtalte avbookingen f\u00f8rst.<\/p>\n<p class=\"_paragraph_o9xde_4 _paragraph_xtcu6_10 layout-component text-serif-m layout-normal text-serif-m layout-padded\"><strong class=\"_strong_o9xde_25\">Vestavind ble kjent i fjor sommer da hobbymusiker Ole Morten Simonsen brukte appen Suno til \u00e5 lage sangen \u00abLigga\u00bb, skrev \u00a0<a href=\"https:\/\/www.nrk.no\/kultur\/_ki-band_-booket-til-flere-festivaler_-_-stjeler-plassen-til-de-som-lager-musikk-selv-1.17711565\" class=\"_link_o9xde_39\" rel=\"nofollow noopener\" target=\"_blank\">NRK p\u00e5 mandag<\/a>.<\/strong><\/p>\n<p><img alt=\"\" class=\"_image_qp4xg_65 layout-component layout-normal\" data-fullscreen- data-track-element-type=\"Article image fullscreen\" data-track-name=\"ImageFullscreen\" decoding=\"async\" loading=\"lazy\" height=\"716\" itemprop=\"image\"  src=\"https:\/\/www.europesays.com\/no\/wp-content\/uploads\/2026\/01\/28aeed58-4047-426a-ac78-c95df2c41d9e.png\"  style=\"object-position:0% 0%\" width=\"1085\"\/><\/p>\n<p class=\"_paragraph_o9xde_4 _paragraph_xtcu6_10 layout-component text-serif-m layout-normal text-serif-m layout-padded\">Etter stor suksess med str\u00f8mming fikk Simonsen flere festivalforesp\u00f8rsler og samlet et ekte band for \u00e5 spille de AI-skapte sangene har laget for et publikum.<\/p>\n<p class=\"_paragraph_o9xde_4 _paragraph_xtcu6_10 layout-component text-serif-m layout-normal text-serif-m layout-padded\">Etter NRKs sak, har det n\u00e5 kommet en avlysning.<\/p>\n<p class=\"_paragraph_o9xde_4 _paragraph_xtcu6_10 layout-component text-serif-m layout-normal text-serif-m layout-padded\"><strong class=\"_strong_o9xde_25\">\u2013 Vi var ikke klar over at det aktuelle bandet var AI-produsert n\u00e5r vi booket dem, skriver festivalen.<\/strong><\/p>\n<p class=\"_paragraph_o9xde_4 _paragraph_xtcu6_10 layout-component text-serif-m layout-normal text-serif-m layout-padded\">De legger til:<\/p>\n<p class=\"_paragraph_o9xde_4 _paragraph_xtcu6_10 layout-component text-serif-m layout-normal text-serif-m layout-padded\">\u2013 Dere skal vite at vi p\u00e5 ingen m\u00e5te st\u00f8tter den slags musikktype, og vi lover \u00e5 v\u00e6re enda mer p\u00e5passelige med \u00e5 sjekke ut musikken heretter!<\/p>\n<p class=\"_paragraph_o9xde_4 _paragraph_xtcu6_10 layout-component text-serif-m layout-normal text-serif-m layout-padded\">Melby forteller til VG at de s\u00e5 langt ikke har f\u00e5tt noen reaksjoner fra bandet, og at det i fremtiden kan bli en utfordring for flere \u00e5 skille \u00abvanlige\u00bb band fra AI-musikk.<\/p>\n<p class=\"_paragraph_o9xde_4 _paragraph_xtcu6_10 layout-component text-serif-m layout-normal text-serif-m layout-padded\">\u2013 Vi har hvertfall l\u00e6rt \u00e5 sjekke opp grundigere, og vi er n\u00e5 en erfaring rikere.<\/p>\n<p class=\"_paragraph_o9xde_4 _paragraph_xtcu6_10 layout-component text-serif-m layout-normal text-serif-m layout-padded\">VG har pr\u00f8vd \u00e5 komme i kontakt med Simonsen, bak AI-bandet.<\/p>\n<p>Les hele meldingen fra festivalen<\/p>\n<p class=\"_paragraph_o9xde_4 _paragraph_xtcu6_10 _paragraph_16v91_10 layout-component text-serif-m layout-normal text-sans-m layout-padded\">Det er n\u00e5 en del mediastorm rundt et band vi valgte \u00e5 booke til v\u00e5r festival. Vi \u00f8nsker derfor \u00e5 komme med en uttalelse om dette.  <\/p>\n<p class=\"_paragraph_o9xde_4 _paragraph_xtcu6_10 _paragraph_16v91_10 layout-component text-serif-m layout-normal text-sans-m layout-padded\">Vi var ikke klar over at det aktuelle bandet var KI-produsert n\u00e5r vi booket dem, men tidlig i desember fikk vi tips fra publikum om dette. Vi har i ettertid v\u00e6rt i dialog med bandet, og de kunne bekrefte at dette stemte, men at de n\u00e5 jobber mot \u00e5 kunne fremf\u00f8re live-musikk. Da valgte vi \u00e5 sette dem p\u00e5 pause til ting var avklart og til vi fikk gjort en vurdering av saken. Vi skj\u00f8nner n\u00e5 at dette var feil, og at samarbeidet skulle blitt avsluttet her, da denne typen musikkproduksjon ikke samsvarer med v\u00e5re kvaliteter. Vi beklager dette p\u00e5 det sterkeste!<\/p>\n<p class=\"_paragraph_o9xde_4 _paragraph_xtcu6_10 _paragraph_16v91_10 layout-component text-serif-m layout-normal text-sans-m layout-padded\">For oss var dette bandet et nytt og spennende band som var popul\u00e6re blant yngre publikummere. P\u00e5 v\u00e5r festival \u00f8nsker vi at musikken skal appellere til alle aldersgrupper, og vi pr\u00f8ver derfor \u00e5 booke forskjellige band\/artister som n\u00e5r ut til alle.  <\/p>\n<p class=\"_paragraph_o9xde_4 _paragraph_xtcu6_10 _paragraph_16v91_10 layout-component text-serif-m layout-normal text-sans-m layout-padded\">N\u00e5r vi n\u00e5 ser tilbakemeldinger fra b\u00e5de publikummere og artister, er det klart for oss hva vi b\u00f8r gj\u00f8re. Vi har i alle \u00e5r v\u00e6rt opptatt av at v\u00e5r festival skal inneholde bra musikk med god kvalitet og flinke band\/artister, og dette \u00f8nsker vi \u00e5 fortsette med.  Vi har stor respekt for arbeidet som ligger bak hver en l\u00e5t og melodi, og \u00f8nsker ikke \u00e5 bidra til at KI-produserte l\u00e5ter tar over i musikkbransjen.  Derfor har vi valgt \u00e5 avbryte v\u00e5rt fullstendige samarbeid med bandet. <\/p>\n<p class=\"_paragraph_o9xde_4 _paragraph_xtcu6_10 _paragraph_16v91_10 layout-component text-serif-m layout-normal text-sans-m layout-padded\">Vi vil med dette beklage til alle som f\u00f8ler seg ber\u00f8rte av dette. Dere skal vite at vi p\u00e5 ingen m\u00e5te st\u00f8tter den slags musikktype, og vi lover \u00e5 v\u00e6re enda mer p\u00e5passelige med \u00e5 sjekke ut musikken heretter!<\/p>\n<p class=\"_paragraph_o9xde_4 _paragraph_xtcu6_10 _paragraph_16v91_10 layout-component text-serif-m layout-normal text-sans-m layout-padded\">Igjen, vi beklager p\u00e5 det sterkeste!<\/p>\n<p class=\"_paragraph_o9xde_4 _paragraph_xtcu6_10 _paragraph_16v91_10 layout-component text-serif-m layout-normal text-sans-m layout-padded\">Mvh<\/p>\n<p class=\"_paragraph_o9xde_4 _paragraph_xtcu6_10 _paragraph_16v91_10 layout-component text-serif-m layout-normal text-sans-m layout-padded\">Countryfestivalen Skj\u00e5k<\/p>\n<p>Vis mer<\/p>\n<p class=\"_paragraph_o9xde_4 _paragraph_xtcu6_10 layout-component text-serif-m layout-normal text-serif-m layout-padded\">Festivalen i Skj\u00e5k opplyser at de fikk tips fra publikum i desember om at bandet brukte kunstig intelligens. Etter dialog med bandet valgte de f\u00f8rst \u00e5 sette bookingen p\u00e5 pause, men har n\u00e5 avbrutt samarbeidet helt.<\/p>\n<p class=\"_paragraph_o9xde_4 _paragraph_xtcu6_10 layout-component text-serif-m layout-normal text-serif-m layout-padded\"><strong class=\"_strong_o9xde_25\">\u2013 Vi har stor respekt for arbeidet som ligger bak hver en l\u00e5t og melodi, og \u00f8nsker ikke \u00e5 bidra til at AI-produserte l\u00e5ter tar over i musikkbransjen, skriver festivalen.<\/strong><\/p>\n<p class=\"_paragraph_o9xde_4 _paragraph_xtcu6_10 layout-component text-serif-m layout-normal text-serif-m layout-padded\">VGs musikkanmelder Tor Martin B\u00f8e har tidligere kritisert at slike band \u00abstjeler plassen p\u00e5 festivalplakaten til de som lager musikken selv\u00bb i Dag og Tid.<\/p>\n<p class=\"_paragraph_o9xde_4 _paragraph_xtcu6_10 layout-component text-serif-m layout-normal text-serif-m layout-padded\">Vestavind er fortsatt booket til \u00e5 opptre p\u00e5 andre festivaler i 2026.<\/p>\n<p class=\"_paragraph_o9xde_4 _paragraph_xtcu6_10 layout-component text-serif-m layout-normal text-serif-m layout-padded\">Til <a href=\"https:\/\/www.nrk.no\/kultur\/_ki-band_-booket-til-flere-festivaler_-_-stjeler-plassen-til-de-som-lager-musikk-selv-1.17711565\" class=\"_link_o9xde_39\" rel=\"nofollow noopener\" target=\"_blank\">NRK<\/a> har Simonsen sagt at han synes det er modig gjort av festivaler \u00e5 booke dem. <\/p>\n<p class=\"_paragraph_o9xde_4 _paragraph_xtcu6_10 layout-component text-serif-m layout-normal text-serif-m layout-padded\">Han sa ogs\u00e5 at han ikke har mye erfaring med \u00e5 spille musikk selv, men forteller at han har f\u00e5tt med gode musikere til festivaljobbene.<\/p>\n<p class=\"_paragraph_o9xde_4 _paragraph_xtcu6_10 layout-component text-serif-m layout-normal text-serif-m layout-padded\">Simonsen mener selv at KI-musikk snart b\u00f8r reguleres p\u00e5 vis.<\/p>\n<p class=\"_paragraph_o9xde_4 _paragraph_xtcu6_10 layout-component text-serif-m layout-normal text-serif-m layout-padded\">\u2013 Jeg tror det kommer noen regler for det. Men jeg tror ogs\u00e5 mange artister allerede bruker mye kunstig intelligens, uten \u00e5 fortelle om det, sier han til NRK. <\/p>\n","protected":false},"excerpt":{"rendered":"Countryfestivalen i Skj\u00e5k trekker tilbake bookingen av Vestavind. Bandet har nesten 1,5 millioner lyttinger p\u00e5 l\u00e5ten \u00abLigga\u00bb. Foto:&hellip;\n","protected":false},"author":2,"featured_media":132054,"comment_status":"","ping_status":"","sticky":false,"template":"","format":"standard","meta":{"footnotes":""},"categories":[58],"tags":[15281,71,30,28,29,1432,72],"class_list":{"0":"post-132053","1":"post","2":"type-post","3":"status-publish","4":"format-standard","5":"has-post-thumbnail","7":"category-underholdning","8":"tag-countryfestivalen-skjak","9":"tag-entertainment","10":"tag-no","11":"tag-norge","12":"tag-norway","13":"tag-skjak","14":"tag-underholdning"},"share_on_mastodon":{"url":"https:\/\/pubeurope.com\/@no\/115859482500128756","error":""},"_links":{"self":[{"href":"https:\/\/www.europesays.com\/no\/wp-json\/wp\/v2\/posts\/132053","targetHints":{"allow":["GET"]}}],"collection":[{"href":"https:\/\/www.europesays.com\/no\/wp-json\/wp\/v2\/posts"}],"about":[{"href":"https:\/\/www.europesays.com\/no\/wp-json\/wp\/v2\/types\/post"}],"author":[{"embeddable":true,"href":"https:\/\/www.europesays.com\/no\/wp-json\/wp\/v2\/users\/2"}],"replies":[{"embeddable":true,"href":"https:\/\/www.europesays.com\/no\/wp-json\/wp\/v2\/comments?post=132053"}],"version-history":[{"count":0,"href":"https:\/\/www.europesays.com\/no\/wp-json\/wp\/v2\/posts\/132053\/revisions"}],"wp:featuredmedia":[{"embeddable":true,"href":"https:\/\/www.europesays.com\/no\/wp-json\/wp\/v2\/media\/132054"}],"wp:attachment":[{"href":"https:\/\/www.europesays.com\/no\/wp-json\/wp\/v2\/media?parent=132053"}],"wp:term":[{"taxonomy":"category","embeddable":true,"href":"https:\/\/www.europesays.com\/no\/wp-json\/wp\/v2\/categories?post=132053"},{"taxonomy":"post_tag","embeddable":true,"href":"https:\/\/www.europesays.com\/no\/wp-json\/wp\/v2\/tags?post=132053"}],"curies":[{"name":"wp","href":"https:\/\/api.w.org\/{rel}","templated":true}]}}