{"id":132057,"date":"2026-01-08T12:31:12","date_gmt":"2026-01-08T12:31:12","guid":{"rendered":"https:\/\/www.europesays.com\/no\/132057\/"},"modified":"2026-01-08T12:31:12","modified_gmt":"2026-01-08T12:31:12","slug":"trump-om-ice-drapet-helt-forferdelig","status":"publish","type":"post","link":"https:\/\/www.europesays.com\/no\/132057\/","title":{"rendered":"Trump om ICE-drapet: &#8211; Helt forferdelig"},"content":{"rendered":"<p class=\"kicker \" style=\"\">Verden skjelver:<\/p>\n<p>    Sjansen for at USA annekterer Gr\u00f8nland er til stede. Norge og verden m\u00e5 ta Donald Trump p\u00e5 alvor, mener FFI-sjefsforsker Bj\u00f8rn Olav Knutsen.<\/p>\n<p>\n    GJ\u00d8R SOM HAN VIL: USAs president Donald Trump slutter ikke \u00e5 overraske. P\u00e5 under ett \u00e5r med ham som president, har verden blitt et langt farligere sted. Foto: Evan Vucci \/ Ap \/ NTB\n  <\/p>\n<p>Snart ett \u00e5r er g\u00e5tt siden Donald Trump startet sin andre periode som USAs president. Allerede er verden et annet, langt farligere sted.<\/p>\n<p>&#8211; Det er store forskjeller p\u00e5 Trump 1 og Trump 2. Han er bedre forberedt, er mer ideologisk &#8211; og\u00a0tar avstand fra en liberal verdensorden. Jeg er m\u00e5ll\u00f8s &#8211; og hadde ikke sett for meg Gr\u00f8nland,\u00a0sier sjefsforsker <a href=\"https:\/\/www.ffi.no\/forskning\/forskere\/bjorn-olav-knutsen\" rel=\"nofollow noopener\" target=\"_blank\">Bj\u00f8rn Olav Knutsen<\/a> i FFI, til Dagbladet.<\/p>\n<p>    <a itemprop=\"url\" href=\"https:\/\/www.dagbladet.no\/nyheter\/nye-gronland-utspill\/84064250\" rel=\"nofollow noopener\" target=\"_blank\"><\/p>\n<p>        <img loading=\"lazy\" decoding=\"async\" src=\"https:\/\/www.europesays.com\/no\/wp-content\/uploads\/2026\/01\/84064296.webp.webp\" width=\"147\" height=\"98\" title=\"Nye Gr\u00f8nland-utspill\" alt=\"\" class=\"lazyload\" style=\"--aspect-ratio-image: 1.50; \"\/><\/p>\n<p>        Nye Gr\u00f8nland-utspill<\/p>\n<p>    <\/a><\/p>\n<p>&#8211; Trump p\u00e5 alvor<\/p>\n<p>I flere ti\u00e5r, siden 1993, har Knutsen forsket p\u00e5 europeisk og transatlantisk sikkerhetspolitikk ved Forsvarets forskningsinstitutt (FFI).\u00a0<\/p>\n<p>Verden av i g\u00e5r er over.<\/p>\n<p>        Det virket som om USAs forsvarsminister Pete Hegseth fikk nok da dette sp\u00f8rsm\u00e5let kom onsdag 7. januar. Reporter: Marte Nyl\u00f8kken Helseth. <\/p>\n<p>&#8211; En grunnleggende forutsetning for det transatlantiske samarbeidet, er at statene anerkjenner hverandres statsgrenser. N\u00e5r Donald Trump utfordrer disse, henger den europeiske sikkerhetspolitikken i l\u00f8se lufta, sier Knutsen.<\/p>\n<p>Han viser til Trump-administrasjonens nasjonale sikkerhetsstrategi, som ble lagt fram i desember i fjor.\u00a0<\/p>\n<p>&#8211; Jeg er ikke sikker p\u00e5 om Trump har lest sin egen sikkerhetsstrategi, men det er ingen tvil om at han er opptatt av at han skal ha kontroll over hele det amerikanske kontinentet.\u00a0<\/p>\n<p>        <img loading=\"lazy\" decoding=\"async\" itemprop=\"image\" src=\"https:\/\/www.europesays.com\/no\/wp-content\/uploads\/2026\/01\/84068540.webp.webp\" width=\"180\" height=\"180\" alt=\"Bj\u00f8rn Olav Knutsen\"\/><\/p>\n<p>            Bj\u00f8rn Olav Knutsen<br \/>\n            Bj\u00f8rn Olav<br \/>\n            Knutsen        <\/p>\n<p>Sjefsforsker FFI<\/p>\n<p>Og at Trump mener at Gr\u00f8nland er en del av det amerikanske kontinentet.<\/p>\n<p>&#8211; N\u00e5 m\u00e5 vi ta Trump p\u00e5 alvor. Ingen kan si at ting g\u00e5r seg til, for n\u00e5 er det mye som ikke g\u00e5r i det hele tatt, sier FFI-forskeren.<\/p>\n<p class=\"italic m-italic\" data-lab-italic=\"italic\">&#8211; S\u00e5 du tror USA vil ta over Gr\u00f8nland da?\u00a0<\/p>\n<p class=\"font-weight-bold m-font-weight-bold\" data-lab-font_weight=\"font-weight-bold\">&#8211; Sjansen er st\u00f8rre enn null, og n\u00e5 m\u00e5 vi snakke om ulike type scenarier. Vi m\u00e5 v\u00e6re forberedt p\u00e5 at det verste kan skje. Det er hva forsvarsplanlegging g\u00e5r ut p\u00e5, sier Knutsen.<\/p>\n<p>        <img loading=\"lazy\" decoding=\"async\" src=\"https:\/\/www.europesays.com\/no\/wp-content\/uploads\/2026\/01\/84067913.webp.webp\" width=\"980\" height=\"559\" title=\"UROLIG VERDEN: Ett \u00e5r med Donald Trump som president i USA har gjort verden til et mer ustabilt sted. N\u00e5 vil statsminister Jonas Gahr St\u00f8re redegj\u00f8re for den sikkerhetspolitiske situasjonen. Her fra NHOs \u00e5rskonferanse onsdag. Foto: NTB\" alt=\"\" class=\"\" style=\"--aspect-ratio-image: 1.75; \"\/><\/p>\n<p>\n        UROLIG VERDEN: Ett \u00e5r med Donald Trump som president i USA har gjort verden til et mer ustabilt sted. N\u00e5 vil statsminister Jonas Gahr St\u00f8re redegj\u00f8re for den sikkerhetspolitiske situasjonen. Her fra NHOs \u00e5rskonferanse onsdag. Foto: NTB\n    <\/p>\n<p>&#8211; Stormakt-spill<\/p>\n<p>FFI-forskeren hadde st\u00e5lsatt seg for en mer urolig verden med Trump 2.0. Men ting har allerede blitt enda verre.<\/p>\n<p>&#8211; Ringvirkningene som Trumps politikk har, gir en mer og mer bipolar verden med Kina og USA som de store, dominerende maktene &#8211; mens Europa st\u00e5r alene i sikkerhetspolitikken, sier Knutsen.<\/p>\n<p>Han fortsetter:<\/p>\n<p class=\"font-weight-bold m-font-weight-bold\" data-lab-font_weight=\"font-weight-bold\">&#8211; Du kan tenke deg ulike scenarier og v\u00e5re egne s\u00e5rbarheter. Om Trump tar Gr\u00f8nland, vil det v\u00e6re som Putin i 2014, da russerne tok Krim. Og kan igjen f\u00f8re til at Kina tar Taiwan. Vi begynner \u00e5 se hvilke globale konsekvenser en politikk fra Trump medf\u00f8rer, sier Knutsen.<\/p>\n<p>I et\u00a0<a href=\"https:\/\/www.dn.no\/politikk\/forsker-frykter-dominoeffekt-av-trumps-gronland-ambisjoner\/2-1-1923101\" rel=\"nofollow noopener\" target=\"_blank\">Dagens N\u00e6ringsliv<\/a>-intervju\u00a0viste forskeren til at en amerikansk annektering av Gr\u00f8nland ogs\u00e5 vil true Norge.\u00a0<\/p>\n<p>&#8211; Ikke bare Svalbard, men ogs\u00e5 Jan Mayen, Bj\u00f8rn\u00f8ya og Hopen. Det er klart at Norge m\u00e5 forberede seg p\u00e5 at den p\u00e5g\u00e5ende verdenssituasjonen ogs\u00e5 kan g\u00e5 ut over norsk territorial sikkerhet. Mye kan rase om USA tar Gr\u00f8nland, sier Knutsen til Dagbladet og utdyper:<\/p>\n<p class=\"font-weight-bold m-font-weight-bold\" data-lab-font_weight=\"font-weight-bold\">&#8211; Vi er i en tidsalder der stormaktene dominerer, og der Norge og Europa st\u00e5r i fare for \u00e5 bli brikker i et storpolitisk spill med USA, Kina og Russland. Med russerne i en divisjon under, sier FFI-sjefsforskeren.\u00a0<\/p>\n<p>        <img loading=\"lazy\" decoding=\"async\" src=\"https:\/\/www.europesays.com\/no\/wp-content\/uploads\/2026\/01\/84068428.webp.webp\" width=\"686\" height=\"460\" title=\"OMSTRIDT BES\u00d8K: For akkurat ett \u00e5r siden, den 7. januar 2025, bes\u00f8kte Donald Trumps s\u00f8nn, Donald Trump jr., hovedstaden Nuuk p\u00e5 Gr\u00f8nland. Foto: Emil Stach \/ AFP \/ NTB\" alt=\"\" class=\"\" style=\"--aspect-ratio-image: 1.49; \"\/><\/p>\n<p>\n        OMSTRIDT BES\u00d8K: For akkurat ett \u00e5r siden, den 7. januar 2025, bes\u00f8kte Donald Trumps s\u00f8nn, Donald Trump jr., hovedstaden Nuuk p\u00e5 Gr\u00f8nland. Foto: Emil Stach \/ AFP \/ NTB\n    <\/p>\n<p>&#8211; Ikke v\u00e6pnet konflikt<\/p>\n<p>I valgkampen lovte Donald Trump sine velgere at han skulle sette Amerika f\u00f8rst, og ikke engasjere seg milit\u00e6rt i andre stater.\u00a0<\/p>\n<p>&#8211; Kidnappingen av Maduro viser at han g\u00e5r bort fra den lovede politikken. Trump skiller seg ogs\u00e5 fra alle andre amerikanske presidenter etter den kalde krigen ved at han tar avstand fra en liberal verdensordenen, sier Knutsen.<\/p>\n<p>    <a itemprop=\"url\" href=\"https:\/\/www.dagbladet.no\/nyheter\/gronlenderne-er-rasende\/84068281\" rel=\"nofollow noopener\" target=\"_blank\"><\/p>\n<p>        <img loading=\"lazy\" decoding=\"async\" src=\"https:\/\/www.europesays.com\/no\/wp-content\/uploads\/2026\/01\/84068676.webp.webp\" width=\"980\" height=\"441\" title=\"- Rasende\" alt=\"\" class=\"lazyload\" style=\"--aspect-ratio-image: 2.22; \"\/><\/p>\n<p>        &#8211; Rasende<\/p>\n<p>    <\/a><\/p>\n<p>Norges sikkerhetspolitikk har gjort seg helt avhengig av Nato og et tett bilateralt samarbeid med USA.\u00a0\u00a0<\/p>\n<p>&#8211; Ingen i Europa \u00f8nsker at USA skal forlate Europa, og m\u00e5 derfor berede grunnen for \u00e5 ha et fortsatt amerikansk engasjement i Europa. Det er ingen motsetningsforhold mellom EU og USA, men EU og Norge m\u00e5 ta et langt st\u00f8rre ansvar for egen sikkerhet, sier Knutsen.<\/p>\n<p>Om EU og Norge er sterkere sikkerhetspolitisk, vil dette ogs\u00e5 \u00abgi styrkede sjanser for at Ukraina fremdeles kan v\u00e6re en suveren stat i Europa\u00bb, mener forskeren.\u00a0\u00a0<\/p>\n<p>&#8211; Og s\u00e5 m\u00e5 Norge f\u00e5 et mye tettere sikkerhetspolitisk b\u00e5nd til EU, mener Knutsen.\u00a0<\/p>\n<p>    <a itemprop=\"url\" href=\"https:\/\/www.dagbladet.no\/nyheter\/bekrefter-mote\/84068269\" rel=\"nofollow noopener\" target=\"_blank\"><\/p>\n<p>        <img loading=\"lazy\" decoding=\"async\" src=\"https:\/\/www.europesays.com\/no\/wp-content\/uploads\/2026\/01\/84012886.webp.webp\" width=\"980\" height=\"441\" title=\"Bekrefter m\u00f8te\" alt=\"\" class=\"lazyload\" style=\"--aspect-ratio-image: 2.22; \"\/><\/p>\n<p>        Bekrefter m\u00f8te<\/p>\n<p>    <\/a><\/p>\n<p>Han lar seg ikke imponere over forskere som sier at ting vil l\u00f8se seg til slutt.\u00a0<\/p>\n<p>&#8211; Det kan man ikke ta for gitt n\u00e5 som Nato-samarbeidet er i spill. Denne usikkerheten og st\u00f8yen gj\u00f8r at vi m\u00e5 begynne \u00e5 tenke p\u00e5 hvordan vi skal reorganisere samarbeidet i Europa, sier Knutsen.\u00a0<\/p>\n<p>Han ser ikke for seg at krigsskipet USS \u00abGerald R. Ford\u00bb seiler fra Venezuela til Gr\u00f8nland.<\/p>\n<p>&#8211; Jeg tror ikke det blir en v\u00e6pnet konflikt n\u00e5r det gjelder Gr\u00f8nland. Det blir ikke et Venezuela. Men alt er n\u00e5 s\u00e5 usikkert at Norge m\u00e5 legge seg oss s\u00e5 tett p\u00e5 v\u00e5re venner i Europa som mulig.<\/p>\n<p>        <img loading=\"lazy\" decoding=\"async\" src=\"https:\/\/www.europesays.com\/no\/wp-content\/uploads\/2026\/01\/84068448.webp.webp\" width=\"686\" height=\"433\" title=\"P\u00c5 BES\u00d8K: I mars i fjor dukket USAs visepresident, JD Vance, opp p\u00e5 Gr\u00f8nland. Danmark og USA skal n\u00e5 m\u00f8tes og diskutere Gr\u00f8nland. Foto: NTB\" alt=\"\" class=\"\" style=\"--aspect-ratio-image: 1.58; \"\/><\/p>\n<p>\n        P\u00c5 BES\u00d8K: I mars i fjor dukket USAs visepresident, JD Vance, opp p\u00e5 Gr\u00f8nland. Danmark og USA skal n\u00e5 m\u00f8tes og diskutere Gr\u00f8nland. Foto: NTB\n    <\/p>\n","protected":false},"excerpt":{"rendered":"Verden skjelver: Sjansen for at USA annekterer Gr\u00f8nland er til stede. Norge og verden m\u00e5 ta Donald Trump&hellip;\n","protected":false},"author":2,"featured_media":132058,"comment_status":"","ping_status":"","sticky":false,"template":"","format":"standard","meta":{"footnotes":""},"categories":[12],"tags":[20,21,24,25,15,22,23,13,30,28,29,14,16,26,27,412,42,43,44,45],"class_list":{"0":"post-132057","1":"post","2":"type-post","3":"status-publish","4":"format-standard","5":"has-post-thumbnail","7":"category-verden","8":"tag-breaking-news","9":"tag-breakingnews","10":"tag-featured-news","11":"tag-featurednews","12":"tag-headlines","13":"tag-latest-news","14":"tag-latestnews","15":"tag-news","16":"tag-no","17":"tag-norge","18":"tag-norway","19":"tag-nyheter","20":"tag-overskrifter","21":"tag-top-stories","22":"tag-topstories","23":"tag-utenriks","24":"tag-verden","25":"tag-world","26":"tag-world-news","27":"tag-worldnews"},"share_on_mastodon":{"url":"https:\/\/pubeurope.com\/@no\/115859494224254044","error":""},"_links":{"self":[{"href":"https:\/\/www.europesays.com\/no\/wp-json\/wp\/v2\/posts\/132057","targetHints":{"allow":["GET"]}}],"collection":[{"href":"https:\/\/www.europesays.com\/no\/wp-json\/wp\/v2\/posts"}],"about":[{"href":"https:\/\/www.europesays.com\/no\/wp-json\/wp\/v2\/types\/post"}],"author":[{"embeddable":true,"href":"https:\/\/www.europesays.com\/no\/wp-json\/wp\/v2\/users\/2"}],"replies":[{"embeddable":true,"href":"https:\/\/www.europesays.com\/no\/wp-json\/wp\/v2\/comments?post=132057"}],"version-history":[{"count":0,"href":"https:\/\/www.europesays.com\/no\/wp-json\/wp\/v2\/posts\/132057\/revisions"}],"wp:featuredmedia":[{"embeddable":true,"href":"https:\/\/www.europesays.com\/no\/wp-json\/wp\/v2\/media\/132058"}],"wp:attachment":[{"href":"https:\/\/www.europesays.com\/no\/wp-json\/wp\/v2\/media?parent=132057"}],"wp:term":[{"taxonomy":"category","embeddable":true,"href":"https:\/\/www.europesays.com\/no\/wp-json\/wp\/v2\/categories?post=132057"},{"taxonomy":"post_tag","embeddable":true,"href":"https:\/\/www.europesays.com\/no\/wp-json\/wp\/v2\/tags?post=132057"}],"curies":[{"name":"wp","href":"https:\/\/api.w.org\/{rel}","templated":true}]}}